{"id":488727,"date":"2025-10-25T09:13:18","date_gmt":"2025-10-25T09:13:18","guid":{"rendered":"https:\/\/www.europesays.com\/fr\/488727\/"},"modified":"2025-10-25T09:13:18","modified_gmt":"2025-10-25T09:13:18","slug":"javier-milei-et-sa-tronconneuse-jouent-gros-aux-legislatives","status":"publish","type":"post","link":"https:\/\/www.europesays.com\/fr\/488727\/","title":{"rendered":"Javier Milei et sa tron\u00e7onneuse jouent gros aux l\u00e9gislatives"},"content":{"rendered":"<p>Deux ans apr\u00e8s son \u00e9lection-surprise, <a href=\"https:\/\/www.20minutes.fr\/monde\/javier-milei\/\" target=\"_blank\" class=\"c-link c-link--is-underlined\" rel=\"nofollow noopener\">Javier Milei<\/a> affronte ce dimanche 26\u00a0octobre un scrutin \u00e0 haut risque. Le pr\u00e9sident ultralib\u00e9ral <a href=\"https:\/\/www.20minutes.fr\/dossier\/argentine\" target=\"_blank\" class=\"c-link c-link--is-underlined\" rel=\"nofollow noopener\">argentin<\/a>, qui avait boulevers\u00e9 la sc\u00e8ne politique en\u00a02023 avec son discours \u00ab\u00a0anti-caste\u00a0\u00bb, joue sa capacit\u00e9 \u00e0 gouverner pour les deux ann\u00e9es restantes de son mandat. Dans un contexte d\u2019aust\u00e9rit\u00e9 brutale, de croissance en berne et de m\u00e9contentement social, ces l\u00e9gislatives de mi-mandat pourraient redessiner les \u00e9quilibres du Parlement.<\/p>\n<p>L\u2019enjeu est crucial\u00a0: le <a href=\"https:\/\/www.20minutes.fr\/dossier\/scrutin\" target=\"_blank\" class=\"c-link c-link--is-underlined\" rel=\"nofollow noopener\">scrutin<\/a> renouvelle la moiti\u00e9 des 257 <a href=\"https:\/\/www.20minutes.fr\/dossier\/depute\" target=\"_blank\" class=\"c-link c-link--is-underlined\" rel=\"nofollow noopener\">d\u00e9put\u00e9s<\/a> et un tiers des 72 <a href=\"https:\/\/www.20minutes.fr\/dossier\/senateur\" target=\"_blank\" class=\"c-link c-link--is-underlined\" rel=\"nofollow noopener\">s\u00e9nateurs<\/a>. Jusqu\u2019ici, La Libertad Avanza (LLA), le mouvement fond\u00e9 par Javier Milei, ne dispose que de 15\u00a0% des si\u00e8ges. Le pr\u00e9sident esp\u00e8re atteindre un tiers des voix pour imposer ses v\u00e9tos et contourner une opposition p\u00e9roniste toujours puissante. M\u00eame sans majorit\u00e9 absolue, un tel r\u00e9sultat lui offrirait une marge de man\u0153uvre in\u00e9dite\u00a0: \u00ab\u00a0Ce serait un bon chiffre\u00a0\u00bb, a-t-il estim\u00e9.<\/p>\n<p>Le p\u00e9roniste Axel Kicillof comme adversaire<\/p>\n<p>Face \u00e0 lui, le p\u00e9ronisme, us\u00e9 mais encore enracin\u00e9, tente de se r\u00e9inventer. Son espoir s\u2019incarne d\u00e9sormais dans Axel Kicillof, gouverneur de <a href=\"https:\/\/www.20minutes.fr\/dossier\/buenos_aires\" target=\"_blank\" class=\"c-link c-link--is-underlined\" rel=\"nofollow noopener\">Buenos Aires<\/a>, tandis que Cristina Kirchner, condamn\u00e9e et in\u00e9ligible, s\u2019efface. Autour, une coalition provinciale baptis\u00e9e Provinces unies cherche \u00e0 rompre la polarisation. Sur le terrain, les alliances sont mouvantes\u00a0: Javier Milei m\u00e8ne campagne seul dans certaines r\u00e9gions, alli\u00e9 ailleurs au parti lib\u00e9ral PRO, souvent favorable \u00e0 ses r\u00e9formes sans en partager le pouvoir.<\/p>\n<\/p>\n<p>L\u2019\u00e9conomie, au c\u0153ur du vote, reste l\u2019argument phare du pr\u00e9sident. Javier Milei revendique d\u2019avoir \u00ab\u00a0liquid\u00e9\u00a0\u00bb l\u2019inflation, ramen\u00e9e \u00e0 31\u00a0% sur un an, contre plus de 200\u00a0% fin\u00a02023, et d\u2019avoir r\u00e9tabli l\u2019\u00e9quilibre budg\u00e9taire pour la premi\u00e8re fois en 14 ans. Mais ce redressement a un co\u00fbt social \u00e9lev\u00e9\u00a0: plus de 200.000 emplois supprim\u00e9s, des retraites rogn\u00e9es et une activit\u00e9 \u00e9conomique en recul de 1,8\u00a0% en\u00a02024.<\/p>\n<p>\u00ab\u00a0Changer l\u2019Argentine pour de bon\u00a0\u00bb<\/p>\n<p>Le pr\u00e9sident, conscient de la d\u00e9sillusion, a tent\u00e9 d\u2019adoucir son image. Moins d\u2019invectives, davantage de gestes vers les gouverneurs provinciaux et quelques r\u00e9f\u00e9rences aux Argentins \u00ab\u00a0vuln\u00e9rables\u00a0\u00bb. Mais le ton reste celui d\u2019un tribun. En meeting \u00e0 Rosario, il a exhort\u00e9 des milliers de partisans \u00e0 \u00ab\u00a0changer l\u2019Argentine pour de bon\u00a0\u00bb\u00a0: \u00ab\u00a0Ne l\u00e2chez pas\u00a0! Nous sommes sur le bon chemin. L\u2019effort en vaut la peine\u00a0\u00bb, a-t-il lanc\u00e9, blouson de cuir sur le dos, sous une pluie de drapeaux violets du LLA. \u00ab\u00a0Au milieu de l\u2019an prochain, l\u2019inflation ne sera plus qu\u2019un mauvais souvenir\u00a0\u00bb, a-t-il promis.<\/p>\n<p><a href=\"https:\/\/www.20minutes.fr\/monde\/javier-milei\/\" target=\"_blank\" class=\"c-link c-btn c-btn--primary\" rel=\"nofollow noopener\">Tous nos articles sur Javier Milei<\/a><\/p>\n<p>Pour le politologue Gabriel Vommaro, \u00ab\u00a0le pragmatisme de Milei pourrait finir par fonctionner\u00a0\u00bb. Le pr\u00e9sident pourrait conclure des accords ponctuels pour faire passer des r\u00e9formes all\u00e9g\u00e9es et prouver qu\u2019il agit. Mais, pr\u00e9vient-il, \u00ab\u00a0une normalisation de Milei, une coalition plus large\u00a0? Pas s\u00fbr qu\u2019il le puisse, ou m\u00eame le souhaite\u00a0\u00bb. Le \u00ab\u00a0Lion\u00a0\u00bb argentin rugit encore, mais son rugissement d\u00e9cidera cette fois de sa survie politique.<\/p>\n","protected":false},"excerpt":{"rendered":"Deux ans apr\u00e8s son \u00e9lection-surprise, Javier Milei affronte ce dimanche 26\u00a0octobre un scrutin \u00e0 haut risque. Le pr\u00e9sident&hellip;\n","protected":false},"author":2,"featured_media":488728,"comment_status":"","ping_status":"","sticky":false,"template":"","format":"standard","meta":{"footnotes":""},"categories":[6],"tags":[47,6715,31488,35,33,34,5949,1011,27,5924,74],"class_list":{"0":"post-488727","1":"post","2":"type-post","3":"status-publish","4":"format-standard","5":"has-post-thumbnail","7":"category-economie","8":"tag-actualite","9":"tag-argentine","10":"tag-buenos-aires","11":"tag-business","12":"tag-economie","13":"tag-economy","14":"tag-elections","15":"tag-fr","16":"tag-france","17":"tag-javier-milei","18":"tag-monde"},"share_on_mastodon":{"url":"https:\/\/pubeurope.com\/@fr\/115434042446970236","error":""},"_links":{"self":[{"href":"https:\/\/www.europesays.com\/fr\/wp-json\/wp\/v2\/posts\/488727","targetHints":{"allow":["GET"]}}],"collection":[{"href":"https:\/\/www.europesays.com\/fr\/wp-json\/wp\/v2\/posts"}],"about":[{"href":"https:\/\/www.europesays.com\/fr\/wp-json\/wp\/v2\/types\/post"}],"author":[{"embeddable":true,"href":"https:\/\/www.europesays.com\/fr\/wp-json\/wp\/v2\/users\/2"}],"replies":[{"embeddable":true,"href":"https:\/\/www.europesays.com\/fr\/wp-json\/wp\/v2\/comments?post=488727"}],"version-history":[{"count":0,"href":"https:\/\/www.europesays.com\/fr\/wp-json\/wp\/v2\/posts\/488727\/revisions"}],"wp:featuredmedia":[{"embeddable":true,"href":"https:\/\/www.europesays.com\/fr\/wp-json\/wp\/v2\/media\/488728"}],"wp:attachment":[{"href":"https:\/\/www.europesays.com\/fr\/wp-json\/wp\/v2\/media?parent=488727"}],"wp:term":[{"taxonomy":"category","embeddable":true,"href":"https:\/\/www.europesays.com\/fr\/wp-json\/wp\/v2\/categories?post=488727"},{"taxonomy":"post_tag","embeddable":true,"href":"https:\/\/www.europesays.com\/fr\/wp-json\/wp\/v2\/tags?post=488727"}],"curies":[{"name":"wp","href":"https:\/\/api.w.org\/{rel}","templated":true}]}}