{"id":488738,"date":"2025-10-25T09:21:16","date_gmt":"2025-10-25T09:21:16","guid":{"rendered":"https:\/\/www.europesays.com\/fr\/488738\/"},"modified":"2025-10-25T09:21:16","modified_gmt":"2025-10-25T09:21:16","slug":"vandoeuvre-les-nancy-des-retraites-renouent-avec-leurs-racines-ouvrieres","status":"publish","type":"post","link":"https:\/\/www.europesays.com\/fr\/488738\/","title":{"rendered":"Vand\u0153uvre-l\u00e8s-Nancy. Des retrait\u00e9s renouent avec leurs racines ouvri\u00e8res"},"content":{"rendered":"<p>Ils avaient quitt\u00e9 Saint-Loup-sur-Semouse \u00e0 une \u00e9poque o\u00f9 l\u2019industrie du meuble commen\u00e7ait \u00e0 d\u00e9cliner, pour s\u2019installer \u00e0 Vand\u0153uvre-l\u00e8s-Nancy. Plusieurs d\u00e9cennies plus tard, des retrait\u00e9s vandop\u00e9riens ont accueilli leurs anciens camarades haut-sa\u00f4nois, venus renouer avec une m\u00e9moire commune.<\/p>\n<p>La rencontre, organis\u00e9e \u00e0 l\u2019initiative de Mohamed Halloum, pr\u00e9sident de l\u2019Association des retrait\u00e9s vandop\u00e9riens, s\u2019inscrivait dans la continuit\u00e9 d\u2019un \u00e9change entam\u00e9 lors d\u2019une pr\u00e9c\u00e9dente visite en Haute-Sa\u00f4ne.<\/p>\n<p>  Un hommage \u00e0 l\u2019histoire ouvri\u00e8re<\/p>\n<p>Vendredi, c\u2019\u00e9tait au tour des Vandop\u00e9riens de recevoir leurs h\u00f4tes. Le maire et le d\u00e9put\u00e9 ont salu\u00e9 ces retrouvailles, soulignant la port\u00e9e m\u00e9morielle et sociale de ce type d\u2019initiative. La journ\u00e9e a conduit le groupe jusqu\u2019au quartier \u00e9cologique Biancamaria, pr\u00e9sent\u00e9 comme un mod\u00e8le d\u2019urbanisme durable.<\/p>\n<p>Un moment inattendu a marqu\u00e9 la visite au sein du restaurant Un Peu Bocaux, lorsque Xavier Porteu de la Morandi\u00e8re, cofondateur de la soci\u00e9t\u00e9 Br\u00fbt Cr\u00e9ation et membre du groupe de visiteurs, a reconnu une de ses \u0153uvres : une table mange-debout con\u00e7ue et sign\u00e9e par ses soins.<\/p>\n<p>\u00ab Chez Br\u00fbt, la cr\u00e9ation est le fruit d\u2019une d\u00e9marche artistique pouss\u00e9e, visant \u00e0 mat\u00e9rialiser les r\u00eaves les plus audacieux en pi\u00e8ces uniques \u00bb, a-t-il d\u00e9clar\u00e9. Il a \u00e9galement pr\u00e9cis\u00e9 : \u00ab Tous nos bois sont locaux, et chaque meuble est sign\u00e9 et num\u00e9rot\u00e9. \u00bb<\/p>\n<p>  Une journ\u00e9e sous le signe du lien<\/p>\n<p>La journ\u00e9e s\u2019est achev\u00e9e au ch\u00e2teau du Charmois autour d\u2019un repas convivial pr\u00e9par\u00e9 par des membres de l\u2019association, en hommage \u00e0 leurs origines. Dans une ambiance fraternelle, les souvenirs, les rires et les \u00e9changes ont illustr\u00e9 la force des liens tiss\u00e9s entre territoires et g\u00e9n\u00e9rations, au fil d\u2019une histoire partag\u00e9e.<\/p>\n","protected":false},"excerpt":{"rendered":"Ils avaient quitt\u00e9 Saint-Loup-sur-Semouse \u00e0 une \u00e9poque o\u00f9 l\u2019industrie du meuble commen\u00e7ait \u00e0 d\u00e9cliner, pour s\u2019installer \u00e0 Vand\u0153uvre-l\u00e8s-Nancy.&hellip;\n","protected":false},"author":2,"featured_media":488739,"comment_status":"","ping_status":"","sticky":false,"template":"","format":"standard","meta":{"footnotes":""},"categories":[9635],"tags":[1111,11,61173,1687,1704,8698,1777,674,1011,27,775,6364,1702,12,2661,25,61172,5711],"class_list":{"0":"post-488738","1":"post","2":"type-post","3":"status-publish","4":"format-standard","5":"has-post-thumbnail","7":"category-nancy","8":"tag-actu","9":"tag-actualites","10":"tag-cc-de-la-haute-comte-70a","11":"tag-culture-loisirs","12":"tag-edition-nancy-et-agglomeration","13":"tag-edition-vesoul-haute-saone","14":"tag-eu","15":"tag-europe","16":"tag-fr","17":"tag-france","18":"tag-grand-est","19":"tag-metropole-du-grand-nancy-54b1","20":"tag-nancy","21":"tag-news","22":"tag-patrimoine-culturel","23":"tag-republique-francaise","24":"tag-saint-loup-sur-semouse","25":"tag-vandoeuvre-les-nancy"},"share_on_mastodon":{"url":"https:\/\/pubeurope.com\/@fr\/115434073895448542","error":""},"_links":{"self":[{"href":"https:\/\/www.europesays.com\/fr\/wp-json\/wp\/v2\/posts\/488738","targetHints":{"allow":["GET"]}}],"collection":[{"href":"https:\/\/www.europesays.com\/fr\/wp-json\/wp\/v2\/posts"}],"about":[{"href":"https:\/\/www.europesays.com\/fr\/wp-json\/wp\/v2\/types\/post"}],"author":[{"embeddable":true,"href":"https:\/\/www.europesays.com\/fr\/wp-json\/wp\/v2\/users\/2"}],"replies":[{"embeddable":true,"href":"https:\/\/www.europesays.com\/fr\/wp-json\/wp\/v2\/comments?post=488738"}],"version-history":[{"count":0,"href":"https:\/\/www.europesays.com\/fr\/wp-json\/wp\/v2\/posts\/488738\/revisions"}],"wp:featuredmedia":[{"embeddable":true,"href":"https:\/\/www.europesays.com\/fr\/wp-json\/wp\/v2\/media\/488739"}],"wp:attachment":[{"href":"https:\/\/www.europesays.com\/fr\/wp-json\/wp\/v2\/media?parent=488738"}],"wp:term":[{"taxonomy":"category","embeddable":true,"href":"https:\/\/www.europesays.com\/fr\/wp-json\/wp\/v2\/categories?post=488738"},{"taxonomy":"post_tag","embeddable":true,"href":"https:\/\/www.europesays.com\/fr\/wp-json\/wp\/v2\/tags?post=488738"}],"curies":[{"name":"wp","href":"https:\/\/api.w.org\/{rel}","templated":true}]}}