{"id":488746,"date":"2025-10-25T09:25:18","date_gmt":"2025-10-25T09:25:18","guid":{"rendered":"https:\/\/www.europesays.com\/fr\/488746\/"},"modified":"2025-10-25T09:25:18","modified_gmt":"2025-10-25T09:25:18","slug":"avec-vincent-hergott-isabelle-perrein-a-trouve-son-monsieur-securite-pour-montpellier","status":"publish","type":"post","link":"https:\/\/www.europesays.com\/fr\/488746\/","title":{"rendered":"avec Vincent Hergott, Isabelle Perrein a trouv\u00e9 son Monsieur S\u00e9curit\u00e9 pour Montpellier"},"content":{"rendered":"<p>            Par<br \/>\n        <strong><br \/>\n            <a href=\"https:\/\/actu.fr\/auteur\/c-nithard\" title=\"Consulter tous les articles de C\u00e9dric Nithard\" rel=\"nofollow noopener\" target=\"_blank\">C\u00e9dric Nithard<\/a><br \/>\n        <\/strong><\/p>\n<p>        Publi\u00e9 le<\/p>\n<p>            25 oct. 2025 \u00e0 10h25        <\/p>\n<p>Nouvelle \u00e9tape ce vendredi 24 octobre dans la campagne d\u2019<strong>Isabelle Perrein<\/strong>. La candidate de <strong>la liste Aimer Montpellier<\/strong> aux <strong>municipales<\/strong> a pr\u00e9sent\u00e9 celui qui, en cas de victoire en mars prochain, incarnera <strong>la s\u00e9curit\u00e9 et la tranquillit\u00e9 publique<\/strong>. Avec la volont\u00e9 de confier la mission \u00e0 un sp\u00e9cialiste de la question, <strong>Vincent Hergott<\/strong> a d\u00e9velopp\u00e9 sa vision pour la Police Municipale. Non sans mettre \u00e0 l\u2019amende l\u2019action de la municipalit\u00e9 actuelle en la mati\u00e8re.<\/p>\n<p>Moins de paillettes<\/p>\n<p class=\" wall-content\">Avant de laisser la parole \u00e0 Vincent Hergott, Isabelle Perrein a pr\u00e9cis\u00e9 ses \u00ab\u00a0deux convictions profondes\u00a0\u00bb en mati\u00e8re de tranquillit\u00e9 publique. La premi\u00e8re \u00e9tant que \u00ab\u00a0la s\u00e9curit\u00e9 est la premi\u00e8re de nos libert\u00e9s et c\u2019est le premier devoir d\u2019un maire digne de ce nom\u00a0\u00bb. Se basant sur ses rencontres avec les habitants, elle t\u00e9moigne de \u00ab\u00a0la peur\u00a0\u00bb et du \u00ab\u00a0sentiment d\u2019abandon\u00a0\u00bb qui seraient le r\u00e9sultat d&rsquo;\u00a0\u00bbune politique qui pr\u00e9f\u00e9r\u00e9 g\u00e9rer cette ville avec des effets d\u2019annonces. Des tweets \u00e0 la place des actes, des promesses \u00e0 la place du courage\u00a0\u00bb en appuyant : \u00ab\u00a0La s\u00e9curit\u00e9, ce n\u2019est pas un sujet de communication, c\u2019est une obligation morale. Gouverner ce n\u2019est pas jeter des paillettes aux yeux de Montpelli\u00e9rains, c\u2019est r\u00e9gler les probl\u00e8mes\u00a0\u00bb.<\/p>\n<p class=\" wall-content\">Sa deuxi\u00e8me conviction est que \u00ab\u00a0la s\u00e9curit\u00e9 n\u2019a pas de couleur politique. La s\u00e9curit\u00e9 n\u2019est ni de droite, ni de gauche, ni du centre\u00a0\u00bb et met en avant : \u00ab\u00a0La seule question, la vraie, c\u2019est que fait-on concr\u00e8tement pour nous prot\u00e9ger ? Que font les autorit\u00e9s publiques ?\u00a0\u00bb. Ainsi, selon Isabelle Perrein \u00ab\u00a0\u00e0 trop vouloir faire le show, la municipalit\u00e9 a fini par abandonner les Montpelli\u00e9rains\u00a0\u00bb tandis que, a contrario, \u00ab\u00a0le maire doit incarner cette volont\u00e9 d\u2019agir\u00a0\u00bb. Affirmant refuser d\u2019une part \u00ab\u00a0la fatalit\u00e9\u00a0\u00bb et d\u2019autre part que \u00ab\u00a0Montpellier devienne une ville qu\u2019on \u00e9vite\u00a0\u00bb, la candidate entend mettre \u00e0 la t\u00eate de ce sujet \u00ab\u00a0un homme d\u2019exp\u00e9rience, un homme de terrain, un homme d\u2019engagements\u00a0\u00bb en la personne de Vincent Hergott avec la mission de \u00ab\u00a0r\u00e9tablir la s\u00e9curit\u00e9 et la s\u00e9r\u00e9nit\u00e9 \u00e0 Montpellier\u00a0\u00bb pour qu\u2019elle \u00ab\u00a0redevienne une ville paisible, s\u00fbre et confiante en l\u2019avenir\u00a0\u00bb.<\/p>\n<p>Un constat sans appel<\/p>\n<p class=\" wall-content\">D\u00e9l\u00e9gu\u00e9 national pour les unit\u00e9s d\u2019\u00e9lite de la police nationale (RAID, BRI et les d\u00e9mineurs de la DGSCGC) au sein du syndicat Alliance Police Nationale, Vincent Hergott est \u00ab\u00a0un pur produit du renseignement\u00a0\u00bb en \u00e9tant pass\u00e9 par les Renseignements G\u00e9n\u00e9raux, la DCRI, la DGSI et enfin le Renseignement Territorial. Avec son regard et son exp\u00e9rience du terrain, il dresse un constat sans appel. \u00ab\u00a0Montpellier souffre d\u2019un v\u00e9ritable cancer de la s\u00e9curit\u00e9 que l\u2019on traite comme une simple maladie. Monsieur Delafosse a tendance \u00e0 soigner le cancer avec de l\u2019aspirine puisque les diff\u00e9rentes mesures mises en oeuvre sont essentiellement cosm\u00e9tiques qui lui permettent surtout de travailler son image\u00a0\u00bb.<\/p>\n<p class=\" wall-content\">D\u00e9non\u00e7ant l\u2019utilisation des chiffres par l\u2019ex\u00e9cutif, il estime qu\u2019il y aurait \u00ab\u00a0moins de 200 policiers municipaux pour 310 000 habitants soit un policier municipal pour 1 500 habitants quand la moyenne nationale est de un pour 1 000 dans les grandes villes comparables\u00a0\u00bb et juge que ce \u00ab\u00a0d\u00e9ficit structurel fragilise toute strat\u00e9gie de s\u00e9curisation locale et rend illusoire la pr\u00e9sence effective sur le terrain\u00a0\u00bb. D\u2019autant plus que \u00ab\u00a0avec les vacances, les maladies, le cycle de travail et ceux qui sont assign\u00e9s \u00e0 des t\u00e2ches administratives, s\u2019il y a trente policiers municipaux en permanence en m\u00eame temps dans la rue, j\u2019offre encore un cr\u00e9dit bien loin de la r\u00e9alit\u00e9. Avec la mani\u00e8re dont fonctionne et on organise une police municipale, \u00e0 200 pour 310 000 habitants et une ville de plus en plus \u00e9tendue, ce n\u2019est pas possible\u00a0\u00bb.\u00a0<\/p>\n<p>Vid\u00e9os : en ce moment sur Actu<\/p>\n<p class=\" wall-content\">Ainsi, la Police Municipale \u00e9tant \u00ab\u00a0un moyen de communiquer et non une strat\u00e9gie de fond\u00a0\u00bb, celle-ci serait \u00ab\u00a0d\u00e9sorganis\u00e9e, d\u00e9motiv\u00e9e et sans strat\u00e9gie claire\u00a0\u00bb en se prenant lui-m\u00eame \u00e0 t\u00e9moin : \u00ab\u00a0Pour \u00eatre fonctionnaire de police, je sais que ce sentiment d\u2019exister au sein d\u2019un syst\u00e8me n\u00e9cessite un vrai int\u00e9r\u00eat de celui qui le met en place. Et \u00e0 Montpellier cela n\u2019existe pas, ce sont des faire-valoir politiques et m\u00e9diatiques\u00a0\u00bb. D\u2019o\u00f9 le jugement sans appel de Vincent Hergott \u00e0 l\u2019encontre de Micha\u00ebl Delafosse : \u00ab\u00a0Il ne m\u2019a pas convaincu et je pense que de nombreux montpelli\u00e9rains ne sont pas convaincus\u00a0\u00bb.<\/p>\n<p>Une question budg\u00e9taire<\/p>\n<p class=\" wall-content\">Le \u00ab\u00a0flic\u00a0\u00bb passe ensuite au \u00ab\u00a0sentiment d\u2019ins\u00e9curit\u00e9 qui ne souffre pas de sanctions statistiques mais d\u2019un v\u00e9ritable ressenti de la population\u00a0\u00bb et affirme que \u00ab\u00a0ce sentiment d\u2019ins\u00e9curit\u00e9 est pr\u00e9gnant \u00e0 Montpellier\u00a0\u00bb voire m\u00eame que \u00ab\u00a0la situation se d\u00e9lite, le sentiment d\u2019ins\u00e9curit\u00e9 n\u2019est pas exponentielle, il est au-del\u00e0 d\u2019exponentielle depuis le d\u00e9but du mandat\u00a0\u00bb. Sa volont\u00e9 est donc de \u00ab\u00a0remettre du bleu sur le terrain, que cette pr\u00e9sence s\u00e9curise les montpelli\u00e9rains et les visiteurs dans leurs usages de la ville\u00a0\u00bb.<\/p>\n<p>Votre r\u00e9gion, votre actu !<\/p>\n<p>Recevez chaque jour les infos qui comptent pour vous.<\/p>\n<p>\t<a href=\"https:\/\/actu.fr\/newsletter\" class=\"ac-btn ac-btn--corner ac-btn--medium ac-btn--blue800\" rel=\"nofollow noopener\" target=\"_blank\">S&rsquo;incrire<\/a><\/p>\n<p class=\" wall-content\">Pour cela, le programme d\u2019Isabelle Perrein pr\u00e9voit de doubler les effectifs de la Police Municipale dont le financement correspond \u00e0 peu pr\u00e8s aux \u00ab\u00a042M\u20ac de recettes dont s\u2019est priv\u00e9e la TaM avec la gratuit\u00e9\u00a0\u00bb. Mesure sur laquelle elle entend revenir faisant valoir \u00ab\u00a0ce que l\u2019on veut faire et o\u00f9 on veut prioriser les actions\u00a0\u00bb. Un point que ne conteste nullement son Monsieur S\u00e9curit\u00e9 : \u00ab\u00a0Le principal des luxes dans une ville c\u2019est d\u2019abord la tranquillit\u00e9 publique. Je suis moins architecte que flic et c\u2019est le flic qui parle mais je pense que les questions de s\u00e9curit\u00e9 sont peut-\u00eatre des priorit\u00e9s budg\u00e9taires avant les questions d\u2019am\u00e9nagement. Il faut redevenir rationnel \u00e0 Montpellier et mettre de l\u2019argent l\u00e0 o\u00f9 il faut en mettre\u00a0\u00bb.<\/p>\n<p>Une police de proximit\u00e9<\/p>\n<p class=\" wall-content\">Vincent Hergott pr\u00e9voit donc de \u00ab\u00a0r\u00e9organiser la Police Municipale et de r\u00e9orienter ses missions pour \u00eatre l\u00e0 o\u00f9 on a besoin d\u2019eux\u00a0\u00bb. Il entend ainsi remettre au go\u00fbt du jour la police de proximit\u00e9. \u00ab\u00a0J\u2019y crois pour la police municipale car c\u2019est probablement le principal vecteur de tranquillit\u00e9 publique\u00a0\u00bb d\u00e9fend-il. Si les actions concr\u00e8tes seront pr\u00e9sent\u00e9es plus tard dans la campagne, la proximit\u00e9 constitue \u00ab\u00a0la mani\u00e8re dont on souhaite aborder la question de la s\u00e9curit\u00e9\u00a0\u00bb.<\/p>\n<p class=\" wall-content\">Une proximit\u00e9 qui ne fait pas de diff\u00e9rence entre les quartiers. \u00ab\u00a0Ce qui est vrai dans le centre-ville, puisque c\u2019est une zone \u00e0 forte convergente humaine, est tr\u00e8s probablement tout aussi vrai pour les quartiers par contre ce sont les moyens qui seraient diff\u00e9rents\u00a0\u00bb explique-t-il en compl\u00e9tant : \u00ab\u00a0L\u2019\u00e9tat d\u2019esprit doit \u00eatre le m\u00eame, c\u2019est \u00e0 dire une pr\u00e9sence exacerb\u00e9e\u00a0\u00bb. Et de bien pr\u00e9ciser : \u00ab\u00a0C\u2019est du lien avant toute chose par contre le lien, la proximit\u00e9 avec les gens, la disponibilit\u00e9, le service public\u2026 cela ne veut pas dire de se taper dans le dos comme des copains. Ce n\u2019est pas une proximit\u00e9 qui ferait oublier que l\u2019on parle \u00e0 un policier\u00a0\u00bb.<\/p>\n<p class=\" wall-content\">Sans doute avec le regard du renseignement, il ajoute : \u00ab\u00a0Le lien est important car on n\u2019est jamais autant au courant de ce qu\u2019il se passe dans une ville que lorsque l\u2019on a une police municipale qui est au contact des commer\u00e7ants et des habitants et qui est capable de tout simplement faire un \u00e9tat des lieux hebdomadaire et faire remonter des informations \u00e0 la police nationale\u00a0\u00bb.<\/p>\n<p>Police Municipale et Police Nationale<\/p>\n<p class=\" wall-content\">Justement, quant \u00e0 la relation entre la Police Municipale et la Police Nationale, Vincent Hergott est l\u00e0 aussi tr\u00e8s clair. \u00ab\u00a0J\u2019ai un gros avantage sur Monsieur Delafosse. Je ne suis pas schizophr\u00e8ne, je suis policier. Je connais le m\u00e9tier de policier, les pr\u00e9rogatives du r\u00e9galien et, nous sommes d\u2019accord avec Isabelle Perrein, il n\u2019y a pas de sujet quant aux pr\u00e9rogatives de la police municipale et celles du r\u00e9galien\u00a0\u00bb. Pas question donc de voir des policiers municipaux \u00e9quip\u00e9s pour faire du maintien de l\u2019ordre durant une manifestation. \u00ab\u00a0Cela n\u2019arrivera pas sinon je d\u00e9missionnerai. Cela ne correspond pas \u00e0 ma mani\u00e8re de voir les choses\u00a0\u00bb annonce-t-il en pr\u00e9cisant : \u00ab\u00a0\u00c9videmment que la Police Municipale doit travailler avec la Police Nationale, \u00e9videmment qu\u2019il doit y avoir une collaboration\u00a0\u00bb. Et d\u2019attaquer justement cette collaboration actuelle en se contenant : \u00ab\u00a0Passer de rien \u00e0 \u00e9changer ne veut pas dire collaborer. Passer de rien, \u00e9changer et devenir suppl\u00e9tif des membres du r\u00e9galien ne veut pas dire collaborer. Je n\u2019ai pas cette vision des choses. J\u2019ai la chance d\u2019\u00eatre policier et d\u2019en \u00eatre fier, c\u2019est pourquoi je ne demanderai jamais \u00e0 un policier municipal de faire le travail d\u2019un policier national. Je veux des policiers municipaux qui soient dans la rue, au contact des Montpelli\u00e9rains\u00a0\u00bb.<\/p>\n<p class=\" wall-content\">Au contact \u00e9galement des points de deal. Mais l\u00e0 aussi sans aller sur le terrain du r\u00e9galien. \u00ab\u00a0Pour ce qui est de la pr\u00e9rogative de la Police Municipale, ce qui emb\u00eate le plus c\u2019est le harc\u00e8lement de la pr\u00e9sence polici\u00e8re. C\u2019est une strat\u00e9gie qui correspond \u00e0 la Police Municipale car ce n\u2019est pas elle qui r\u00e8glera les probl\u00e8mes de narcotrafic \u00e0 l\u2019\u00e9chelle nationale. Je veux des policiers municipaux qui donnent envie aux dealers d\u2019aller voir ailleurs si ce n\u2019est pas plus beau. \u00c0 Montpellier, nous devons pourrir la vie des dealers mais nous n\u2019allons pas faire tomber la DZ Mafia\u00a0\u00bb. Quant \u00e0 la question d\u2019armer les policiers municipaux, encore une fois Vincent Hergott est tr\u00e8s clair. \u00ab\u00a0Il n\u2019y a pas de sujet. Je ne suis pas un cow-boy, je suis autoris\u00e9 \u00e0 en porter, je ne n\u2019ai pas. En 2025, policier n\u2019est pas le m\u00e9tier le plus s\u00e9cure que l\u2019on puisse imaginer. Armer un policier municipal, c\u2019est d\u2019abord lui permettre de se d\u00e9fendre car s\u2019il y a \u00e9crit \u00ab\u00a0municipal\u00a0\u00bb dans son dos, au m\u00eame titre que s\u2019il y avait \u00e9crit \u00ab\u00a0national\u00a0\u00bb, un policier est une cible. Ce n\u2019est donc pas un sujet\u00a0\u00bb.<\/p>\n<p>L\u2019exp\u00e9rience<\/p>\n<p class=\" wall-content\">Alors aux bons r\u00e9sultats que pr\u00e9sente l\u2019ex\u00e9cutif, Vincent Hergott accuse : \u00ab\u00a0Micha\u00ebl Delafosse tronque les chiffres, fait de la distorsion de la r\u00e9alit\u00e9 parce que son bilan est mauvais\u00a0\u00bb en expliquant : \u00ab\u00a0Il y a deux mani\u00e8res de voir la s\u00e9curit\u00e9 et la tranquillit\u00e9 publique : en th\u00e9orie et en pratique. Nous, les policiers et les gendarmes, n\u2019avons pas la m\u00eame vision que ceux qui font de beaux discours, nous vivons dans la r\u00e9alit\u00e9, nous ne vivons pas reclus derri\u00e8re des dogmes et des pensifs\u00a0\u00bb. En cas de victoire d\u2019Isabelle Perrein, sa mission est, encore une fois, tr\u00e8s claire : \u00ab\u00a0Je m\u2019attellerai \u00e0 redonner \u00e0 Montpellier une police et un sentiment de s\u00e9curit\u00e9\u00a0\u00bb, tout en pr\u00e9venant l\u2019actuelle candidate \u00e0 ses c\u00f4t\u00e9s : \u00ab\u00a0Je suis connu pour \u00eatre p\u00e9nible, je saurai l\u2019\u00eatre avec notre future maire pour la harceler quant \u00e0 \u00e7a\u00a0\u00bb.<\/p>\n<p class=\" wall-content\">Et s\u2019il a accept\u00e9 cette \u00ab\u00a0aventure\u00a0\u00bb, le policier explique : \u00ab\u00a0Je consid\u00e8re m\u2019\u00eatre r\u00e9alis\u00e9, j\u2019ai fait ce que j\u2019avais \u00e0 faire, je me suis \u00e9clat\u00e9 dans mon boulot. Ce n\u2019est pas mon mandat aupr\u00e8s d\u2019Isabelle Perrein \u00e0 la Ville de Montpellier qui fera de moi un homme complet, j\u2019y suis d\u00e9j\u00e0 arriv\u00e9. Je veux juste mettre au service des Montpelli\u00e9rains, peut-\u00eatre de mani\u00e8re tr\u00e8s vaniteuse, toute mon exp\u00e9rience\u00a0\u00bb. Habitant dans la capitale h\u00e9raultaise depuis 2020, en y ayant fait ses \u00e9tudes plus jeune, et travaillant \u00e0 Paris, Vincent Hergott observe : \u00ab\u00a0Le Montpellier que j\u2019ai connu il y a trente ans ne ressemble pas \u00e0 celui que j\u2019ai retrouv\u00e9 il y a cinq ans. J\u2019ai vu une ville qui a p\u00e9riclit\u00e9. C\u2019est pourtant une ville magnifique, qui a une histoire incroyable o\u00f9 les gens vivaient ensemble avec une qualit\u00e9 de vie que je trouve d\u00e9clinante. Mon attachement est surtout la perspective de refaire de Montpellier, la ville que j\u2019ai connu il y a trente ans\u00a0\u00bb. Presque un slogan de campagne\u2026<\/p>\n<p class=\" wall-content\">Personnalisez votre actualit\u00e9 en ajoutant vos villes et m\u00e9dias en favori avec <a href=\"https:\/\/moncompte.actu.fr\" title=\"D\u00e9couvez Mon Actu\" rel=\"nofollow noopener\" data-trk=\"{&quot;cta&quot;:{&quot;action&quot;:&quot;https:\\\/\\\/moncompte.actu.fr&quot;,&quot;category&quot;:&quot;mon compte&quot;,&quot;from&quot;:&quot;article footer&quot;,&quot;name&quot;:&quot;Mon actu&quot;,&quot;type&quot;:&quot;cta&quot;}}\" target=\"_blank\">Mon Actu<\/a>.<\/p>\n","protected":false},"excerpt":{"rendered":"Par C\u00e9dric Nithard Publi\u00e9 le 25 oct. 2025 \u00e0 10h25 Nouvelle \u00e9tape ce vendredi 24 octobre dans la&hellip;\n","protected":false},"author":2,"featured_media":488747,"comment_status":"","ping_status":"","sticky":false,"template":"","format":"standard","meta":{"footnotes":""},"categories":[9599],"tags":[1111,11,4188,1777,674,1011,27,2208,12,2680,316,25],"class_list":{"0":"post-488746","1":"post","2":"type-post","3":"status-publish","4":"format-standard","5":"has-post-thumbnail","7":"category-montpellier","8":"tag-actu","9":"tag-actualites","10":"tag-elections-municipales","11":"tag-eu","12":"tag-europe","13":"tag-fr","14":"tag-france","15":"tag-montpellier","16":"tag-news","17":"tag-occitanie","18":"tag-politique","19":"tag-republique-francaise"},"share_on_mastodon":{"url":"https:\/\/pubeurope.com\/@fr\/115434089660402293","error":""},"_links":{"self":[{"href":"https:\/\/www.europesays.com\/fr\/wp-json\/wp\/v2\/posts\/488746","targetHints":{"allow":["GET"]}}],"collection":[{"href":"https:\/\/www.europesays.com\/fr\/wp-json\/wp\/v2\/posts"}],"about":[{"href":"https:\/\/www.europesays.com\/fr\/wp-json\/wp\/v2\/types\/post"}],"author":[{"embeddable":true,"href":"https:\/\/www.europesays.com\/fr\/wp-json\/wp\/v2\/users\/2"}],"replies":[{"embeddable":true,"href":"https:\/\/www.europesays.com\/fr\/wp-json\/wp\/v2\/comments?post=488746"}],"version-history":[{"count":0,"href":"https:\/\/www.europesays.com\/fr\/wp-json\/wp\/v2\/posts\/488746\/revisions"}],"wp:featuredmedia":[{"embeddable":true,"href":"https:\/\/www.europesays.com\/fr\/wp-json\/wp\/v2\/media\/488747"}],"wp:attachment":[{"href":"https:\/\/www.europesays.com\/fr\/wp-json\/wp\/v2\/media?parent=488746"}],"wp:term":[{"taxonomy":"category","embeddable":true,"href":"https:\/\/www.europesays.com\/fr\/wp-json\/wp\/v2\/categories?post=488746"},{"taxonomy":"post_tag","embeddable":true,"href":"https:\/\/www.europesays.com\/fr\/wp-json\/wp\/v2\/tags?post=488746"}],"curies":[{"name":"wp","href":"https:\/\/api.w.org\/{rel}","templated":true}]}}