{"id":488754,"date":"2025-10-25T09:29:12","date_gmt":"2025-10-25T09:29:12","guid":{"rendered":"https:\/\/www.europesays.com\/fr\/488754\/"},"modified":"2025-10-25T09:29:12","modified_gmt":"2025-10-25T09:29:12","slug":"lessentiel-du-sport-le-choc-julia-simon-le-fc-annecy-de-retour-a-la-maison-le-fcg-se-regale-les-infos-de-ce-samedi","status":"publish","type":"post","link":"https:\/\/www.europesays.com\/fr\/488754\/","title":{"rendered":"L&rsquo;essentiel du sport. Le choc Julia Simon, le FC Annecy de retour \u00e0 la maison, le FCG se r\u00e9gale&#8230; Les infos de ce samedi"},"content":{"rendered":"<p>Ce vendredi, Julia Simon a avou\u00e9 avoir fait des achats frauduleux avec des moyens de paiement vol\u00e9s. Elle a \u00e9t\u00e9 condamn\u00e9e\u00a0\u00e0 trois mois de prison avec sursis et 15 000 euros d&rsquo;amende ;\u00a0plus de cinq mois apr\u00e8s sa derni\u00e8re apparition \u00e0 domicile, le FC Annecy va enfin rejouer au Parc des Sports ce samedi (20h) avec la r\u00e9ception de Saint-\u00c9tienne ; les Is\u00e9rois se sont rassur\u00e9s en \u00e9trillant\u00a0Carcassonne\u00a0(57-12)&#8230; Voici l&rsquo;essentiel de l&rsquo;actualit\u00e9 sportive dans nos r\u00e9gions de ce samedi 25 octobre.<\/p>\n","protected":false},"excerpt":{"rendered":"Ce vendredi, Julia Simon a avou\u00e9 avoir fait des achats frauduleux avec des moyens de paiement vol\u00e9s. Elle&hellip;\n","protected":false},"author":2,"featured_media":488755,"comment_status":"","ping_status":"","sticky":false,"template":"","format":"standard","meta":{"footnotes":""},"categories":[9566],"tags":[1111,11,2430,1777,674,107,1701,1011,27,2731,12,25,517,1947],"class_list":{"0":"post-488754","1":"post","2":"type-post","3":"status-publish","4":"format-standard","5":"has-post-thumbnail","7":"category-grenoble","8":"tag-actu","9":"tag-actualites","10":"tag-auvergne-rhone-alpes","11":"tag-eu","12":"tag-europe","13":"tag-fil-info","14":"tag-fil-info-sport","15":"tag-fr","16":"tag-france","17":"tag-grenoble","18":"tag-news","19":"tag-republique-francaise","20":"tag-sport","21":"tag-sport-national"},"share_on_mastodon":{"url":"https:\/\/pubeurope.com\/@fr\/115434105507871320","error":""},"_links":{"self":[{"href":"https:\/\/www.europesays.com\/fr\/wp-json\/wp\/v2\/posts\/488754","targetHints":{"allow":["GET"]}}],"collection":[{"href":"https:\/\/www.europesays.com\/fr\/wp-json\/wp\/v2\/posts"}],"about":[{"href":"https:\/\/www.europesays.com\/fr\/wp-json\/wp\/v2\/types\/post"}],"author":[{"embeddable":true,"href":"https:\/\/www.europesays.com\/fr\/wp-json\/wp\/v2\/users\/2"}],"replies":[{"embeddable":true,"href":"https:\/\/www.europesays.com\/fr\/wp-json\/wp\/v2\/comments?post=488754"}],"version-history":[{"count":0,"href":"https:\/\/www.europesays.com\/fr\/wp-json\/wp\/v2\/posts\/488754\/revisions"}],"wp:featuredmedia":[{"embeddable":true,"href":"https:\/\/www.europesays.com\/fr\/wp-json\/wp\/v2\/media\/488755"}],"wp:attachment":[{"href":"https:\/\/www.europesays.com\/fr\/wp-json\/wp\/v2\/media?parent=488754"}],"wp:term":[{"taxonomy":"category","embeddable":true,"href":"https:\/\/www.europesays.com\/fr\/wp-json\/wp\/v2\/categories?post=488754"},{"taxonomy":"post_tag","embeddable":true,"href":"https:\/\/www.europesays.com\/fr\/wp-json\/wp\/v2\/tags?post=488754"}],"curies":[{"name":"wp","href":"https:\/\/api.w.org\/{rel}","templated":true}]}}