{"id":488756,"date":"2025-10-25T09:30:17","date_gmt":"2025-10-25T09:30:17","guid":{"rendered":"https:\/\/www.europesays.com\/fr\/488756\/"},"modified":"2025-10-25T09:30:17","modified_gmt":"2025-10-25T09:30:17","slug":"quand-rennes-fait-la-une-des-chaines-dinfos-nationales-data","status":"publish","type":"post","link":"https:\/\/www.europesays.com\/fr\/488756\/","title":{"rendered":"Quand Rennes fait la une des cha\u00eenes d\u2019infos nationales [Data]"},"content":{"rendered":"<p>Contrairement \u00e0 ce que l\u2019on aurait pu penser, de mani\u00e8re g\u00e9n\u00e9rale, la capitale bretonne fait moins parler d\u2019elle &#8211; en fr\u00e9quence &#8211; depuis le d\u00e9but des ann\u00e9es 2020 sur les cha\u00eenes d\u2019information en continu.<\/p>\n<p>En regardant au mois le mois, on voit n\u00e9anmoins que le mot \u00ab Rennes \u00bb est bien plus prononc\u00e9 lors des manifestations et lorsque survient une fusillade li\u00e9e au trafic de drogue, avec un net pic d\u2019int\u00e9r\u00eat chez BFMTV et Cnews (ex i-T\u00e9l\u00e9). C\u2019\u00e9tait aussi le cas en 2016 avec de tr\u00e8s fortes mobilisations contre la loi travail. En 2019, c\u2019est le foot qui a port\u00e9 Rennes. La victoire en Coupe de France a fait bondir les statistiques au mois d\u2019avril.<\/p>\n<p><img decoding=\"async\" src=\"https:\/\/www.europesays.com\/fr\/wp-content\/uploads\/2025\/10\/keep_ratio\" style=\"max-width: 100%\" alt=\"FaitsActu.jpg\"\/>Le Mensuel de RennesComment ces graphiques ont \u00e9t\u00e9 r\u00e9alis\u00e9s ? <\/p>\n<p>Ils repr\u00e9sentent la fr\u00e9quence du mot \u00ab Rennes \u00bb sur les cha\u00eenes d\u2019information en continu, entre 6 h du matin et minuit (en 2017 CNews a remplac\u00e9 I-T\u00e9l\u00e9). L\u2018\u00a0Institut national de l\u2019audiovisuel (Ina) enregistre ces contenus, les transcrit en texte gr\u00e2ce \u00e0 une intelligence artificielle puis calcule le nombre de \u00ab tours de parole \u00bb dans lesquels \u00ab Rennes \u00bb a \u00e9t\u00e9 d\u00e9tect\u00e9 au moins une fois. Si le mot est prononc\u00e9 deux fois par la m\u00eame personne sans que quelqu\u2019un d\u2019autre lui ait coup\u00e9 la parole, il n\u2019est comptabilis\u00e9 qu\u2019une seule fois. L\u2019IA diff\u00e9rencie \u00ab Rennes \u00bb de ses homophones (renne, reine\u2026).<\/p>\n<p>Nous avons \u00e9galement demand\u00e9 \u00e0 une intelligence artificielle d\u2019attribuer des th\u00e9matiques \u00e0 53 581 articles publi\u00e9s sur Google actualit\u00e9s entre 2014 et 2024 faisant r\u00e9f\u00e9rence \u00e0 Rennes. Six d\u2019entre elles se d\u00e9marquent. Malgr\u00e9 les biais possibles (des articles peuvent parfois relever de plusieurs cat\u00e9gories), on voit que le sport pr\u00e9domine.<\/p>\n<p><img decoding=\"async\" src=\"https:\/\/www.europesays.com\/fr\/wp-content\/uploads\/2025\/10\/1761384617_868_keep_ratio\" style=\"max-width: 100%\" alt=\"GoogleActu.jpg\"\/>Le Mensuel de Rennes<\/p>\n<p>\ufeffLogique : le football est LE sujet susceptible d\u2019int\u00e9resser quotidiennement des m\u00e9dias fran\u00e7ais. \u00ab Culture \u00bb baisse en 2020, ann\u00e9e marqu\u00e9e par la Covid. \u00ab Justice \u00bb, qui comprend les fusillades comme les arrestations, semble, lui, progresser. Impossible n\u00e9anmoins de savoir si cette augmentation est \u00e0 placer sur un traitement plus important de ces sujets au niveau national ou parce que notre outil a eu moins de mal \u00e0 leur attribuer une \u00e9tiquette.<\/p>\n","protected":false},"excerpt":{"rendered":"Contrairement \u00e0 ce que l\u2019on aurait pu penser, de mani\u00e8re g\u00e9n\u00e9rale, la capitale bretonne fait moins parler d\u2019elle&hellip;\n","protected":false},"author":2,"featured_media":488757,"comment_status":"","ping_status":"","sticky":false,"template":"","format":"standard","meta":{"footnotes":""},"categories":[2821],"tags":[1111,11,829,1777,674,1011,27,848,12,584,25],"class_list":{"0":"post-488756","1":"post","2":"type-post","3":"status-publish","4":"format-standard","5":"has-post-thumbnail","7":"category-rennes","8":"tag-actu","9":"tag-actualites","10":"tag-bretagne","11":"tag-eu","12":"tag-europe","13":"tag-fr","14":"tag-france","15":"tag-ille-et-vilaine","16":"tag-news","17":"tag-rennes","18":"tag-republique-francaise"},"share_on_mastodon":{"url":"https:\/\/pubeurope.com\/@fr\/115434109960037886","error":""},"_links":{"self":[{"href":"https:\/\/www.europesays.com\/fr\/wp-json\/wp\/v2\/posts\/488756","targetHints":{"allow":["GET"]}}],"collection":[{"href":"https:\/\/www.europesays.com\/fr\/wp-json\/wp\/v2\/posts"}],"about":[{"href":"https:\/\/www.europesays.com\/fr\/wp-json\/wp\/v2\/types\/post"}],"author":[{"embeddable":true,"href":"https:\/\/www.europesays.com\/fr\/wp-json\/wp\/v2\/users\/2"}],"replies":[{"embeddable":true,"href":"https:\/\/www.europesays.com\/fr\/wp-json\/wp\/v2\/comments?post=488756"}],"version-history":[{"count":0,"href":"https:\/\/www.europesays.com\/fr\/wp-json\/wp\/v2\/posts\/488756\/revisions"}],"wp:featuredmedia":[{"embeddable":true,"href":"https:\/\/www.europesays.com\/fr\/wp-json\/wp\/v2\/media\/488757"}],"wp:attachment":[{"href":"https:\/\/www.europesays.com\/fr\/wp-json\/wp\/v2\/media?parent=488756"}],"wp:term":[{"taxonomy":"category","embeddable":true,"href":"https:\/\/www.europesays.com\/fr\/wp-json\/wp\/v2\/categories?post=488756"},{"taxonomy":"post_tag","embeddable":true,"href":"https:\/\/www.europesays.com\/fr\/wp-json\/wp\/v2\/tags?post=488756"}],"curies":[{"name":"wp","href":"https:\/\/api.w.org\/{rel}","templated":true}]}}