{"id":488760,"date":"2025-10-25T09:32:21","date_gmt":"2025-10-25T09:32:21","guid":{"rendered":"https:\/\/www.europesays.com\/fr\/488760\/"},"modified":"2025-10-25T09:32:21","modified_gmt":"2025-10-25T09:32:21","slug":"la-deuxieme-edition-se-prepare-2","status":"publish","type":"post","link":"https:\/\/www.europesays.com\/fr\/488760\/","title":{"rendered":"la deuxi\u00e8me \u00e9dition se pr\u00e9pare"},"content":{"rendered":"<p>Le Kulturhaus (Maison de la culture) de Kehl offrira deux sc\u00e8nes \u00e0 l\u2019\u00e9v\u00e9nement qui rassemblera treize groupes et artistes d\u2019Alsace, du <a href=\"https:\/\/www.dna.fr\/environnement\/2025\/06\/14\/une-plainte-contre-le-bade-wurtemberg-pour-non-respect-de-ses-objectifs-climatiques\" target=\"_blank\" rel=\"noopener\">Bade-Wurtemberg<\/a> et de Suisse du nord. Ces derniers mettront en avant leur langue commune dans une diversit\u00e9 de styles.<\/p>\n<p>Apr\u00e8s <a href=\"https:\/\/www.dna.fr\/culture-loisirs\/2024\/11\/03\/malgre-une-affluence-relative-le-festival-alemaniac-reconduit-l-an-prochain\" target=\"_blank\" rel=\"noopener\">une premi\u00e8re \u00e9dition l\u2019an dernier \u00e0 Schoenau,<\/a> on passe le Rhin pour un nouvel opus. Sur la sc\u00e8ne rock et pop se produiront Les Assoiff\u00e9s (punk en alsacien) Schnapps (rock en alsacien), Fisherman\u2019s Fall (rock &amp; folklore festif), Z\u00e4pf (de Boderseweier), Luddi (rock al\u00e9manique) et Spruchrif (B\u00e2le-Campagne, rock et groove).<\/p>\n<p>  Une exp\u00e9rience culinaire<\/p>\n<p>La deuxi\u00e8me salle (et deuxi\u00e8me ambiance, donc) sera tourn\u00e9e plus vers la chanson et les Liedermacher. Isabelle Grussenmeyer y pr\u00e9sentera son nouveau programme pour enfants  Wir fahren nach Bremen. Im Hubbes sini Kumbel d\u00e9livrera son folk-rock badois. Rhinwaldsounds (pop dialectale), Edwar (folk\/\u00e9lectro), Winstubber (cabaret dialectal), Goshehobel (folkrock) et GO (duo de guitaristes de Kehl) seront \u00e9galement de la partie.<\/p>\n<p>Comme lors de la premi\u00e8re \u00e9dition, le festival invitera \u00e9galement \u00e0 une exp\u00e9rience culinaire. Outre ces stands de sp\u00e9cialit\u00e9s r\u00e9gionales, vins et bi\u00e8res, des stands th\u00e9matiques autour de la langue et de la culture feront de cette f\u00eate un \u00e9v\u00e9nement complet.<\/p>\n<p>Ce contenu est bloqu\u00e9 car vous n&rsquo;avez pas accept\u00e9 les cookies et autres traceurs.<\/p>\n<p>En cliquant sur \u00ab J\u2019accepte \u00bb, les cookies et autres traceurs seront d\u00e9pos\u00e9s et vous pourrez visualiser les contenus  (<a href=\"\" class=\"consentModule_policy\" target=\"_blank\" title=\"Consulter la politique de protection des donn\u00e9es du fournisseur\">plus d&rsquo;informations<\/a>).<\/p>\n<p>En cliquant sur \u00ab J\u2019accepte tous les cookies \u00bb, vous autorisez des d\u00e9p\u00f4ts de cookies et autres traceurs pour le stockage de vos donn\u00e9es sur nos sites et applications \u00e0 des fins de personnalisation et de ciblage publicitaire.<\/p>\n<p class=\"consentModule_secondaryText\">Vous gardez la possibilit\u00e9 de retirer votre consentement \u00e0 tout moment en consultant notre <a href=\"https:\/\/www.dna.fr\/protection-des-donnees\" target=\"_blank\" title=\"Consulter notre politique de protection des donn\u00e9es\" rel=\"noopener\">politique de protection des donn\u00e9es<\/a>. <br \/>&#13;<br \/>\n            <a href=\"https:\/\/www.dna.fr\/culture-loisirs\/2025\/10\/24\/javascript:Didomi.notice.show()\" class=\"consentModule_cmp\" target=\"_blank\" rel=\"noopener\">G\u00e9rer mes choix<\/a>&#13;\n        <\/p>\n<p>&#13;<br \/>\n                        J&rsquo;accepte&#13;<br \/>\n            J&rsquo;accepte tous les cookies&#13;\n        <\/p>\n<p class=\"note\">Festival Alemaniac, le vendredi 7\u00a0novembre \u00e0 partir de 18\u00a0h et le samedi 8\u00a0novembre \u00e0 partir de 16\u00a0h au Kulturhaus de Kehl, Am L\u00e4ger, acc\u00e8s en tram possible (\u00e0 quelques minutes \u00e0 pied de la station Bahnhof). Les billets (1 ou 2 jours) \u00e0 partir de 17,50\u00a0\u20ac sont disponibles sur la plateforme Reservix ou en caisse du soir, selon disponibilit\u00e9. Plus d\u2019informations sur\u00a0: www.alemaniac.org<\/p>\n","protected":false},"excerpt":{"rendered":"Le Kulturhaus (Maison de la culture) de Kehl offrira deux sc\u00e8nes \u00e0 l\u2019\u00e9v\u00e9nement qui rassemblera treize groupes et&hellip;\n","protected":false},"author":2,"featured_media":486176,"comment_status":"","ping_status":"","sticky":false,"template":"","format":"standard","meta":{"footnotes":""},"categories":[2820],"tags":[1111,11,672,1687,2880,1777,674,107,1011,27,775,873,12,25,1806,640,2879],"class_list":{"0":"post-488760","1":"post","2":"type-post","3":"status-publish","4":"format-standard","5":"has-post-thumbnail","7":"category-strasbourg","8":"tag-actu","9":"tag-actualites","10":"tag-allemagne","11":"tag-culture-loisirs","12":"tag-edition-strasbourg","13":"tag-eu","14":"tag-europe","15":"tag-fil-info","16":"tag-fr","17":"tag-france","18":"tag-grand-est","19":"tag-musique","20":"tag-news","21":"tag-republique-francaise","22":"tag-rheinblick","23":"tag-strasbourg","24":"tag-strasbourg-ville"},"share_on_mastodon":{"url":"https:\/\/pubeurope.com\/@fr\/115434117301724439","error":""},"_links":{"self":[{"href":"https:\/\/www.europesays.com\/fr\/wp-json\/wp\/v2\/posts\/488760","targetHints":{"allow":["GET"]}}],"collection":[{"href":"https:\/\/www.europesays.com\/fr\/wp-json\/wp\/v2\/posts"}],"about":[{"href":"https:\/\/www.europesays.com\/fr\/wp-json\/wp\/v2\/types\/post"}],"author":[{"embeddable":true,"href":"https:\/\/www.europesays.com\/fr\/wp-json\/wp\/v2\/users\/2"}],"replies":[{"embeddable":true,"href":"https:\/\/www.europesays.com\/fr\/wp-json\/wp\/v2\/comments?post=488760"}],"version-history":[{"count":0,"href":"https:\/\/www.europesays.com\/fr\/wp-json\/wp\/v2\/posts\/488760\/revisions"}],"wp:featuredmedia":[{"embeddable":true,"href":"https:\/\/www.europesays.com\/fr\/wp-json\/wp\/v2\/media\/486176"}],"wp:attachment":[{"href":"https:\/\/www.europesays.com\/fr\/wp-json\/wp\/v2\/media?parent=488760"}],"wp:term":[{"taxonomy":"category","embeddable":true,"href":"https:\/\/www.europesays.com\/fr\/wp-json\/wp\/v2\/categories?post=488760"},{"taxonomy":"post_tag","embeddable":true,"href":"https:\/\/www.europesays.com\/fr\/wp-json\/wp\/v2\/tags?post=488760"}],"curies":[{"name":"wp","href":"https:\/\/api.w.org\/{rel}","templated":true}]}}