{"id":488793,"date":"2025-10-25T09:56:18","date_gmt":"2025-10-25T09:56:18","guid":{"rendered":"https:\/\/www.europesays.com\/fr\/488793\/"},"modified":"2025-10-25T09:56:18","modified_gmt":"2025-10-25T09:56:18","slug":"novak-djokovic-forfait-la-periode-ou-il-regnait-sur-le-circuit-nous-manque-terriblement","status":"publish","type":"post","link":"https:\/\/www.europesays.com\/fr\/488793\/","title":{"rendered":"Novak Djokovic forfait, la p\u00e9riode o\u00f9 il r\u00e9gnait sur le circuit nous manque terriblement"},"content":{"rendered":"<p class=\"mb-4 text-lg md:leading-8 break-words\"><strong>vid\u00e9o &#8211; Une chronique diffus\u00e9e dans \u00ab\u00a020 Minutes Arena\u00a0\u00bb, l\u2019\u00e9mission du service des sports sur 20 Minutes TV<\/strong><\/p>\n<p class=\"mb-4 text-lg md:leading-8 break-words\"><a href=\"https:\/\/www.20minutes.fr\/sport\/novak_djokovic\/?at_medium=RSS%20feed&amp;at_campaign=ynews&amp;utm_source=yahoo&amp;utm_medium=rss&amp;utm_campaign=news_feed&amp;utm_content=in_article_link\" rel=\"nofollow noopener\" target=\"_blank\" data-ylk=\"slk:Novak Djokovic;elm:context_link;itc:0;sec:content-canvas\" class=\"link \">Novak Djokovic <\/a>ne remportera pas une huiti\u00e8me fois le Masters 1000 de Paris. Le Serbe a d\u00fb d\u00e9clarer forfait, <a href=\"https:\/\/www.20minutes.fr\/sport\/tennis\/4177781-20251007-tennis-chaleur-humidite-novak-djokovic-ecroule-court-apres-enorme-point-gagne-quand-match?at_medium=RSS%20feed&amp;at_campaign=ynews&amp;utm_source=yahoo&amp;utm_medium=rss&amp;utm_campaign=news_feed&amp;utm_content=in_article_link\" rel=\"nofollow noopener\" target=\"_blank\" data-ylk=\"slk:us\u00e9 physiquement par son parcours \u00e0 Shanghai;elm:context_link;itc:0;sec:content-canvas\" class=\"link \">us\u00e9 physiquement par son parcours \u00e0 Shanghai<\/a>, o\u00f9 il a c\u00e9d\u00e9 en demi-finale face \u00e0 Valentin Vacherot. Retomb\u00e9 \u00e0 la 5e place mondiale, le joueur de 38 ans commence \u00e0 montrer d\u2019inqui\u00e9tants signes de fatigue, apr\u00e8s des ann\u00e9es \u00e0 \u00e9c\u0153urer le circuit gr\u00e2ce \u00e0 son physique hors normes.<\/p>\n<p class=\"mb-4 text-lg md:leading-8 break-words\">Cela fait maintenant plus de 150 jours que Djoko n\u2019a plus gagn\u00e9 un tournoi. De quoi provoquer chez ses plus grands fans, drogu\u00e9s \u00e0 ses succ\u00e8s depuis 15 ans, une terrible sensation de manque. L\u2019un d\u2019entre eux a accept\u00e9 de venir nous raconter cette longue errance.<\/p>\n<p>Publicit\u00e9<\/p>\n<p>Publicit\u00e9<\/p>\n<p>Publicit\u00e9<\/p>\n<p>Publicit\u00e9<\/p>\n<p class=\"mb-4 text-lg md:leading-8 break-words\">Cette s\u00e9quence est tir\u00e9e de l\u2019\u00e9mission <a href=\"https:\/\/www.20minutes.fr\/tv\/20-arena\/?at_medium=RSS%20feed&amp;at_campaign=ynews&amp;utm_source=yahoo&amp;utm_medium=rss&amp;utm_campaign=news_feed&amp;utm_content=in_article_link\" rel=\"nofollow noopener\" target=\"_blank\" data-ylk=\"slk:\u00ab\u00a020 Minutes Arena\u00a0\u00bb;elm:context_link;itc:0;sec:content-canvas\" class=\"link \">\u00ab\u00a020 Minutes Arena\u00a0\u00bb<\/a>, diffus\u00e9e sur notre cha\u00eene \u00ab\u00a020 Minutes TV\u00a0\u00bb. On pr\u00e9cisera qu\u2019elle a \u00e9t\u00e9 tourn\u00e9e avant l\u2019annonce officielle du forfait de Djoko pour le tournoi parisien.<\/p>\n<p class=\"mb-4 text-lg md:leading-8 break-words\"><a href=\"https:\/\/www.20minutes.fr\/sport\/tennis\/4181225-20251025-masters-1000-paris-novak-djokovic-forfait-periode-regnait-circuit-manque-terriblement?at_medium=RSS%20feed&amp;at_campaign=ynews&amp;utm_source=yahoo&amp;utm_medium=rss&amp;utm_campaign=news_feed&amp;utm_content=read_more_link&quot;\" rel=\"nofollow noopener\" target=\"_blank\" data-ylk=\"slk:Lire la suite sur 20minutes;elm:context_link;itc:0;sec:content-canvas\" class=\"link \">Lire la suite sur 20minutes<\/a><\/p>\n<p>\u00c0 lire aussi :<br \/><a href=\"https:\/\/www.20minutes.fr\/sport\/tennis\/4180778-20251021-masters-1000-paris-novak-djokovic-declare-forfait-serbe-verra-jour-defense?at_medium=RSS%20feed&amp;at_campaign=ynews&amp;utm_source=yahoo&amp;utm_medium=rss&amp;utm_campaign=news_feed&amp;utm_content=related_content_link\" rel=\"nofollow noopener\" target=\"_blank\" data-ylk=\"slk:Masters 1000 de Paris\u00a0: Novak Djokovic d\u00e9clare forfait, le Serbe verra-t-il un jour la D\u00e9fense\u00a0?;elm:context_link;itc:0;sec:content-canvas\" class=\"link \">Masters 1000 de Paris\u00a0: Novak Djokovic d\u00e9clare forfait, le Serbe verra-t-il un jour la D\u00e9fense\u00a0?<\/a><br \/><a href=\"https:\/\/www.20minutes.fr\/sport\/tennis\/roland-garros\/4157404-20250606-roland-garros-2025-ovation-emotion-novak-djokovic-peut-etre-joue-dernier-match-carriere-roland?at_medium=RSS%20feed&amp;at_campaign=ynews&amp;utm_source=yahoo&amp;utm_medium=rss&amp;utm_campaign=news_feed&amp;utm_content=related_content_link\" rel=\"nofollow noopener\" target=\"_blank\" data-ylk=\"slk:Roland-Garros 2025\u00a0: Ovation et \u00e9motion, Novak Djokovic a peut-\u00eatre jou\u00e9 \u00ab\u00a0le dernier match\u00a0\u00bb de sa carri\u00e8re \u00e0 Roland;elm:context_link;itc:0;sec:content-canvas\" class=\"link \">Roland-Garros 2025\u00a0: Ovation et \u00e9motion, Novak Djokovic a peut-\u00eatre jou\u00e9 \u00ab\u00a0le dernier match\u00a0\u00bb de sa carri\u00e8re \u00e0 Roland<\/a><\/p>\n","protected":false},"excerpt":{"rendered":"vid\u00e9o &#8211; Une chronique diffus\u00e9e dans \u00ab\u00a020 Minutes Arena\u00a0\u00bb, l\u2019\u00e9mission du service des sports sur 20 Minutes TV&hellip;\n","protected":false},"author":2,"featured_media":488794,"comment_status":"","ping_status":"","sticky":false,"template":"","format":"standard","meta":{"footnotes":""},"categories":[1888],"tags":[642,1111,1928,11,1927,61179,1777,674,1011,27,12,1926,6433,626,1925,25,61178,61180],"class_list":{"0":"post-488793","1":"post","2":"type-post","3":"status-publish","4":"format-standard","5":"has-post-thumbnail","7":"category-paris","8":"tag-20-minutes","9":"tag-actu","10":"tag-actu-paris","11":"tag-actualites","12":"tag-actualites-paris","13":"tag-djoko","14":"tag-eu","15":"tag-europe","16":"tag-fr","17":"tag-france","18":"tag-news","19":"tag-news-paris","20":"tag-novak-djokovic","21":"tag-paris","22":"tag-paris-news","23":"tag-republique-francaise","24":"tag-signes-de-fatigue","25":"tag-valentin-vacherot"},"share_on_mastodon":{"url":"https:\/\/pubeurope.com\/@fr\/115434211591401067","error":""},"_links":{"self":[{"href":"https:\/\/www.europesays.com\/fr\/wp-json\/wp\/v2\/posts\/488793","targetHints":{"allow":["GET"]}}],"collection":[{"href":"https:\/\/www.europesays.com\/fr\/wp-json\/wp\/v2\/posts"}],"about":[{"href":"https:\/\/www.europesays.com\/fr\/wp-json\/wp\/v2\/types\/post"}],"author":[{"embeddable":true,"href":"https:\/\/www.europesays.com\/fr\/wp-json\/wp\/v2\/users\/2"}],"replies":[{"embeddable":true,"href":"https:\/\/www.europesays.com\/fr\/wp-json\/wp\/v2\/comments?post=488793"}],"version-history":[{"count":0,"href":"https:\/\/www.europesays.com\/fr\/wp-json\/wp\/v2\/posts\/488793\/revisions"}],"wp:featuredmedia":[{"embeddable":true,"href":"https:\/\/www.europesays.com\/fr\/wp-json\/wp\/v2\/media\/488794"}],"wp:attachment":[{"href":"https:\/\/www.europesays.com\/fr\/wp-json\/wp\/v2\/media?parent=488793"}],"wp:term":[{"taxonomy":"category","embeddable":true,"href":"https:\/\/www.europesays.com\/fr\/wp-json\/wp\/v2\/categories?post=488793"},{"taxonomy":"post_tag","embeddable":true,"href":"https:\/\/www.europesays.com\/fr\/wp-json\/wp\/v2\/tags?post=488793"}],"curies":[{"name":"wp","href":"https:\/\/api.w.org\/{rel}","templated":true}]}}