{"id":488801,"date":"2025-10-25T10:00:13","date_gmt":"2025-10-25T10:00:13","guid":{"rendered":"https:\/\/www.europesays.com\/fr\/488801\/"},"modified":"2025-10-25T10:00:13","modified_gmt":"2025-10-25T10:00:13","slug":"quest-ce-que-le-pret-de-reparation-pour-lukraine-et-pourquoi-ce-plan-de-lue-a-t-il-du-plomb-dans-laile","status":"publish","type":"post","link":"https:\/\/www.europesays.com\/fr\/488801\/","title":{"rendered":"Qu&rsquo;est-ce que le \u00ab\u00a0pr\u00eat de r\u00e9paration\u00a0\u00bb pour l&rsquo;Ukraine et pourquoi ce plan de l&rsquo;UE a-t-il du plomb dans l&rsquo;aile\u00a0?"},"content":{"rendered":"<p>L&rsquo;Union europ\u00e9enne s&#8217;empresse de trouver des moyens de soutenir les finances de l&rsquo;Ukraine, alors que la guerre ne montre aucun signe d&rsquo;apaisement et que les co\u00fbts s&rsquo;accumulent.<\/p>\n<p>L&rsquo;urgence s&rsquo;est accrue depuis que l&rsquo;administration Trump a clairement indiqu\u00e9 qu&rsquo;il appartiendrait \u00e0 l&rsquo;Europe de payer la facture pour la s\u00e9curit\u00e9 du continent.<\/p>\n<p>Avec le retrait des \u00c9tats-Unis, les Europ\u00e9ens envisagent d\u00e9sormais un plan audacieux consistant \u00e0 utiliser les avoirs immobilis\u00e9s de la Russie pour accorder un pr\u00eat de 140 milliards d&rsquo;euros \u00e0 l&rsquo;Ukraine \u00e0 titre de r\u00e9paration, ce qui pourrait contribuer \u00e0 couvrir les besoins financiers et militaires du pays pour 2026 et 2027.<\/p>\n<p>Ce projet se heurte toutefois \u00e0 des obstacles.<\/p>\n<p>La Belgique, qui h\u00e9berge les actifs russes, <a href=\"https:\/\/fr.euronews.com\/my-europe\/2025\/10\/24\/la-belgique-soppose-au-pret-de-140-milliards-deuros-pour-lukraine-lors-du-sommet-de-lue\" target=\"_blank\" rel=\"noopener\"><strong>a mis un frein \u00e0 cette initiative<\/strong><\/a> lors d&rsquo;un sommet europ\u00e9en cette semaine, invoquant ses implications juridiques ainsi que la menace de repr\u00e9sailles de la part de la Russie. Toutefois, les Europ\u00e9ens ont clairement fait savoir qu&rsquo;ils ne voulaient pas, pas plus que leurs contribuables, payer pour les destructions caus\u00e9es par la Russie, et qu&rsquo;il n&rsquo;y avait donc pas d&rsquo;autre solution.<\/p>\n<p>Voici ce que vous devez savoir sur le \u00ab\u00a0pr\u00eat de r\u00e9paration\u00a0\u00bb.<\/p>\n<p>Comment en sommes-nous arriv\u00e9s l\u00e0 ?<\/p>\n<p>D\u00e8s la premi\u00e8re semaine de l&rsquo;invasion massive de l&rsquo;Ukraine par la Russie au d\u00e9but de 2022, l&rsquo;Union europ\u00e9enne et ses alli\u00e9s du G7 ont impos\u00e9 des sanctions sans pr\u00e9c\u00e9dent \u00e0 la Russie.<\/p>\n<p>Parmi celles-ci figurait une d\u00e9cision radicale visant \u00e0 geler les avoirs de la Banque centrale russe d\u00e9tenus en Occident afin de priver Moscou de la capacit\u00e9 de financer la guerre. <\/p>\n<p>Pour l&rsquo;UE, cela repr\u00e9sentait un levier \u00e9conomique et politique de 210 milliards d&rsquo;euros sur la Russie, car la majeure partie des actifs est d\u00e9tenue chez Euroclear, un d\u00e9positaire central de titres situ\u00e9 \u00e0 Bruxelles. Les actifs d\u00e9tenus chez Euroclear g\u00e9n\u00e8rent des b\u00e9n\u00e9fices exceptionnels annuels de 2,5 \u00e0 3 milliards d&rsquo;euros pour le gouvernement belge, qui h\u00e9berge Euroclear, et sont d\u00e9sormais au centre des discussions.<\/p>\n<p>L&rsquo;ann\u00e9e derni\u00e8re, apr\u00e8s des mois de d\u00e9bats internes, l&rsquo;UE a commenc\u00e9 \u00e0 utiliser ces revenus extraordinaires pour r\u00e9pondre aux besoins financiers et militaires de l&rsquo;Ukraine. Les efforts se sont ensuite concr\u00e9tis\u00e9s par un <a href=\"https:\/\/fr.euronews.com\/my-europe\/2024\/09\/21\/comment-lue-va-puiser-dans-les-avoirs-geles-de-la-russie-pour-lever-35-milliards-deuros-en\" target=\"_blank\" rel=\"noopener\"><strong>pr\u00eat plus important du G7<\/strong><\/a>, d&rsquo;un montant de 45 milliards d&rsquo;euros, qui sera enti\u00e8rement rembours\u00e9 gr\u00e2ce \u00e0 ces b\u00e9n\u00e9fices exceptionnels.<\/p>\n<p>La Russie ne montrant aucune volont\u00e9 de s&rsquo;engager dans de v\u00e9ritables pourparlers de paix, les Europ\u00e9ens ont pris conscience que la ligne de cr\u00e9dit du G7 s&rsquo;av\u00e9rerait bient\u00f4t insuffisante.<\/p>\n<p>Il faut prendre des mesures plus importantes.<\/p>\n<p>Qu&rsquo;est-ce que le \u00ab\u00a0pr\u00eat de r\u00e9paration\u00a0\u00bb ?<\/p>\n<p>L&rsquo;urgence de trouver une solution a incit\u00e9 la Commission europ\u00e9enne \u00e0 s&rsquo;int\u00e9resser de plus pr\u00e8s \u00e0 Euroclear. Les actifs, initialement d\u00e9tenus sous forme d&rsquo;obligations, sont arriv\u00e9s \u00e0 \u00e9ch\u00e9ance et constituent aujourd&rsquo;hui une r\u00e9serve de liquidit\u00e9s d&rsquo;une valeur d&rsquo;environ 175 milliards d&rsquo;euros, 10 milliards d&rsquo;euros suppl\u00e9mentaires \u00e9tant attendus dans un avenir proche.<\/p>\n<p>Selon le plan provisoire, Euroclear transf\u00e9rerait les liquidit\u00e9s \u00e0 la Commission, qui \u00e9mettrait alors un pr\u00eat de 140 milliards d&rsquo;euros \u00e0 l&rsquo;Ukraine au nom de l&rsquo;Union. Les 45 milliards d&rsquo;euros restants couvriraient le cr\u00e9dit du G7, \u00e9tant donn\u00e9 que les b\u00e9n\u00e9fices exceptionnels ne s&rsquo;appliqueraient plus.<\/p>\n<p>Le pr\u00eat de 140 milliards d&rsquo;euros serait ensuite vers\u00e9 \u00e0 Kyiv par tranches progressives et soumis \u00e0 certaines conditions. Par exemple, un objectif \u00ab\u00a0Made in Europe\u00a0\u00bb pour les armes achet\u00e9es.<\/p>\n<p>L&rsquo;Ukraine ne serait tenue de rembourser le pr\u00eat qu&rsquo;apr\u00e8s que la Russie aurait mis fin \u00e0 sa guerre d&rsquo;agression et accept\u00e9 de r\u00e9parer les dommages caus\u00e9s. D&rsquo;o\u00f9 le nom de \u00ab\u00a0pr\u00eat de r\u00e9paration\u00a0\u00bb. Ensuite, la Commission rembourserait Euroclear, qui rembourserait \u00e0 son tour la Russie, bouclant ainsi la boucle. La Commission insiste sur le fait qu&rsquo;il ne s&rsquo;agit pas d&rsquo;une confiscation. <\/p>\n<p>Sur le plan politique, ce pr\u00eat est \u00e9galement utile, car il fournirait un soutien fiable et r\u00e9gulier \u00e0 Kyiv tout en \u00e9vitant aux \u00c9tats membres \u00e0 court d&rsquo;argent de devoir passer \u00e0 la caisse.<\/p>\n<p>Pourquoi la Belgique est-elle le principal obstacle ?<\/p>\n<p>Le projet, qui n&rsquo;en est qu&rsquo;\u00e0 ses d\u00e9buts, a propuls\u00e9 la Belgique au premier plan du d\u00e9bat politique, car c&rsquo;est l\u00e0 que se trouve le si\u00e8ge d&rsquo;Euroclear, o\u00f9 sont d\u00e9tenus les actifs.<\/p>\n<p>La Belgique a conclu de longue date avec la<a href=\"https:\/\/edit.wti.org\/document\/show\/bc883946-ac64-4e50-9b78-8f13137f128e\" target=\"_blank\" rel=\"noreferrer noopener\"> <\/a>Russie un <a href=\"https:\/\/edit.wti.org\/document\/show\/bc883946-ac64-4e50-9b78-8f13137f128e\" target=\"_blank\" rel=\"noreferrer noopener\"><strong>trait\u00e9 d&rsquo;investissement<\/strong> <\/a>qui pr\u00e9voit un arbitrage en cas de litige entre les parties. La Belgique craint qu&rsquo;au moment m\u00eame o\u00f9 les fonds quitteront Euroclear, Moscou ne lance des repr\u00e9sailles agressives pour r\u00e9cup\u00e9rer les 140 milliards d&rsquo;euros et exiger une indemnisation substantielle, ce qui conduirait \u00e0 un litige international. <\/p>\n<p>Une autre pr\u00e9occupation majeure est que les sanctions de l&rsquo;UE, qui requi\u00e8rent l&rsquo;unanimit\u00e9, pourraient \u00eatre lev\u00e9es avant que Moscou ne verse les r\u00e9parations et donc rembourser l&rsquo;int\u00e9gralit\u00e9 du pr\u00eat.<\/p>\n<p>C&rsquo;est pourquoi le Premier ministre belge Bart De Wever a insist\u00e9 sur la n\u00e9cessit\u00e9 d&rsquo;obtenir la \u00ab\u00a0mutualisation totale\u00a0\u00bb des risques et des garanties \u00e0 toute \u00e9preuve de la part de tous les \u00c9tats membres.<\/p>\n<p>En th\u00e9orie, chaque \u00c9tat membre soutiendrait une part des 140 milliards d&rsquo;euros proportionnelle \u00e0 sa taille. Le budget de l&rsquo;UE pourrait \u00eatre mobilis\u00e9 ult\u00e9rieurement comme une couche suppl\u00e9mentaire de soutien.<\/p>\n<p>\u00ab\u00a0Si vous retirez l&rsquo;argent de mon pays, si cela tourne mal, je ne suis pas en mesure, et certainement pas dispos\u00e9, \u00e0 payer 140 milliards d&rsquo;euros en une semaine\u00a0\u00bb, a d\u00e9clar\u00e9 De Wever apr\u00e8s un sommet europ\u00e9en jeudi qui s&rsquo;est conclu <a href=\"https:\/\/fr.euronews.com\/my-europe\/2025\/10\/24\/la-belgique-soppose-au-pret-de-140-milliards-deuros-pour-lukraine-lors-du-sommet-de-lue\" target=\"_blank\" rel=\"noopener\"><strong>sans accord ferme<\/strong><\/a> sur cette id\u00e9e.<\/p>\n<p>\u00ab\u00a0J&rsquo;imagine donc que tous ceux qui sont vraiment favorables \u00e0 cette d\u00e9cision, qui veulent vraiment qu&rsquo;elle se concr\u00e9tise, sont \u00e9galement pr\u00eats, dispos\u00e9s et capables de fournir une garantie afin que je puisse dormir tranquille la nuit, sachant que si cela tourne mal ou si la situation se d\u00e9t\u00e9riore, la solidarit\u00e9 fera en sorte que l&rsquo;argent soit effectivement disponible\u00a0\u00bb, a-t-il ajout\u00e9.<\/p>\n<p>\u00ab\u00a0Cette question n&rsquo;a pas suscit\u00e9 un enthousiasme d\u00e9bordant autour de la table\u00a0\u00bb, a-t-il soulign\u00e9.<\/p>\n<p>Qu&rsquo;en est-il de la BCE ?<\/p>\n<p>Le pr\u00eat de r\u00e9paration a \u00e9galement mis en lumi\u00e8re la Banque centrale europ\u00e9enne, principal garant de la stabilit\u00e9 financi\u00e8re et mon\u00e9taire dans la zone euro.<\/p>\n<p>Sa pr\u00e9sidente, Christine Lagarde, avait pr\u00e9c\u00e9demment critiqu\u00e9 toute mesure pouvant \u00eatre consid\u00e9r\u00e9e comme une confiscation pure et simple des actifs souverains d&rsquo;un pays, ce qui est ill\u00e9gal au regard du droit international et pourrait nuire \u00e0 la r\u00e9putation internationale de la juridiction de l&rsquo;euro. Dans sa forme actuelle, le pr\u00eat ne constitue pas une confiscation pure et simple, car la Russie serait en mesure de r\u00e9cup\u00e9rer les actifs si elle acceptait de payer des r\u00e9parations, ce qui est pratiquement impossible.<\/p>\n<p>Selon des diplomates et des fonctionnaires au fait des discussions, Lagarde ne s&rsquo;est pas oppos\u00e9e au projet et a laiss\u00e9 entendre que l&rsquo;id\u00e9e d&rsquo;un \u00ab\u00a0pr\u00eat de r\u00e9paration\u00a0\u00bb \u00e9tait r\u00e9alisable, mais que des travaux techniques suppl\u00e9mentaires \u00e9taient n\u00e9cessaires. Elle a recommand\u00e9 \u00e0 l&rsquo;UE de ne pas avancer seule dans ce projet sans pr\u00e9c\u00e9dent et d&rsquo;y associer d&rsquo;autres alli\u00e9s du G7, tels que le Royaume-Uni, le Canada et le Japon, qui d\u00e9tiennent tous des parts moins importantes des actifs souverains russes.<\/p>\n<p>Bart De Wever a exig\u00e9 une transparence totale pour localiser tous les actifs en Europe.<\/p>\n<p>\u00ab\u00a0Le poulet le plus gras se trouve en Belgique, mais il y en a d&rsquo;autres. Dans la zone euro, six autres pays poss\u00e8dent des actifs immobilis\u00e9s\u00a0\u00bb, a-t-il affirm\u00e9.<\/p>\n<p>\u00ab\u00a0Aucun d&rsquo;entre eux n&rsquo;a jamais fait preuve de transparence quant au montant dont ils disposent. Aucune transparence sur les profits exceptionnels g\u00e9n\u00e9r\u00e9s par cet argent, aucune transparence sur les recettes fiscales g\u00e9n\u00e9r\u00e9es par cet argent\u00a0\u00bb, a-t-il regrett\u00e9, sans nommer les pays concern\u00e9s. <\/p>\n<p>La Commission a toutefois bas\u00e9 son plan exclusivement sur les 185 milliards d&rsquo;euros conserv\u00e9s chez Euroclear, alors qu&rsquo;elle avait pr\u00e9c\u00e9demment d\u00e9clar\u00e9 qu&rsquo;environ 210 milliards d&rsquo;euros \u00e9taient d\u00e9tenus dans la zone euro.<\/p>\n<p>Que disent les autres pays ?<\/p>\n<p>Publiquement, les \u00c9tats membres de l&rsquo;UE ont exprim\u00e9 leur compr\u00e9hension et leur solidarit\u00e9 envers la Belgique.<\/p>\n<p>\u00ab\u00a0J&rsquo;utiliserais le m\u00eame argument si les actifs se trouvaient en Allemagne. Aujourd&rsquo;hui, nous avons fait un pas en avant qui ne doit pas \u00eatre consid\u00e9r\u00e9 comme acquis\u00a0\u00bb, a d\u00e9clar\u00e9 le chancelier allemand Friedrich Merz \u00e0 l&rsquo;issue du sommet. \u00ab\u00a0Nous ferons tout notre possible pour aller de l&rsquo;avant\u00a0\u00bb.<\/p>\n<p>Le Premier ministre n\u00e9erlandais Dick Schoof a d\u00e9clar\u00e9 que tous les \u00c9tats membres \u00ab\u00a0doivent partager le risque, et pas seulement la Belgique\u00a0\u00bb. (La Hongrie a d\u00e9j\u00e0 fait savoir qu&rsquo;elle refuserait toute participation).<\/p>\n<p>En priv\u00e9, les diplomates affirment que les attentes de la Belgique ont leurs limites.<\/p>\n<p>L&rsquo;id\u00e9e d&rsquo;indemniser les entreprises belges qui continuent d&rsquo;op\u00e9rer en Russie si le Kremlin d\u00e9cidait de riposter en saisissant leurs actifs en contrepartie est consid\u00e9r\u00e9e comme inenvisageable.<\/p>\n<p>La r\u00e9cente tentative de l&rsquo;Autriche de compenser la d\u00e9faite judiciaire de 2,1 milliards d&rsquo;euros subie par la Raiffeisen Bank International (RBI), qui g\u00e8re une filiale prosp\u00e8re en Russie, <a href=\"https:\/\/fr.euronews.com\/my-europe\/2025\/10\/14\/raiffeisen-une-banque-autrichienne-au-centre-de-lattention-sur-fond-de-nouvelles-sanctions\" target=\"_blank\" rel=\"noopener\"><strong>s&rsquo;est sold\u00e9e par une controverse<\/strong><\/a> et n&rsquo;a pas r\u00e9ussi \u00e0 rallier le soutien des autres \u00c9tats membres.<\/p>\n<p>Il y a \u00e9galement une dimension politique \u00e0 cela.<\/p>\n<p>De Wever est enlis\u00e9 dans des n\u00e9gociations budg\u00e9taires tendues, et sa coalition multipartite est confront\u00e9e \u00e0 un exercice d&rsquo;\u00e9quilibre d\u00e9licat. Cela soul\u00e8ve la question de savoir si le Premier ministre n&rsquo;est pas aussi pr\u00e9occup\u00e9 qu&rsquo;il le laisse para\u00eetre \u00e0 la presse, mais cherche plut\u00f4t \u00e0 tirer profit de son attitude intransigeante pour marquer des points sur le plan national.<\/p>\n<p>Apr\u00e8s tout, \u00e0 Bruxelles, chaque dirigeant s&rsquo;adresse \u00e0 deux publics : ses homologues europ\u00e9ens et ses \u00e9lecteurs. Pour qu&rsquo;une perc\u00e9e soit possible, il faut qu&rsquo;elle semble difficile \u00e0 r\u00e9aliser. <\/p>\n<p>Existe-t-il des alternatives ?<\/p>\n<p>Les dirigeants ont charg\u00e9 la Commission europ\u00e9enne d&rsquo;\u00e9tudier les \u00ab\u00a0options\u00a0\u00bb permettant de r\u00e9pondre aux besoins financiers et militaires croissants de Kyiv au cours des deux \u00e0 trois prochaines ann\u00e9es.<\/p>\n<p>Cette formulation laisse la porte ouverte \u00e0 d&rsquo;autres solutions.<\/p>\n<p>Une possibilit\u00e9 serait que les \u00c9tats membres se tournent vers les march\u00e9s et l\u00e8vent eux-m\u00eames les fonds n\u00e9cessaires sans toucher aux avoirs russes. C&rsquo;est ce qui a \u00e9t\u00e9 fait en 2023 lors de la cr\u00e9ation de la facilit\u00e9 pour l&rsquo;Ukraine, qui a garanti 50 milliards d&rsquo;euros \u00e0 Kiev sous forme de subventions et de pr\u00eats.<\/p>\n<p>Bien que le Premier ministre belge n&rsquo;ait pas exclu cette possibilit\u00e9 lorsqu&rsquo;il a \u00e9t\u00e9 interrog\u00e9 par les journalistes, il serait difficile pour d&rsquo;autres pays europ\u00e9ens fortement endett\u00e9s de s&rsquo;engager dans cette voie.<\/p>\n<p>Si la souscription est effectu\u00e9e en fonction de la taille, des pays comme la France et l&rsquo;Italie seraient concern\u00e9s. Cela pose un probl\u00e8me au pr\u00e9sident Emmanuel Macron, qui doit faire face \u00e0 <a href=\"https:\/\/fr.euronews.com\/2025\/10\/18\/sp-degrade-la-note-de-la-france-et-la-place-au-niveau-de-lespagne-et-du-portugal\" target=\"_blank\" rel=\"noopener\"><strong>des n\u00e9gociations budg\u00e9taires complexes<\/strong><\/a>, mais aussi \u00e0 Giorgia Meloni, compte tenu de la dette colossale de son pays.<\/p>\n<p>\u00ab\u00a0La discussion de ce soir n&rsquo;a pas enterr\u00e9 la proposition faite par la Commission. Elle a simplement permis de soulever des questions techniques qui doivent \u00eatre r\u00e9solues. Et nous sommes conscients de ces questions techniques\u00a0\u00bb, a d\u00e9clar\u00e9 le pr\u00e9sident fran\u00e7ais.<\/p>\n<p>La balle est d\u00e9sormais dans le camp de la Commission. L&rsquo;ex\u00e9cutif de l&rsquo;UE, critiqu\u00e9 pour avoir pr\u00e9sent\u00e9 le dossier sans r\u00e9elle consultation, devrait intensifier ses contacts bilat\u00e9raux avec la Belgique et lever toutes les inqui\u00e9tudes restantes.<\/p>\n<p>\u00ab\u00a0Il y a des points \u00e0 clarifier et \u00e0 approfondir\u00a0\u00bb, a d\u00e9clar\u00e9 la pr\u00e9sidente de la Commission, Ursula von der Leyen, signalant sa d\u00e9termination \u00e0 aller de l&rsquo;avant.<\/p>\n<p>\u00ab\u00a0En d&rsquo;autres termes, nous nous sommes mis d&rsquo;accord sur le quoi, c&rsquo;est-\u00e0-dire le pr\u00eat de r\u00e9paration, et nous devons maintenant travailler sur le comment, c&rsquo;est-\u00e0-dire comment le rendre possible (et) quelle est la meilleure option pour aller de l&rsquo;avant\u00a0\u00bb, a-t-elle ajout\u00e9.<\/p>\n<p>Une proposition actualis\u00e9e devrait \u00eatre pr\u00e9sent\u00e9e avant le prochain sommet en d\u00e9cembre, qui est d\u00e9sormais consid\u00e9r\u00e9 par les diplomates comme le moment critique pour qu&rsquo;une d\u00e9cision soit prise avant la nouvelle ann\u00e9e.<\/p>\n<p>Le pr\u00e9sident Volodymyr Zelensky a d\u00e9clar\u00e9 aux dirigeants europ\u00e9ens que l&rsquo;Ukraine aurait besoin de ces fonds en 2026, de pr\u00e9f\u00e9rence \u00ab\u00a0au tout d\u00e9but de l&rsquo;ann\u00e9e\u00a0\u00bb.<\/p>\n<p>\u00ab\u00a0Je ne sais pas si c&rsquo;est possible\u00a0\u00bb, a-t-il admis. \u00ab\u00a0Tout ne d\u00e9pend pas de nous. C&rsquo;est une d\u00e9cision politique\u00a0\u00bb.<\/p>\n","protected":false},"excerpt":{"rendered":"L&rsquo;Union europ\u00e9enne s&#8217;empresse de trouver des moyens de soutenir les finances de l&rsquo;Ukraine, alors que la guerre ne&hellip;\n","protected":false},"author":2,"featured_media":488802,"comment_status":"","ping_status":"","sticky":false,"template":"","format":"standard","meta":{"footnotes":""},"categories":[1590],"tags":[11,828,1777,674,12,132,220,364,2544],"class_list":{"0":"post-488801","1":"post","2":"type-post","3":"status-publish","4":"format-standard","5":"has-post-thumbnail","7":"category-ukraine","8":"tag-actualites","9":"tag-belgique","10":"tag-eu","11":"tag-europe","12":"tag-news","13":"tag-russie","14":"tag-ukraine","15":"tag-union-europeenne","16":"tag-ursula-von-der-leyen"},"share_on_mastodon":{"url":"https:\/\/pubeurope.com\/@fr\/115434227302796751","error":""},"_links":{"self":[{"href":"https:\/\/www.europesays.com\/fr\/wp-json\/wp\/v2\/posts\/488801","targetHints":{"allow":["GET"]}}],"collection":[{"href":"https:\/\/www.europesays.com\/fr\/wp-json\/wp\/v2\/posts"}],"about":[{"href":"https:\/\/www.europesays.com\/fr\/wp-json\/wp\/v2\/types\/post"}],"author":[{"embeddable":true,"href":"https:\/\/www.europesays.com\/fr\/wp-json\/wp\/v2\/users\/2"}],"replies":[{"embeddable":true,"href":"https:\/\/www.europesays.com\/fr\/wp-json\/wp\/v2\/comments?post=488801"}],"version-history":[{"count":0,"href":"https:\/\/www.europesays.com\/fr\/wp-json\/wp\/v2\/posts\/488801\/revisions"}],"wp:featuredmedia":[{"embeddable":true,"href":"https:\/\/www.europesays.com\/fr\/wp-json\/wp\/v2\/media\/488802"}],"wp:attachment":[{"href":"https:\/\/www.europesays.com\/fr\/wp-json\/wp\/v2\/media?parent=488801"}],"wp:term":[{"taxonomy":"category","embeddable":true,"href":"https:\/\/www.europesays.com\/fr\/wp-json\/wp\/v2\/categories?post=488801"},{"taxonomy":"post_tag","embeddable":true,"href":"https:\/\/www.europesays.com\/fr\/wp-json\/wp\/v2\/tags?post=488801"}],"curies":[{"name":"wp","href":"https:\/\/api.w.org\/{rel}","templated":true}]}}