{"id":48881,"date":"2025-04-24T10:00:10","date_gmt":"2025-04-24T10:00:10","guid":{"rendered":"https:\/\/www.europesays.com\/fr\/48881\/"},"modified":"2025-04-24T10:00:10","modified_gmt":"2025-04-24T10:00:10","slug":"jai-loupe-ma-page-stade-toulousain-parce-que-je-nai-pas-ete-tres-serieux","status":"publish","type":"post","link":"https:\/\/www.europesays.com\/fr\/48881\/","title":{"rendered":"J&rsquo;ai loup\u00e9 ma page Stade Toulousain parce que je n&rsquo;ai pas \u00e9t\u00e9 tr\u00e8s s\u00e9rieux"},"content":{"rendered":"<p>            Par<br \/>\n        <strong><br \/>\n            <a href=\"https:\/\/actu.fr\/auteur\/thomas-corbet-actu-fr\" title=\"Consulter tous les articles de Thomas Corbet\" rel=\"nofollow noopener\" target=\"_blank\">Thomas Corbet<\/a><br \/>\n        <\/strong><\/p>\n<p>        Publi\u00e9 le<\/p>\n<p>            24 avr. 2025 \u00e0 11h20        <\/p>\n<p>D\u00e9sormais entraineur en Nationale 2 \u00e0 Auch, <strong>Gr\u00e9gory Menkarska<\/strong> poursuit son apprentissage d\u2019un nouveau poste apr\u00e8s une carri\u00e8re principalement pass\u00e9e sous le maillot de l\u2019embl\u00e9matique club gersois. Alors qu\u2019il s\u2019\u00e9tait d\u00e9j\u00e0 confi\u00e9 sur <a href=\"https:\/\/actu.fr\/occitanie\/auch_32013\/ceux-qui-echouent-ici-on-ne-les-voit-pas-ancien-pilier-il-se-livre-sur-son-passage-rate-a-toulouse_61922324.html\" rel=\"nofollow noopener\" target=\"_blank\">son passage rat\u00e9 \u00e0 Toulouse<\/a> pour Actu Rugby, il se livre un peu plus sur le sujet au micro de <a href=\"https:\/\/www.centpourcent.com\/reecoutez-100-rouge-et-noir\" rel=\"nofollow noopener\" target=\"_blank\">100% Radio<\/a>.\u00a0<\/p>\n<p>Les regrets de Gr\u00e9gory Menkarska \u00e0 Toulouse<\/p>\n<p class=\" wall-content\">Les exemples de joueurs qui font le grand saut de leur club formateur \u00e0 un club de l\u2019\u00e9lite pour r\u00e9aliser qu\u2019ils ont peut-\u00eatre eu les yeux plus gros que le ventre sont nombreux. Des \u00e9checs qui sont parfois dus \u00e0 un mauvais timing, parfois \u00e0 un manque d\u2019implication, parfois \u00e0 des blessures\u2026<\/p>\n<p class=\" wall-content\">Au moment de se confier sur ses regrets de carri\u00e8re, Gr\u00e9gory Menkarska ne se d\u00e9file pas, lui qui est pass\u00e9 de Auch \u00e0 Toulouse de 2005 \u00e0 2007 pour rentrer dans le Gers presque \u00e9c\u0153ur\u00e9.\u00a0<\/p>\n<p class=\" wall-content\">\u00ab\u00a0J\u2019ai loup\u00e9 ma page Stade Toulousain, parce que je n\u2019ai pas \u00e9t\u00e9 tr\u00e8s s\u00e9rieux, parce que j\u2019ai \u00e9t\u00e9 bless\u00e9\u2026 Maintenant que je suis entraineur, je vois qu\u2019on a toute la vie pour profiter, et j\u2019en ai peut-\u00eatre profit\u00e9 au mauvais moment\u00a0\u00bb, explique-t-il.<\/p>\n<p>Un passage rat\u00e9 difficile \u00e0 dig\u00e9rer<\/p>\n<p class=\" wall-content\">Comme il le confiait \u00e0 Actu Rugby il y a quelques mois, Gr\u00e9gory Menkarska marche \u00e0 l\u2019affect. Recrut\u00e9 par le Stade Toulousain mais finalement pas invit\u00e9, comme on dit, il ne se d\u00e9fausse pas de ses responsabilit\u00e9s mais s\u2019est tout de m\u00eame senti abandonn\u00e9. Un rendez-vous manqu\u00e9 qu\u2019il a fallu dig\u00e9rer tant bien que mal.<\/p>\n<p>Vid\u00e9os : en ce moment sur Actu<\/p>\n<p class=\" wall-content\">\u00ab\u00a0Je ne sais si j\u2019ai beaucoup appris \u00e0 Toulouse, mais c\u2019est en partie \u00e0 cause de moi. C\u2019est aussi \u00e0 cause de la blessure, mais mine de rien je crois que j\u2019ai r\u00e9gress\u00e9 l\u00e0-bas. Quand je suis revenu (\u00e0 Auch, ndlr) \u00e7a a \u00e9t\u00e9 tr\u00e8s dur. Je n\u2019\u00e9tais pas au niveau, j\u2019ai mis beaucoup de temps et il m\u2019a fallu une grosse adaptation \u00e0 mon retour au club pour retrouver une place de titulaire. Il y tout ceux qui ont r\u00e9ussi \u00e0 Toulouse, c\u2019est tr\u00e8s bien pour eux, mais il y en a aussi beaucoup qui ont souffert de leur aventure toulousaine, et clairement c\u2019est mon cas\u00a0\u00bb conclut-il.<\/p>\n<p class=\" wall-content\">Retrouvez le podcast de l\u2019\u00e9mission 100% Rouge et Noir sur 100% Radio \u2013 en partenariat avec Actu Rugby \u2013 ci-dessous. Elle a lieu tous les mercredis, \u00e0 19h. Gr\u00e9gory Menkarska \u00e9tait l\u2019invit\u00e9 de l\u2019\u00e9mission du 23 avril.\u00a0<\/p>\n<p>    <a href=\"https:\/\/playerbeta.octopus.saooti.com\/miniplayer\/emission\/6553\/3?distributorId=d1b4aa9a-c1b4-4bd5-bf32-8604147b1e1c&amp;color=40a372&amp;theme=ffffff&amp;wave=false\" title=\"Ouvrie le lien\" rel=\"nofollow noopener\" target=\"_blank\">Cliquez ici pour visualiser le contenu<\/a><\/p>\n<p class=\" wall-content\">Suivez toute l\u2019actualit\u00e9 de vos villes et m\u00e9dias favoris en vous inscrivant \u00e0 <a href=\"https:\/\/moncompte.actu.fr\" title=\"D\u00e9couvez Mon Actu\" rel=\"nofollow noopener\" data-trk=\"{&quot;cta&quot;:{&quot;action&quot;:&quot;https:\\\/\\\/moncompte.actu.fr&quot;,&quot;category&quot;:&quot;mon compte&quot;,&quot;from&quot;:&quot;article footer&quot;,&quot;name&quot;:&quot;Mon actu&quot;,&quot;type&quot;:&quot;cta&quot;}}\" target=\"_blank\">Mon Actu<\/a>.<\/p>\n","protected":false},"excerpt":{"rendered":"Par Thomas Corbet Publi\u00e9 le 24 avr. 2025 \u00e0 11h20 D\u00e9sormais entraineur en Nationale 2 \u00e0 Auch, Gr\u00e9gory&hellip;\n","protected":false},"author":2,"featured_media":48882,"comment_status":"","ping_status":"","sticky":false,"template":"","format":"standard","meta":{"footnotes":""},"categories":[2816],"tags":[1111,11,1777,674,1011,27,12,2680,25,479,60,476,478,2312],"class_list":{"0":"post-48881","1":"post","2":"type-post","3":"status-publish","4":"format-standard","5":"has-post-thumbnail","7":"category-toulouse","8":"tag-actu","9":"tag-actualites","10":"tag-eu","11":"tag-europe","12":"tag-fr","13":"tag-france","14":"tag-news","15":"tag-occitanie","16":"tag-republique-francaise","17":"tag-rugby","18":"tag-sports","19":"tag-stade-toulousain","20":"tag-top-14","21":"tag-toulouse"},"share_on_mastodon":{"url":"https:\/\/pubeurope.com\/@fr\/114392362125842290","error":""},"_links":{"self":[{"href":"https:\/\/www.europesays.com\/fr\/wp-json\/wp\/v2\/posts\/48881","targetHints":{"allow":["GET"]}}],"collection":[{"href":"https:\/\/www.europesays.com\/fr\/wp-json\/wp\/v2\/posts"}],"about":[{"href":"https:\/\/www.europesays.com\/fr\/wp-json\/wp\/v2\/types\/post"}],"author":[{"embeddable":true,"href":"https:\/\/www.europesays.com\/fr\/wp-json\/wp\/v2\/users\/2"}],"replies":[{"embeddable":true,"href":"https:\/\/www.europesays.com\/fr\/wp-json\/wp\/v2\/comments?post=48881"}],"version-history":[{"count":0,"href":"https:\/\/www.europesays.com\/fr\/wp-json\/wp\/v2\/posts\/48881\/revisions"}],"wp:featuredmedia":[{"embeddable":true,"href":"https:\/\/www.europesays.com\/fr\/wp-json\/wp\/v2\/media\/48882"}],"wp:attachment":[{"href":"https:\/\/www.europesays.com\/fr\/wp-json\/wp\/v2\/media?parent=48881"}],"wp:term":[{"taxonomy":"category","embeddable":true,"href":"https:\/\/www.europesays.com\/fr\/wp-json\/wp\/v2\/categories?post=48881"},{"taxonomy":"post_tag","embeddable":true,"href":"https:\/\/www.europesays.com\/fr\/wp-json\/wp\/v2\/tags?post=48881"}],"curies":[{"name":"wp","href":"https:\/\/api.w.org\/{rel}","templated":true}]}}