{"id":488813,"date":"2025-10-25T10:07:17","date_gmt":"2025-10-25T10:07:17","guid":{"rendered":"https:\/\/www.europesays.com\/fr\/488813\/"},"modified":"2025-10-25T10:07:17","modified_gmt":"2025-10-25T10:07:17","slug":"pension-alimentaire-contribution-differentielle-sur-les-hauts-revenus-les-amendements-au-budget-2026-adoptes-a-lassemblee","status":"publish","type":"post","link":"https:\/\/www.europesays.com\/fr\/488813\/","title":{"rendered":"Pension alimentaire, contribution diff\u00e9rentielle sur les hauts revenus&#8230; Les amendements au budget 2026 adopt\u00e9s \u00e0 l\u2019Assembl\u00e9e"},"content":{"rendered":"<p>\n    Les d\u00e9put\u00e9s continuent ce samedi l\u2019examen en s\u00e9ance publique du volet \u00abrecettes\u00bb du projet de loi de finances (PLF) 2026. Au total, quelque 3700 amendements ont \u00e9t\u00e9 d\u00e9pos\u00e9s et seront discut\u00e9s.<\/p>\n<p class=\"fig-paragraph\">Maintien de l\u2019abattement de 10% pour les retrait\u00e9s, d\u00e9fiscalisation des pensions alimentaires, obligation de liquider son PER une fois atteint l\u2019\u00e2ge de la retraite\u2026 Au total, quelque 3700 amendements ont \u00e9t\u00e9 d\u00e9pos\u00e9s par les d\u00e9put\u00e9s sur le\u00a0<a href=\"http:\/\/www.lefigaro.fr\/politique\/dossier\/budget-2026-notre-dossier-pour-tout-comprendre\" data-fig-type=\"Topic\" data-gtm-custom-categorie=\"navigation\" data-gtm-custom-action=\"crossclick\" data-gtm-custom-label=\"Contextuel\" data-gtm-event=\"customEventSPE\" data-fig-domain=\"LEFIGARO\" target=\"_blank\" rel=\"noopener\">projet de budget 2026,<\/a>\u00a0dont la discussion en s\u00e9ance publique a commenc\u00e9 ce vendredi 24 octobre et se poursuit ce samedi 25 octobre.<\/p>\n<p class=\"fig-paragraph\">Le texte continue son chemin parlementaire, alors que les d\u00e9put\u00e9s de la commission des finances ont largement rejet\u00e9 sa partie recettes dans la nuit de mercredi \u00e0 jeudi. Il arrive \u00e0 pr\u00e9sent dans l\u2019h\u00e9micycle, o\u00f9 chaque amendement est examin\u00e9 un \u00e0 un. Le Figaro fait le point sur les principaux amendements vot\u00e9s (et rejet\u00e9s) en s\u00e9ance publique.<\/p>\n<p>La contribution diff\u00e9rentielle sur les hauts revenus prolong\u00e9e<\/p>\n<p class=\"fig-paragraph\">Instaur\u00e9e lors du pr\u00e9c\u00e9dent budget, la contribution diff\u00e9rentielle sur les hauts revenus (CDHR) \u00e9tait pr\u00e9vue comme un dispositif temporaire. Un amendement adopt\u00e9 dans l\u2019h\u00e9micycle la p\u00e9rennise jusqu\u2019\u00e0 l\u2019ann\u00e9e o\u00f9 le d\u00e9ficit public descendra sous le seuil de 3%. Visant les revenus sup\u00e9rieurs\u2026<\/p>\n<p class=\"fig-premium-paywall__infos\">\n        Cet article est r\u00e9serv\u00e9 aux abonn\u00e9s.        Il vous reste 63% \u00e0 d\u00e9couvrir.\n    <\/p>\n<p>                <img  data- alt=\"Le Figaro\" class=\"fig-img--complete fig-img\"\/><\/p>\n<p class=\"fig-premium-paywall__title\">Vous avez envie de lire la suite ?<\/p>\n<p class=\"fig-premium-paywall__subtitle\">D\u00e9bloquez tous les articles imm\u00e9diatement.<\/p>\n<p class=\"fig-premium-paywall__connect\">\n                D\u00e9j\u00e0 abonn\u00e9\u00a0?                <a class=\"fig-premium-paywall__connect-link\" href=\"https:\/\/connect.lefigaro.fr\/login?client=horizon_web&amp;type=main&amp;redirect_uri=https%3A%2F%2Fwww.lefigaro.fr%2Fconjoncture%2Fpension-alimentaire-contribution-sur-les-hauts-revenus-les-amendements-au-budget-2026-adoptes-a-l-assemblee-20251025\" data-js-gtm=\"{&quot;customCategorie&quot;: &quot;conversion&quot;, &quot;customAction&quot;: &quot;before_Landing_Connexion_paywall_auto&quot;, &quot;customLabel&quot;: &quot;bGVmaWdhcm8uZnJfXzFmMGIwZjAwLWNkMTUtNjE2MC1hZjBhLTNmYmM3OTk2OTdhOV9fTmV3c0ZsYXNo_Pension alimentaire, contribution diff\u00e9rentielle sur les hauts revenus... Les amendements au budget 2026 adopt\u00e9s \u00e0 l\u2019Assembl\u00e9e_287&quot;, &quot;customIDSPE&quot;: &quot;bGVmaWdhcm8uZnJfXzFmMGIwZjAwLWNkMTUtNjE2MC1hZjBhLTNmYmM3OTk2OTdhOV9fTmV3c0ZsYXNo&quot;, &quot;event&quot;: &quot;customEventSPE&quot;}\" target=\"_blank\" rel=\"noopener\"><br \/>\n                    Connectez-vous<br \/>\n                <\/a>\n            <\/p>\n","protected":false},"excerpt":{"rendered":"Les d\u00e9put\u00e9s continuent ce samedi l\u2019examen en s\u00e9ance publique du volet \u00abrecettes\u00bb du projet de loi de finances&hellip;\n","protected":false},"author":2,"featured_media":488814,"comment_status":"","ping_status":"","sticky":false,"template":"","format":"standard","meta":{"footnotes":""},"categories":[2],"tags":[11,416,1003,1011,27,12,25],"class_list":{"0":"post-488813","1":"post","2":"type-post","3":"status-publish","4":"format-standard","5":"has-post-thumbnail","7":"category-actualites","8":"tag-actualites","9":"tag-assemblee-nationale","10":"tag-budget","11":"tag-fr","12":"tag-france","13":"tag-news","14":"tag-republique-francaise"},"share_on_mastodon":{"url":"https:\/\/pubeurope.com\/@fr\/115434254825750477","error":""},"_links":{"self":[{"href":"https:\/\/www.europesays.com\/fr\/wp-json\/wp\/v2\/posts\/488813","targetHints":{"allow":["GET"]}}],"collection":[{"href":"https:\/\/www.europesays.com\/fr\/wp-json\/wp\/v2\/posts"}],"about":[{"href":"https:\/\/www.europesays.com\/fr\/wp-json\/wp\/v2\/types\/post"}],"author":[{"embeddable":true,"href":"https:\/\/www.europesays.com\/fr\/wp-json\/wp\/v2\/users\/2"}],"replies":[{"embeddable":true,"href":"https:\/\/www.europesays.com\/fr\/wp-json\/wp\/v2\/comments?post=488813"}],"version-history":[{"count":0,"href":"https:\/\/www.europesays.com\/fr\/wp-json\/wp\/v2\/posts\/488813\/revisions"}],"wp:featuredmedia":[{"embeddable":true,"href":"https:\/\/www.europesays.com\/fr\/wp-json\/wp\/v2\/media\/488814"}],"wp:attachment":[{"href":"https:\/\/www.europesays.com\/fr\/wp-json\/wp\/v2\/media?parent=488813"}],"wp:term":[{"taxonomy":"category","embeddable":true,"href":"https:\/\/www.europesays.com\/fr\/wp-json\/wp\/v2\/categories?post=488813"},{"taxonomy":"post_tag","embeddable":true,"href":"https:\/\/www.europesays.com\/fr\/wp-json\/wp\/v2\/tags?post=488813"}],"curies":[{"name":"wp","href":"https:\/\/api.w.org\/{rel}","templated":true}]}}