{"id":488823,"date":"2025-10-25T10:13:10","date_gmt":"2025-10-25T10:13:10","guid":{"rendered":"https:\/\/www.europesays.com\/fr\/488823\/"},"modified":"2025-10-25T10:13:10","modified_gmt":"2025-10-25T10:13:10","slug":"atp-lannonce-de-tsitsipas-apres-son-forfait-pour-paris","status":"publish","type":"post","link":"https:\/\/www.europesays.com\/fr\/488823\/","title":{"rendered":"ATP > L&rsquo;annonce de Tsitsipas apr\u00e8s son forfait pour Paris"},"content":{"rendered":"<p>Forfait pour le Masters 1000 de Paris, en raison d\u2019une bles\u00adsure au dos, Stefanos Tsitsipas a fina\u00adle\u00adment mis un terme \u00e0 saison 2025 et ne parti\u00adci\u00adpera donc pas non plus \u00e0 l\u2019ATP 250 d\u2019Ath\u00e8nes du 2 au 7 novembre.\u00a0<\/p>\n<blockquote class=\"twitter-tweet\">\n<p lang=\"zxx\" dir=\"ltr\"><a href=\"https:\/\/t.co\/kUqSxyb8ge\" data-wpel-link=\"external\" target=\"_blank\" rel=\"nofollow external noopener\">pic.twitter.com\/kUqSxyb8ge<\/a><\/p>\n<p>\u2014 Stefanos Tsitsipas (@steftsitsipas) <a href=\"https:\/\/twitter.com\/steftsitsipas\/status\/1981783800909537317?ref_src=twsrc%5Etfw\" data-wpel-link=\"external\" target=\"_blank\" rel=\"nofollow external noopener\">October 24,\u00a02025<\/a><\/p><\/blockquote>\n<p><strong>\u00ab\u202fBonjour \u00e0 tous, je me retire malheu\u00adreu\u00adse\u00adment du Rolex Paris Masters cette ann\u00e9e. J\u2019ai toujours aim\u00e9 y parti\u00adciper et j\u2019ap\u00adpr\u00e9cie sinc\u00e8\u00adre\u00adment le soutien ind\u00e9\u00adfec\u00adtible des suppor\u00adters pari\u00adsiens et fran\u00ad\u00e7ais au fil des ans. Je me concentre d\u00e9sor\u00admais sur ma r\u00e9cu\u00adp\u00e9\u00adra\u00adtion et ma gu\u00e9rison, afin de revenir plus fort pour la saison 2026. Merci \u00e0 tous pour votre compr\u00e9\u00adhen\u00adsion et votre soutien continu\u202f\u00bb<\/strong>, a \u00e9crit l\u2019ac\u00adtuel 25e mondial.\u00a0<\/p>\n<p class=\"post-published-date\" style=\"color: silver; font-size: 75%; text-align: left;\">Publi\u00e9 le samedi 25 octobre 2025 \u00e0 10:57<\/p>\n<p><script async src=\"https:\/\/platform.twitter.com\/widgets.js\" charset=\"utf-8\"><\/script><\/p>\n","protected":false},"excerpt":{"rendered":"Forfait pour le Masters 1000 de Paris, en raison d\u2019une bles\u00adsure au dos, Stefanos Tsitsipas a fina\u00adle\u00adment mis&hellip;\n","protected":false},"author":2,"featured_media":330686,"comment_status":"","ping_status":"","sticky":false,"template":"","format":"standard","meta":{"footnotes":""},"categories":[1415],"tags":[1011,27,60,1467,5443],"class_list":{"0":"post-488823","1":"post","2":"type-post","3":"status-publish","4":"format-standard","5":"has-post-thumbnail","7":"category-tennis","8":"tag-fr","9":"tag-france","10":"tag-sports","11":"tag-tennis","12":"tag-tsitsipas"},"share_on_mastodon":{"url":"https:\/\/pubeurope.com\/@fr\/115434278304699210","error":""},"_links":{"self":[{"href":"https:\/\/www.europesays.com\/fr\/wp-json\/wp\/v2\/posts\/488823","targetHints":{"allow":["GET"]}}],"collection":[{"href":"https:\/\/www.europesays.com\/fr\/wp-json\/wp\/v2\/posts"}],"about":[{"href":"https:\/\/www.europesays.com\/fr\/wp-json\/wp\/v2\/types\/post"}],"author":[{"embeddable":true,"href":"https:\/\/www.europesays.com\/fr\/wp-json\/wp\/v2\/users\/2"}],"replies":[{"embeddable":true,"href":"https:\/\/www.europesays.com\/fr\/wp-json\/wp\/v2\/comments?post=488823"}],"version-history":[{"count":0,"href":"https:\/\/www.europesays.com\/fr\/wp-json\/wp\/v2\/posts\/488823\/revisions"}],"wp:featuredmedia":[{"embeddable":true,"href":"https:\/\/www.europesays.com\/fr\/wp-json\/wp\/v2\/media\/330686"}],"wp:attachment":[{"href":"https:\/\/www.europesays.com\/fr\/wp-json\/wp\/v2\/media?parent=488823"}],"wp:term":[{"taxonomy":"category","embeddable":true,"href":"https:\/\/www.europesays.com\/fr\/wp-json\/wp\/v2\/categories?post=488823"},{"taxonomy":"post_tag","embeddable":true,"href":"https:\/\/www.europesays.com\/fr\/wp-json\/wp\/v2\/tags?post=488823"}],"curies":[{"name":"wp","href":"https:\/\/api.w.org\/{rel}","templated":true}]}}