{"id":488830,"date":"2025-10-25T10:20:14","date_gmt":"2025-10-25T10:20:14","guid":{"rendered":"https:\/\/www.europesays.com\/fr\/488830\/"},"modified":"2025-10-25T10:20:14","modified_gmt":"2025-10-25T10:20:14","slug":"comment-le-peintre-jacques-louis-david-est-devenu-un-revolutionnaire-convaincu","status":"publish","type":"post","link":"https:\/\/www.europesays.com\/fr\/488830\/","title":{"rendered":"comment le peintre Jacques-Louis David est devenu un r\u00e9volutionnaire convaincu"},"content":{"rendered":"<p data-module=\"standfirst\" data-context=\"@media (min-width:48em)\">\n    <strong>GRAND R\u00c9CIT &#8211;<\/strong> Proche de Marat et de Robespierre, David s\u2019engagea \u00e0 corps perdu dans la R\u00e9volution, guid\u00e9 par sa ranc\u0153ur contre l\u2019Acad\u00e9mie plus que par des convictions qui chang\u00e8rent au gr\u00e9 des \u00e9v\u00e9nements.<\/p>\n<p class=\"fig-paragraph fig-paragraph--dropped\">Cet article est issu du\u00a0<a href=\"https:\/\/boutique.lefigaro.fr\/produit\/141029-david-un-monde-nouveau\" target=\"_blank\" rel=\"noopener\" data-gtm-custom-categorie=\"navigation\" data-gtm-custom-action=\"crossclick\" data-gtm-custom-label=\"Contextuel\" data-gtm-event=\"customEventSPE\">Figaro Hors-S\u00e9rie \u00ab David, un monde nouveau\u00a0\u00bb<\/a>, publi\u00e9 \u00e0 l\u2019occasion de la magistrale exposition \u00ab David\u00a0\u00bb au mus\u00e9e du Louvres. D\u00e9couvrez la vie et l\u2019\u0153uvre du peintre de la R\u00e9volution et de l\u2019Empire, dans les tourmentes de l\u2019Histoire.<\/p>\n<p>    \u00ab David, un monde nouveau\u00a0\u00bb<br \/>\n                Le Figaro Hors-S\u00e9rie<\/p>\n<p class=\"fig-paragraph fig-paragraph--dropped\">H\u00e9bert ne mentait pas lorsque, \u00e0 la barre du Tribunal r\u00e9volutionnaire, il accusa\u00a0<a href=\"http:\/\/www.lefigaro.fr\/histoire\/louis-xvi-et-marie-antoinette-au-tribunal-de-l-histoire-projection-debat-du-film-le-deluge-avec-le-figaro-histoire-20250120\" data-fig-type=\"Article\" data-gtm-custom-categorie=\"navigation\" data-gtm-custom-action=\"crossclick\" data-gtm-custom-label=\"Contextuel\" data-gtm-event=\"customEventSPE\" data-fig-domain=\"LEFIGARO\" target=\"_blank\" rel=\"noopener\">Marie-Antoinette<\/a>\u00a0d\u2019avoir impos\u00e9 \u00e0 son fils de 8\u00a0ans des relations incestueuses\u00a0: il r\u00e9citait une le\u00e7on soigneusement apprise. L\u2019affaire avait \u00e9t\u00e9 mont\u00e9e de toutes pi\u00e8ces par la Commune de Paris et les comit\u00e9s de gouvernement, et peu apr\u00e8s qu\u2019on eut extorqu\u00e9 au Dauphin des \u00ab\u00a0aveux\u00a0\u00bb plusieurs commissaires s\u2019\u00e9taient pr\u00e9sent\u00e9s \u00e0 la prison du Temple pour interroger la s\u0153ur du d\u00e9funt roi et sa fille. Parmi eux se trouvait\u00a0<a href=\"http:\/\/www.lefigaro.fr\/histoire\/8-juin-1794-la-fete-transcendante-de-robespierre-20251024\" data-fig-type=\"Article\" data-gtm-custom-categorie=\"navigation\" data-gtm-custom-action=\"crossclick\" data-gtm-custom-label=\"Contextuel\" data-gtm-event=\"customEventSPE\" data-fig-domain=\"LEFIGARO\" target=\"_blank\" rel=\"noopener\">Jacques-Louis David<\/a>.<\/p>\n<p class=\"fig-paragraph fig-paragraph--dropped fig-paragraph--dropped-small\">Quelques jours plus tard, le m\u00eame se tenait \u00e0 la fen\u00eatre de l\u2019appartement d\u2019un de ses coll\u00e8gues de la Convention. Carnet et crayon en main, il croqua sur le vif la silhouette de la reine d\u00e9chue qu\u2019une charrette\u2026<\/p>\n<p class=\"fig-premium-paywall__infos\">\n        Cet article est r\u00e9serv\u00e9 aux abonn\u00e9s.        Il vous reste 96% \u00e0 d\u00e9couvrir.\n    <\/p>\n<p>                <img  data- alt=\"Le Figaro\" class=\"fig-img--complete fig-img\"\/><\/p>\n<p class=\"fig-premium-paywall__title\">Vous avez envie de lire la suite ?<\/p>\n<p class=\"fig-premium-paywall__subtitle\">D\u00e9bloquez tous les articles imm\u00e9diatement.<\/p>\n<p class=\"fig-premium-paywall__connect\">\n                D\u00e9j\u00e0 abonn\u00e9\u00a0?                <a class=\"fig-premium-paywall__connect-link\" href=\"https:\/\/connect.lefigaro.fr\/login?client=horizon_web&amp;type=main&amp;redirect_uri=https%3A%2F%2Fwww.lefigaro.fr%2Fhistoire%2Fsi-tu-bois-la-cigue-robespierre-je-la-boirai-avec-toi-comment-le-peintre-jacques-louis-david-est-devenu-un-revolutionnaire-convaincu-20251025\" data-js-gtm=\"{&quot;customCategorie&quot;: &quot;conversion&quot;, &quot;customAction&quot;: &quot;before_Landing_Connexion_paywall_auto&quot;, &quot;customLabel&quot;: &quot;bGVmaWdhcm8uZnJfXzFmMGIwYzliLTg3NTEtNmExZS04ZWRkLTExYWEzNmNjNWU4ZV9fQXJ0aWNsZQ==_\u00abSi tu bois la cigu\u00eb, Robespierre, je la boirai avec toi\u00a0!\u00bb\u00a0: comment le peintre Jacques-Louis David est devenu un r\u00e9volutionnaire convaincu_202&quot;, &quot;customIDSPE&quot;: &quot;bGVmaWdhcm8uZnJfXzFmMGIwYzliLTg3NTEtNmExZS04ZWRkLTExYWEzNmNjNWU4ZV9fQXJ0aWNsZQ==&quot;, &quot;event&quot;: &quot;customEventSPE&quot;}\" target=\"_blank\" rel=\"noopener\"><br \/>\n                    Connectez-vous<br \/>\n                <\/a>\n            <\/p>\n","protected":false},"excerpt":{"rendered":"GRAND R\u00c9CIT &#8211; Proche de Marat et de Robespierre, David s\u2019engagea \u00e0 corps perdu dans la R\u00e9volution, guid\u00e9&hellip;\n","protected":false},"author":2,"featured_media":488831,"comment_status":"","ping_status":"","sticky":false,"template":"","format":"standard","meta":{"footnotes":""},"categories":[1358],"tags":[1348,1384,1385,1386,58,59,61181,1011,27,34984,1585],"class_list":{"0":"post-488830","1":"post","2":"type-post","3":"status-publish","4":"format-standard","5":"has-post-thumbnail","7":"category-arts-et-design","8":"tag-arts","9":"tag-arts-and-design","10":"tag-arts-et-design","11":"tag-design","12":"tag-divertissement","13":"tag-entertainment","14":"tag-figaro-hors-serie","15":"tag-fr","16":"tag-france","17":"tag-la-revolution","18":"tag-peinture"},"share_on_mastodon":{"url":"https:\/\/pubeurope.com\/@fr\/115434305775217658","error":""},"_links":{"self":[{"href":"https:\/\/www.europesays.com\/fr\/wp-json\/wp\/v2\/posts\/488830","targetHints":{"allow":["GET"]}}],"collection":[{"href":"https:\/\/www.europesays.com\/fr\/wp-json\/wp\/v2\/posts"}],"about":[{"href":"https:\/\/www.europesays.com\/fr\/wp-json\/wp\/v2\/types\/post"}],"author":[{"embeddable":true,"href":"https:\/\/www.europesays.com\/fr\/wp-json\/wp\/v2\/users\/2"}],"replies":[{"embeddable":true,"href":"https:\/\/www.europesays.com\/fr\/wp-json\/wp\/v2\/comments?post=488830"}],"version-history":[{"count":0,"href":"https:\/\/www.europesays.com\/fr\/wp-json\/wp\/v2\/posts\/488830\/revisions"}],"wp:featuredmedia":[{"embeddable":true,"href":"https:\/\/www.europesays.com\/fr\/wp-json\/wp\/v2\/media\/488831"}],"wp:attachment":[{"href":"https:\/\/www.europesays.com\/fr\/wp-json\/wp\/v2\/media?parent=488830"}],"wp:term":[{"taxonomy":"category","embeddable":true,"href":"https:\/\/www.europesays.com\/fr\/wp-json\/wp\/v2\/categories?post=488830"},{"taxonomy":"post_tag","embeddable":true,"href":"https:\/\/www.europesays.com\/fr\/wp-json\/wp\/v2\/tags?post=488830"}],"curies":[{"name":"wp","href":"https:\/\/api.w.org\/{rel}","templated":true}]}}