{"id":488855,"date":"2025-10-25T10:35:08","date_gmt":"2025-10-25T10:35:08","guid":{"rendered":"https:\/\/www.europesays.com\/fr\/488855\/"},"modified":"2025-10-25T10:35:08","modified_gmt":"2025-10-25T10:35:08","slug":"billet-a-la-piscine-de-nancy-thermal-le-bonnet-sera-bientot-obligatoire","status":"publish","type":"post","link":"https:\/\/www.europesays.com\/fr\/488855\/","title":{"rendered":"Billet. \u00c0 la piscine de Nancy Thermal, le bonnet sera bient\u00f4t obligatoire"},"content":{"rendered":"<p class=\"insetTitle\">Bonnet obligatoire, rasage interdit\u2026<\/p>\n<p>Il y a les points de r\u00e8glement semblant tomber sous le sens\u00a0: douche savonn\u00e9e obligatoire avant la baignade, interdiction d\u2019\u00eatre en bermuda ou short, de cr\u00e9er du d\u00e9sordre, de courir ou de manger au bord des bassins,\u00a0etc.<\/p>\n<p>Et puis, il y a ces dispositions (a priori) plus \u00e9tonnantes. Ainsi, le r\u00e8glement de l\u2019Aquap\u00f4le pr\u00e9cise, si besoin \u00e9tait que, \u00ab\u00a0l\u2019emploi ces cabines individuelles est obligatoire pour les personnes d\u00e9sirant se doucher enti\u00e8rement nues\u00a0\u00bb, que \u00ab\u00a0le monokini n\u2019est tol\u00e9r\u00e9 que sur les espaces verts et solarium\u00a0\u00bb (dans l\u2019eau, on remet le haut, Mesdames), ou encore que \u00ab\u00a0le rasage et les colorations capillaires sont strictement interdits dans l\u2019\u00e9tablissement\u00a0\u00bb.<\/p>\n<p>\u00c0 ce propos, Nancy Thermal rend finalement le bonnet de bain obligatoire \u00e0 partir du 1er \u00a0d\u00e9cembre, et des affiches \u00ab\u00a0rasage interdit\u00a0\u00bb ont \u00e9t\u00e9 appos\u00e9es fin 2024 dans les vestiaires, certains nageurs se comportant comme dans leur salle de bains personnelle. Avec poils et rasoir laiss\u00e9s dans le lavabo, en prime.<\/p>\n<p class=\"insetSignature\">S.C.<\/p>\n","protected":false},"excerpt":{"rendered":"Bonnet obligatoire, rasage interdit\u2026 Il y a les points de r\u00e8glement semblant tomber sous le sens\u00a0: douche savonn\u00e9e&hellip;\n","protected":false},"author":2,"featured_media":488856,"comment_status":"","ping_status":"","sticky":false,"template":"","format":"standard","meta":{"footnotes":""},"categories":[9635],"tags":[1111,11,1687,1704,1777,674,1011,27,775,1702,1703,12,25],"class_list":{"0":"post-488855","1":"post","2":"type-post","3":"status-publish","4":"format-standard","5":"has-post-thumbnail","7":"category-nancy","8":"tag-actu","9":"tag-actualites","10":"tag-culture-loisirs","11":"tag-edition-nancy-et-agglomeration","12":"tag-eu","13":"tag-europe","14":"tag-fr","15":"tag-france","16":"tag-grand-est","17":"tag-nancy","18":"tag-nancy-ville-54b","19":"tag-news","20":"tag-republique-francaise"},"share_on_mastodon":{"url":"https:\/\/pubeurope.com\/@fr\/115434365045190470","error":""},"_links":{"self":[{"href":"https:\/\/www.europesays.com\/fr\/wp-json\/wp\/v2\/posts\/488855","targetHints":{"allow":["GET"]}}],"collection":[{"href":"https:\/\/www.europesays.com\/fr\/wp-json\/wp\/v2\/posts"}],"about":[{"href":"https:\/\/www.europesays.com\/fr\/wp-json\/wp\/v2\/types\/post"}],"author":[{"embeddable":true,"href":"https:\/\/www.europesays.com\/fr\/wp-json\/wp\/v2\/users\/2"}],"replies":[{"embeddable":true,"href":"https:\/\/www.europesays.com\/fr\/wp-json\/wp\/v2\/comments?post=488855"}],"version-history":[{"count":0,"href":"https:\/\/www.europesays.com\/fr\/wp-json\/wp\/v2\/posts\/488855\/revisions"}],"wp:featuredmedia":[{"embeddable":true,"href":"https:\/\/www.europesays.com\/fr\/wp-json\/wp\/v2\/media\/488856"}],"wp:attachment":[{"href":"https:\/\/www.europesays.com\/fr\/wp-json\/wp\/v2\/media?parent=488855"}],"wp:term":[{"taxonomy":"category","embeddable":true,"href":"https:\/\/www.europesays.com\/fr\/wp-json\/wp\/v2\/categories?post=488855"},{"taxonomy":"post_tag","embeddable":true,"href":"https:\/\/www.europesays.com\/fr\/wp-json\/wp\/v2\/tags?post=488855"}],"curies":[{"name":"wp","href":"https:\/\/api.w.org\/{rel}","templated":true}]}}