{"id":488857,"date":"2025-10-25T10:36:24","date_gmt":"2025-10-25T10:36:24","guid":{"rendered":"https:\/\/www.europesays.com\/fr\/488857\/"},"modified":"2025-10-25T10:36:24","modified_gmt":"2025-10-25T10:36:24","slug":"betclic-elite-le-sluc-nancy-adapte-son-offre-en-proposant-un-pack-version-gala","status":"publish","type":"post","link":"https:\/\/www.europesays.com\/fr\/488857\/","title":{"rendered":"Betclic \u00c9lite. Le SLUC Nancy adapte son offre en proposant un pack version gala\u00a0!"},"content":{"rendered":"<p>Cela va certainement faire quelques heureux. Et pour le coup c\u2019est le but recherch\u00e9 par le SLUC Nancy avec cette nouvelle offre \u00e0 la carte. En effet, le club nanc\u00e9ien donne l\u2019opportunit\u00e9 \u00e0 ses supporters de s\u2019engager pour cinq matchs de gala et d\u2019assurer ainsi leur place pour les r\u00e9ceptions de Paris (samedi 13\u00a0d\u00e9cembre 20h30), Nanterre (mardi 23\u00a0d\u00e9cembre), Monaco (samedi 10\u00a0janvier), Lyon-Villeurbanne (samedi 14\u00a0f\u00e9vrier) et enfin le derby de l\u2019Est face \u00e0 Strasbourg pr\u00e9vu le 4\u00a0avril (dates et horaires susceptibles d\u2019\u00eatre modifi\u00e9es sauf Paris).<\/p>\n<p>Ce contenu est bloqu\u00e9 car vous n&rsquo;avez pas accept\u00e9 les cookies et autres traceurs.<\/p>\n<p>En cliquant sur \u00ab J\u2019accepte \u00bb, les cookies et autres traceurs seront d\u00e9pos\u00e9s et vous pourrez visualiser les contenus  (<a href=\"\" class=\"consentModule_policy\" target=\"_blank\" title=\"Consulter la politique de protection des donn\u00e9es du fournisseur\">plus d&rsquo;informations<\/a>).<\/p>\n<p>En cliquant sur \u00ab J\u2019accepte tous les cookies \u00bb, vous autorisez des d\u00e9p\u00f4ts de cookies et autres traceurs pour le stockage de vos donn\u00e9es sur nos sites et applications \u00e0 des fins de personnalisation et de ciblage publicitaire.<\/p>\n<p class=\"consentModule_secondaryText\">Vous gardez la possibilit\u00e9 de retirer votre consentement \u00e0 tout moment en consultant notre <a href=\"https:\/\/www.estrepublicain.fr\/protection-des-donnees\" target=\"_blank\" title=\"Consulter notre politique de protection des donn\u00e9es\" rel=\"noopener\">politique de protection des donn\u00e9es<\/a>. <br \/>&#13;<br \/>\n            <a href=\"https:\/\/www.estrepublicain.fr\/sport\/2025\/10\/25\/javascript:Didomi.notice.show()\" class=\"consentModule_cmp\" target=\"_blank\" rel=\"noopener\">G\u00e9rer mes choix<\/a>&#13;\n        <\/p>\n<p>&#13;<br \/>\n                        J&rsquo;accepte&#13;<br \/>\n            J&rsquo;accepte tous les cookies&#13;\n        <\/p>\n<p>\u00ab\u00a0On s\u2019est rendu compte qu\u2019il y avait de la demande sur ces matchs-l\u00e0\u00a0\u00bb, avoue Youri Verieras, le directeur g\u00e9n\u00e9ral du SLUC, \u00ab\u00a0mais on s\u2019est aussi rendu compte que les gens avaient de plus en plus de mal \u00e0 s\u2019engager sur la totalit\u00e9 de la saison. Voil\u00e0 pourquoi on propose cette solution pour les grosses affiches de la saison \u00bb.<\/p>\n<p>\u00c0 noter qu\u2019il est d\u2019ores et d\u00e9j\u00e0 possible d\u2019acqu\u00e9rir ce pack de cinq matchs sur le site du SLUC Nancy o\u00f9 dans les bureaux du club \u00e0 Gentilly.<\/p>\n<p class=\"note\"><strong>Tarifs<\/strong><strong>Tarif normal\u00a0:<\/strong> de 107.50 \u00e0 142.50 euros <strong>Tarif r\u00e9duit\u00a0:<\/strong> de 97.50 \u00e0 132.50 euros <strong>Mini Couguar\u00a0:<\/strong> de 57.50 \u00e0 72.50 euros<\/p>\n","protected":false},"excerpt":{"rendered":"Cela va certainement faire quelques heureux. Et pour le coup c\u2019est le but recherch\u00e9 par le SLUC Nancy&hellip;\n","protected":false},"author":2,"featured_media":488858,"comment_status":"","ping_status":"","sticky":false,"template":"","format":"standard","meta":{"footnotes":""},"categories":[9635],"tags":[1111,11,1791,1704,1777,674,107,1701,1011,27,775,1702,1703,12,25,11567,517,1700],"class_list":{"0":"post-488857","1":"post","2":"type-post","3":"status-publish","4":"format-standard","5":"has-post-thumbnail","7":"category-nancy","8":"tag-actu","9":"tag-actualites","10":"tag-basket-ball","11":"tag-edition-nancy-et-agglomeration","12":"tag-eu","13":"tag-europe","14":"tag-fil-info","15":"tag-fil-info-sport","16":"tag-fr","17":"tag-france","18":"tag-grand-est","19":"tag-nancy","20":"tag-nancy-ville-54b","21":"tag-news","22":"tag-republique-francaise","23":"tag-sluc","24":"tag-sport","25":"tag-sport-lorrain"},"share_on_mastodon":{"url":"https:\/\/pubeurope.com\/@fr\/115434368741922089","error":""},"_links":{"self":[{"href":"https:\/\/www.europesays.com\/fr\/wp-json\/wp\/v2\/posts\/488857","targetHints":{"allow":["GET"]}}],"collection":[{"href":"https:\/\/www.europesays.com\/fr\/wp-json\/wp\/v2\/posts"}],"about":[{"href":"https:\/\/www.europesays.com\/fr\/wp-json\/wp\/v2\/types\/post"}],"author":[{"embeddable":true,"href":"https:\/\/www.europesays.com\/fr\/wp-json\/wp\/v2\/users\/2"}],"replies":[{"embeddable":true,"href":"https:\/\/www.europesays.com\/fr\/wp-json\/wp\/v2\/comments?post=488857"}],"version-history":[{"count":0,"href":"https:\/\/www.europesays.com\/fr\/wp-json\/wp\/v2\/posts\/488857\/revisions"}],"wp:featuredmedia":[{"embeddable":true,"href":"https:\/\/www.europesays.com\/fr\/wp-json\/wp\/v2\/media\/488858"}],"wp:attachment":[{"href":"https:\/\/www.europesays.com\/fr\/wp-json\/wp\/v2\/media?parent=488857"}],"wp:term":[{"taxonomy":"category","embeddable":true,"href":"https:\/\/www.europesays.com\/fr\/wp-json\/wp\/v2\/categories?post=488857"},{"taxonomy":"post_tag","embeddable":true,"href":"https:\/\/www.europesays.com\/fr\/wp-json\/wp\/v2\/tags?post=488857"}],"curies":[{"name":"wp","href":"https:\/\/api.w.org\/{rel}","templated":true}]}}