{"id":488867,"date":"2025-10-25T10:46:54","date_gmt":"2025-10-25T10:46:54","guid":{"rendered":"https:\/\/www.europesays.com\/fr\/488867\/"},"modified":"2025-10-25T10:46:54","modified_gmt":"2025-10-25T10:46:54","slug":"ligue-2-le-nul-aurait-ete-equitable-battu-par-le-red-star-le-gf38-peut-sen-vouloir","status":"publish","type":"post","link":"https:\/\/www.europesays.com\/fr\/488867\/","title":{"rendered":"Ligue 2. \u00ab\u00a0Le nul aurait \u00e9t\u00e9 \u00e9quitable&#8230;\u00a0\u00bb : battu par le Red Star, le GF38 peut s\u2019en vouloir"},"content":{"rendered":"<p>Il n\u2019a pas manqu\u00e9 grand-chose mais un peu trop quand m\u00eame. En manque d\u2019efficacit\u00e9 dans les deux surfaces, le GF38 s\u2019est inclin\u00e9 vendredi face au Red Star (0-1). Un match \u00e0 Bauer, au c\u0153ur des immeubles de Saint-Ouen, reste un rendez-vous de football tr\u00e8s particulier, encore plus quand c\u2019est Grenoble qui se d\u00e9place dans le 93. Car les fans des deux clubs s\u2019adorent et cette fraternit\u00e9 donne un relief suppl\u00e9mentaire \u00e0 cette confrontation. Sur le terrain en revanche, les deux clubs se sont rendus coup pour coup, et c\u2019est bien logique, dans une partie ouverte avec quelques banderilles bien senties pos\u00e9es de deux c\u00f4t\u00e9s. Mais ce sont les Verts qui l\u2019ont emport\u00e9.<\/p>\n<p><strong><a href=\"https:\/\/www.ledauphine.com\/sport\/2025\/10\/24\/Des%20fumig\u00e8nes, un beau tifo, des grosses occasions... Revivez la d\u00e9faite du GF38 au Red Star\" target=\"_blank\" rel=\"noopener\">&gt;&gt;\u00a0Des fumig\u00e8nes, un beau tifo, des grosses occasions&#8230; Revivez la d\u00e9faite du GF38 au Red Star<\/a><\/strong><\/p>\n<p>Face \u00e0 une \u00e9quipe qui habite dans les plus hauts \u00e9tages de la Ligue 2 mais qui n\u2019est pas toujours souveraine \u00e0 domicile, les Grenoblois n\u2019ont pas eu froid aux yeux. Ils ont press\u00e9 haut, ils ont cherch\u00e9 \u00e0 avoir le ballon et ils ont eu quelques situations pour ouvrir le score. Seulement, le GF38 est la formation la plus signal\u00e9e en position de hors-jeu de la division et un mauvais alignement r\u00e9current de ses attaquants l\u2019a emp\u00each\u00e9e de faire encore plus mal \u00e0 son adversaire, notamment en premi\u00e8re p\u00e9riode.<\/p>\n<p>Pour autant, Benet, apr\u00e8s un bon service de Xantippe, \u00e9tait tout pr\u00e8s d\u2019ouvrir le score. Mais le milieu butait sur un tr\u00e8s bel arr\u00eat de Poussin (26e). Le Red Star avait aussi eu quelques opportunit\u00e9s par Khaoui (15e) ou encore Ikanga (43e). A chaque fois, Diop s\u2019\u00e9tait montr\u00e9 imp\u00e9rial.\u00a0\u00a0\u00a0\u00a0\u00a0\u00a0\u00a0\u00a0\u00a0\u00a0\u00a0\u00a0\u00a0\u00a0\u00a0<\/p>\n<p><strong>&gt;&gt; <a href=\"https:\/\/www.ledauphine.com\/sport\/classement\/football\/national-ligue-2\" target=\"_blank\" rel=\"noopener\">Le classement et les r\u00e9sultats en Ligue 2<\/a><\/strong><\/p>\n<p>  Grenoble ronronne et craque<\/p>\n<p>D\u00e8s la reprise, le GF continuait \u00e0 appuyer l\u00e0 o\u00f9 \u00e7a fait mal histoire de mettre la pression sur la d\u00e9fense audonienne. Comme souvent malgr\u00e9 de vraies intentions, la finition n\u2019\u00e9tait pas au rendez-vous. A l\u2019image de cette \u00e9norme occasion pour Valls, bien servi par Diaby, qui envoyait le ballon hors du cadre alors qu\u2019il \u00e9tait en position id\u00e9ale (48e). Les Dauphinois ne laissaient pas grand-chose \u00e0 leurs adversaires mais entraient doucement dans un faux rythme qui allait les p\u00e9naliser.<\/p>\n<p>Efficace comme il le fallait, le Red Star trouvait la faille apr\u00e8s un corner et une reprise sign\u00e9e Danger, le bien nomm\u00e9 (1-0, 73e). Quoi que tardive, la r\u00e9action grenobloise \u00e9tait imm\u00e9diate.<\/p>\n<p>Le GF butait toutefois par deux fois sur Poussin, auteur deux parades de dingues et sauv\u00e9 par son poteau (76e). Au d\u00e9triment des Is\u00e9rois, le r\u00e9alisme avait fait toute la diff\u00e9rence dans cette partie.\u00a0<\/p>\n","protected":false},"excerpt":{"rendered":"Il n\u2019a pas manqu\u00e9 grand-chose mais un peu trop quand m\u00eame. En manque d\u2019efficacit\u00e9 dans les deux surfaces,&hellip;\n","protected":false},"author":2,"featured_media":488868,"comment_status":"","ping_status":"","sticky":false,"template":"","format":"standard","meta":{"footnotes":""},"categories":[9566],"tags":[1111,11,2430,112,1777,674,1701,63,1011,27,12637,2731,2732,108,12636,12,25,517,1947],"class_list":{"0":"post-488867","1":"post","2":"type-post","3":"status-publish","4":"format-standard","5":"has-post-thumbnail","7":"category-grenoble","8":"tag-actu","9":"tag-actualites","10":"tag-auvergne-rhone-alpes","11":"tag-edition-grenoble-agglomeration","12":"tag-eu","13":"tag-europe","14":"tag-fil-info-sport","15":"tag-football","16":"tag-fr","17":"tag-france","18":"tag-gf38-grenoble-foot-38","19":"tag-grenoble","20":"tag-grenoble-bassin","21":"tag-isere","22":"tag-ligue-2-football","23":"tag-news","24":"tag-republique-francaise","25":"tag-sport","26":"tag-sport-national"},"share_on_mastodon":{"url":"https:\/\/pubeurope.com\/@fr\/115434411990984540","error":""},"_links":{"self":[{"href":"https:\/\/www.europesays.com\/fr\/wp-json\/wp\/v2\/posts\/488867","targetHints":{"allow":["GET"]}}],"collection":[{"href":"https:\/\/www.europesays.com\/fr\/wp-json\/wp\/v2\/posts"}],"about":[{"href":"https:\/\/www.europesays.com\/fr\/wp-json\/wp\/v2\/types\/post"}],"author":[{"embeddable":true,"href":"https:\/\/www.europesays.com\/fr\/wp-json\/wp\/v2\/users\/2"}],"replies":[{"embeddable":true,"href":"https:\/\/www.europesays.com\/fr\/wp-json\/wp\/v2\/comments?post=488867"}],"version-history":[{"count":0,"href":"https:\/\/www.europesays.com\/fr\/wp-json\/wp\/v2\/posts\/488867\/revisions"}],"wp:featuredmedia":[{"embeddable":true,"href":"https:\/\/www.europesays.com\/fr\/wp-json\/wp\/v2\/media\/488868"}],"wp:attachment":[{"href":"https:\/\/www.europesays.com\/fr\/wp-json\/wp\/v2\/media?parent=488867"}],"wp:term":[{"taxonomy":"category","embeddable":true,"href":"https:\/\/www.europesays.com\/fr\/wp-json\/wp\/v2\/categories?post=488867"},{"taxonomy":"post_tag","embeddable":true,"href":"https:\/\/www.europesays.com\/fr\/wp-json\/wp\/v2\/tags?post=488867"}],"curies":[{"name":"wp","href":"https:\/\/api.w.org\/{rel}","templated":true}]}}