{"id":48887,"date":"2025-04-24T10:03:12","date_gmt":"2025-04-24T10:03:12","guid":{"rendered":"https:\/\/www.europesays.com\/fr\/48887\/"},"modified":"2025-04-24T10:03:12","modified_gmt":"2025-04-24T10:03:12","slug":"quels-pollens-dans-lair-un-nouvel-indice-quotidien-est-consultable-en-ligne-pour-notre-region","status":"publish","type":"post","link":"https:\/\/www.europesays.com\/fr\/48887\/","title":{"rendered":"Quels pollens dans l\u2019air? Un nouvel indice quotidien est consultable en ligne pour notre r\u00e9gion"},"content":{"rendered":"<p>Le bulletin pollinique \u00e9tait publi\u00e9 chaque semaine. Le consulter est une habitude pour celles et ceux qui souffrent d\u2019allergies saisonni\u00e8res. Une part toujours plus importante de la population est concern\u00e9e, environ un tiers des adultes (1). Le ph\u00e9nom\u00e8ne est accentu\u00e9 par la pollution atmosph\u00e9rique, chaque grain de pollen pouvant \u00eatre \u00ab\u00a0alt\u00e9r\u00e9 par des polluants, qui se fixent dessus, d\u00e9crit Damien Piga, directeur innovation chez AtmoSud. Cela aggrave le facteur allergisant. Les pollens deviennent plus agressifs.\u00a0\u00bb<\/p>\n<p>Observatoire agr\u00e9\u00e9 pour la surveillance de la qualit\u00e9 de l\u2019air, AtmoSud a lanc\u00e9 d\u00e9but avril un nouvel indice pollinique, <a href=\"https:\/\/www.atmosud.org\/\" target=\"_blank\" rel=\"noopener\">consultable depuis son site internet<\/a> (2).<\/p>\n<p>Un bulletin chaque jour et pour chaque commune<\/p>\n<p>Cette arriv\u00e9e est concomitante avec l\u2019arr\u00eat du R\u00e9seau national de surveillance a\u00e9robiologique (RNSA), plac\u00e9 en liquidation judiciaire et en contentieux avec l\u2019\u00c9tat pour la gestion de la subvention publique qu\u2019il recevait.<\/p>\n<p>D\u00e9sormais, et dans toute la France, le r\u00e9seau Atmo produit son propre indice, selon une m\u00e9thodologie nouvelle. \u00ab\u00a0Nous travaillons \u00e0 partir de mod\u00e9lisations issues du consortium scientifique europ\u00e9en Copernicus, d\u00e9taille Damien Piga. Ce sont nos algorithmes et l\u2019usage de l\u2019intelligence artificielle qui permettent d\u2019affiner la r\u00e9solution spatiale \u00e0 une \u00e9chelle tr\u00e8s locale.\u00a0\u00bb<\/p>\n<p>Contrairement au bulletin RNSA qui \u00e9tait r\u00e9gional et hebdomadaire, ce nouvel indice pollen sera \u00e9tabli pour chaque commune et quotidiennement. Avec une pr\u00e9vision \u00e0 deux jours.<\/p>\n<p>Pour l\u2019instant, seuls les pollens de six v\u00e9g\u00e9taux sont pris en compte, dont les gramin\u00e9es (\u00ab\u00a0nous allons entrer en phase de pollinisation\u00a0\u00bb, pic fin mai et juin), l\u2019ambroisie (\u00a0\u00bb d\u00e9sormais pr\u00e9sente dans le Vaucluse et les Alpes \u00ab\u00a0) et l\u2019olivier.<\/p>\n<p>Le cypr\u00e8s doit \u00eatre ajout\u00e9<\/p>\n<p>Manque \u00e0 l\u2019appel le cypr\u00e8s, largement r\u00e9pandu dans notre r\u00e9gion, et dont la p\u00e9riode la plus allergisante est en train de se terminer. AtmoSud va d\u00e9velopper sa propre mod\u00e9lisation, \u00e0 partir des donn\u00e9es d\u2019occupation du sol et de m\u00e9t\u00e9o, en esp\u00e9rant \u00eatre op\u00e9rationnel pour la saison 2026.<\/p>\n<p>La caract\u00e9risation des pollens ne d\u00e9pend plus seulement de filtres sur des capteurs qui sont analys\u00e9s r\u00e9guli\u00e8rement. Les nouveaux process reposent essentiellement sur des m\u00e9thodes de calcul. \u00ab\u00a0L\u2019avenir est \u00e0 la compl\u00e9mentarit\u00e9 entre les mesures des capteurs physiques et la mod\u00e9lisation\u00a0\u00bb, estime AtmoSud, qui pratique d\u00e9j\u00e0 ce croisement d\u2019outils pour la pollution atmosph\u00e9rique.<\/p>\n<p>Si le RNSA avait son propre r\u00e9seau physique, il existait un nombre assez modeste de capteurs, quatre pour toute la r\u00e9gion Provence-Alpes-C\u00f4te d\u2019Azur. Dont un sur le toit des locaux d\u2019AtmoSud \u00e0 Marseille.<\/p>\n<p>L\u2019organisme souhaiterait reprendre la conduite du r\u00e9seau existant. Sachant qu\u2019il existe une convergence entre la surveillance de la qualit\u00e9 de l\u2019air et celle des pollens. Comme de leurs impacts sur la sant\u00e9 humaine.<\/p>\n<p>1. Donn\u00e9es de l\u2019Anses, Agence nationale de s\u00e9curit\u00e9 sanitaire.<\/p>\n<p>2. Carte interactive, en passant par les donn\u00e9es \u00ab\u00a0jour\u00a0\u00bb, puis onglet \u00ab\u00a0pollens\u00a0\u00bb. <a href=\"https:\/\/www.atmosud.org\/\" target=\"_blank\" rel=\"noopener\">www.atmosud.org<\/a><\/p>\n","protected":false},"excerpt":{"rendered":"Le bulletin pollinique \u00e9tait publi\u00e9 chaque semaine. Le consulter est une habitude pour celles et ceux qui souffrent&hellip;\n","protected":false},"author":2,"featured_media":48888,"comment_status":"","ping_status":"","sticky":false,"template":"","format":"standard","meta":{"footnotes":""},"categories":[2814],"tags":[1111,11,1129,1777,674,1011,27,884,12,882,25,71,41],"class_list":{"0":"post-48887","1":"post","2":"type-post","3":"status-publish","4":"format-standard","5":"has-post-thumbnail","7":"category-marseille","8":"tag-actu","9":"tag-actualites","10":"tag-climat","11":"tag-eu","12":"tag-europe","13":"tag-fr","14":"tag-france","15":"tag-marseille","16":"tag-news","17":"tag-provence-alpes-cote-dazur","18":"tag-republique-francaise","19":"tag-sante","20":"tag-sciences"},"share_on_mastodon":{"url":"https:\/\/pubeurope.com\/@fr\/114392373920019643","error":""},"_links":{"self":[{"href":"https:\/\/www.europesays.com\/fr\/wp-json\/wp\/v2\/posts\/48887","targetHints":{"allow":["GET"]}}],"collection":[{"href":"https:\/\/www.europesays.com\/fr\/wp-json\/wp\/v2\/posts"}],"about":[{"href":"https:\/\/www.europesays.com\/fr\/wp-json\/wp\/v2\/types\/post"}],"author":[{"embeddable":true,"href":"https:\/\/www.europesays.com\/fr\/wp-json\/wp\/v2\/users\/2"}],"replies":[{"embeddable":true,"href":"https:\/\/www.europesays.com\/fr\/wp-json\/wp\/v2\/comments?post=48887"}],"version-history":[{"count":0,"href":"https:\/\/www.europesays.com\/fr\/wp-json\/wp\/v2\/posts\/48887\/revisions"}],"wp:featuredmedia":[{"embeddable":true,"href":"https:\/\/www.europesays.com\/fr\/wp-json\/wp\/v2\/media\/48888"}],"wp:attachment":[{"href":"https:\/\/www.europesays.com\/fr\/wp-json\/wp\/v2\/media?parent=48887"}],"wp:term":[{"taxonomy":"category","embeddable":true,"href":"https:\/\/www.europesays.com\/fr\/wp-json\/wp\/v2\/categories?post=48887"},{"taxonomy":"post_tag","embeddable":true,"href":"https:\/\/www.europesays.com\/fr\/wp-json\/wp\/v2\/tags?post=48887"}],"curies":[{"name":"wp","href":"https:\/\/api.w.org\/{rel}","templated":true}]}}