{"id":488875,"date":"2025-10-25T10:51:13","date_gmt":"2025-10-25T10:51:13","guid":{"rendered":"https:\/\/www.europesays.com\/fr\/488875\/"},"modified":"2025-10-25T10:51:13","modified_gmt":"2025-10-25T10:51:13","slug":"ol-strasbourg-lens-om-une-journee-qui-compte-en-ligue-1","status":"publish","type":"post","link":"https:\/\/www.europesays.com\/fr\/488875\/","title":{"rendered":"OL &#8211; Strasbourg, Lens &#8211; OM\u2026 une journ\u00e9e qui compte en Ligue 1"},"content":{"rendered":"<p>                            <img width=\"770\" height=\"433\" src=\"https:\/\/www.europesays.com\/fr\/wp-content\/uploads\/2025\/04\/AFP__20250328__38CE6TX__v1__HighRes__FblFraLigue1StrasbourgLyon-e1743231849439-770x433.jpg\" class=\"attachment-article size-article wp-post-image\" alt=\"Clinton Mata (OL) face \u00e0 Emegha (Strasbourg)\" decoding=\"async\" fetchpriority=\"high\"  \/><\/p>\n<p>Clinton Mata (OL) face \u00e0 Emegha (Strasbourg) (Photo by SEBASTIEN BOZON \/ AFP)<\/p>\n<p>Paulo Fonseca a \u00e9cart\u00e9 le caract\u00e8re d\u00e9cisif de la confrontation entre l\u2019OL et Strasbourg dimanche (20h45). Mais avec un Lens &#8211; OM ce samedi, cette 9e journ\u00e9e de Ligue 1 reste un passage \u00e0 bien g\u00e9rer.<\/p>\n<p>Difficile de lui donner tort quand Paulo\u00a0<strong>Fonseca<\/strong>\u00a0<a href=\"https:\/\/www.olympique-et-lyonnais.com\/ol-strasbourg-un-match-difficile-mais-pas-decisif-selon-fonseca,383317.html\" target=\"_blank\" rel=\"noopener\">balaye<\/a>\u00a0d\u2019un revers de la main la notion de\u00a0\u00ab\u00a0d\u00e9cisif\u00a0\u00bb. Avec encore vingt-cinq journ\u00e9es \u00e0 disputer, la Ligue 1 est encore loin d\u2019avoir rendu son verdict et la v\u00e9rit\u00e9 du 26 octobre ne sera certainement pas celle de mai 2026. Mais dans une saison, il y a des \u00e9tapes et des passages \u00e0 ne pas manquer. Ce week-end de la 9e journ\u00e9e de championnat en a toutes les caract\u00e9ristiques. Un choc attend bien \u00e9videmment l<strong>\u2019OL<\/strong>\u00a0avec la venue de\u00a0<strong>Strasbourg<\/strong>\u00a0\u00e0 D\u00e9cines dimanche (20h45) en fermeture de journ\u00e9e. Une rencontre\u00a0\u00ab\u00a0difficile\u00a0\u00bb\u00a0et un\u00a0<a href=\"https:\/\/www.olympique-et-lyonnais.com\/fonseca-ol-dithyrambique-envers-strasbourg,383354.html\" target=\"_blank\" rel=\"noopener\">vrai test\u00a0<\/a>pour les Lyonnais.<\/p>\n<p>Deux d\u00e9placements et le PSG avant la tr\u00eave<\/p>\n<p>\u00c0 un point de son adversaire du jour, la formation lyonnaise ne peut laisser passer l\u2019occasion de passer devant le\u00a0<strong>RCSA<\/strong>\u00a0et surtout mettre un terme \u00e0 sa s\u00e9rie de deux d\u00e9faites en Ligue 1. Surtout, les affiches de cette 9e journ\u00e9e pourraient permettre aux co\u00e9quipiers de Corentin\u00a0<strong>Tolisso<\/strong>\u00a0de retrouver un podium qu\u2019ils ont l\u00e2ch\u00e9 depuis deux journ\u00e9es.\u00a0<strong>Lens<\/strong>\u00a0et l\u2019<strong>OM<\/strong>, tous deux devant l\u2019OL avant cette nouvelle journ\u00e9e, s\u2019affrontent ce samedi (21h05) \u00e0 Bollaert. Rien de d\u00e9cisif comme l\u2019a mentionn\u00e9\u00a0<strong>Fonseca<\/strong>, mais un passage \u00e0 assurer avant deux d\u00e9placements cons\u00e9cutifs et la r\u00e9ception du\u00a0<strong>PSG\u00a0<\/strong>avant la tr\u00eave de novembre.<\/p>\n<p>\t\t\t\t\t<a href=\"https:\/\/www.olympique-et-lyonnais.com\/le-paris-fc-heureux-daffronter-des-equipes-qui-jouent-comme-lol,383372.html\" title=\"Le Paris FC heureux d\u2019affronter des &quot;\u00e9quipes qui jouent&quot; comme l\u2019OL\" target=\"_blank\" rel=\"noopener\"><img loading=\"lazy\" width=\"580\" height=\"326\" src=\"https:\/\/www.europesays.com\/fr\/wp-content\/uploads\/2025\/10\/68bb440384fc4fe6e10d9910.1-580x326.jpeg\" class=\"attachment-actularge size-actularge wp-post-image\" alt=\"Pierre Lees-Melou, milieu du Paris FC\" decoding=\"async\"  \/>\t\t\t\t\t<\/a><\/p>\n","protected":false},"excerpt":{"rendered":"Clinton Mata (OL) face \u00e0 Emegha (Strasbourg) (Photo by SEBASTIEN BOZON \/ AFP) Paulo Fonseca a \u00e9cart\u00e9 le&hellip;\n","protected":false},"author":2,"featured_media":829,"comment_status":"","ping_status":"","sticky":false,"template":"","format":"standard","meta":{"footnotes":""},"categories":[2820],"tags":[1111,11,1777,674,1011,27,775,66,12,241,978,25,640],"class_list":{"0":"post-488875","1":"post","2":"type-post","3":"status-publish","4":"format-standard","5":"has-post-thumbnail","7":"category-strasbourg","8":"tag-actu","9":"tag-actualites","10":"tag-eu","11":"tag-europe","12":"tag-fr","13":"tag-france","14":"tag-grand-est","15":"tag-ligue-1","16":"tag-news","17":"tag-ol","18":"tag-olympique-lyonnais","19":"tag-republique-francaise","20":"tag-strasbourg"},"share_on_mastodon":{"url":"https:\/\/pubeurope.com\/@fr\/115434428339273485","error":""},"_links":{"self":[{"href":"https:\/\/www.europesays.com\/fr\/wp-json\/wp\/v2\/posts\/488875","targetHints":{"allow":["GET"]}}],"collection":[{"href":"https:\/\/www.europesays.com\/fr\/wp-json\/wp\/v2\/posts"}],"about":[{"href":"https:\/\/www.europesays.com\/fr\/wp-json\/wp\/v2\/types\/post"}],"author":[{"embeddable":true,"href":"https:\/\/www.europesays.com\/fr\/wp-json\/wp\/v2\/users\/2"}],"replies":[{"embeddable":true,"href":"https:\/\/www.europesays.com\/fr\/wp-json\/wp\/v2\/comments?post=488875"}],"version-history":[{"count":0,"href":"https:\/\/www.europesays.com\/fr\/wp-json\/wp\/v2\/posts\/488875\/revisions"}],"wp:featuredmedia":[{"embeddable":true,"href":"https:\/\/www.europesays.com\/fr\/wp-json\/wp\/v2\/media\/829"}],"wp:attachment":[{"href":"https:\/\/www.europesays.com\/fr\/wp-json\/wp\/v2\/media?parent=488875"}],"wp:term":[{"taxonomy":"category","embeddable":true,"href":"https:\/\/www.europesays.com\/fr\/wp-json\/wp\/v2\/categories?post=488875"},{"taxonomy":"post_tag","embeddable":true,"href":"https:\/\/www.europesays.com\/fr\/wp-json\/wp\/v2\/tags?post=488875"}],"curies":[{"name":"wp","href":"https:\/\/api.w.org\/{rel}","templated":true}]}}