{"id":488878,"date":"2025-10-25T10:53:19","date_gmt":"2025-10-25T10:53:19","guid":{"rendered":"https:\/\/www.europesays.com\/fr\/488878\/"},"modified":"2025-10-25T10:53:19","modified_gmt":"2025-10-25T10:53:19","slug":"a-102-ans-un-ancien-combattant-de-la-seconde-guerre-mondiale-decore-de-la-legion-dhonneur","status":"publish","type":"post","link":"https:\/\/www.europesays.com\/fr\/488878\/","title":{"rendered":"\u00e0 102 ans, un ancien combattant de la Seconde Guerre mondiale d\u00e9cor\u00e9 de la L\u00e9gion d\u2019honneur"},"content":{"rendered":"<p>\n    Le parcours de vie de Ren\u00e9 Di Fraja a \u00e9t\u00e9 honor\u00e9 lors d\u2019une c\u00e9r\u00e9monie organis\u00e9e \u00e0 Nice pour lui remettre la plus haute distinction civile fran\u00e7aise.<\/p>\n<p class=\"fig-paragraph\">De nombreux adjectifs \u00e9logieux et m\u00e9rit\u00e9s ont \u00e9t\u00e9 employ\u00e9s pour dresser le portrait de Ren\u00e9 Di Fraja, mais pas celui de \u00abvieux\u00bb au vu de son admirable forme, lors d\u2019une r\u00e9ception \u00e0 Nice (Alpes-Maritimes) pour le faire\u00a0<a href=\"http:\/\/www.lefigaro.fr\/actualite-france\/qui-merite-la-legion-d-honneur-les-francais-auront-leur-mot-a-dire-20250304\" data-fig-type=\"Article\" data-gtm-custom-categorie=\"navigation\" data-gtm-custom-action=\"crossclick\" data-gtm-custom-label=\"Contextuel\" data-gtm-event=\"customEventSPE\" data-fig-domain=\"LEFIGARO\" target=\"_blank\" rel=\"noopener\">chevalier de la L\u00e9gion d\u2019honneur<\/a>.<\/p>\n<p class=\"fig-paragraph\">\u00c0 102 ans, c\u2019est d\u2019abord un sportif \u00e0 l\u2019hygi\u00e8ne exemplaire, un homme plein de courage et de d\u00e9vouement qui a \u00e9t\u00e9 honor\u00e9 et d\u00e9cor\u00e9, lui l\u2019ancien artilleur lors de la Seconde Guerre mondiale. Il a \u00e9t\u00e9 engag\u00e9 entre 1943 et 1945 au sein du 69e r\u00e9giment d\u2019artillerie de montagne de l\u2019arm\u00e9e du Maroc, bas\u00e9 \u00e0 Barcelonnette, en tant que chauffeur de la section munitions.<\/p>\n<p>                                    <a class=\"fig-a11y-skip a11y-hidden\" href=\"#fig-a11y-skip-main-inarticle\"><br \/>\n        Passer la publicit\u00e9<br \/>\n    <\/a><\/p>\n<p class=\"fig-paragraph\">Par un d\u00e9cret du pr\u00e9sident de la R\u00e9publique le 8 novembre 2024, \u00e0 l\u2019occasion des\u00a0<a href=\"http:\/\/www.lefigaro.fr\/actualite-france\/les-photos-du-80e-anniversaire-du-debarquement-de-normandie-20240606\" data-fig-type=\"NewsFlash\" data-gtm-custom-categorie=\"navigation\" data-gtm-custom-action=\"crossclick\" data-gtm-custom-label=\"Contextuel\" data-gtm-event=\"customEventSPE\" data-fig-domain=\"LEFIGARO\" target=\"_blank\" rel=\"noopener\">80 ans du d\u00e9barquement<\/a>, il a \u00e9t\u00e9 d\u00e9cor\u00e9 de la plus haute distinction civile fran\u00e7aise, \u00aben reconnaissance de vos services rendus \u00e0 la Nation\u00bb, a insist\u00e9\u00a0<a href=\"http:\/\/www.lefigaro.fr\/nice\/le-patron-lr-des-alpes-maritimes-charles-ange-ginesy-relaxe-dans-une-affaire-de-favoristime-20250929\" data-fig-type=\"NewsFlash\" data-gtm-custom-categorie=\"navigation\" data-gtm-custom-action=\"crossclick\" data-gtm-custom-label=\"Contextuel\" data-gtm-event=\"customEventSPE\" data-fig-domain=\"LEFIGARO\" target=\"_blank\" rel=\"noopener\">Charles-Ange Gin\u00e9sy<\/a>, le pr\u00e9sident du d\u00e9partement des Alpes-Maritimes charg\u00e9 de lui remettre cette d\u00e9coration.<\/p>\n<p>Franchissement d\u2019un violent tir d\u2019artillerie<\/p>\n<p class=\"fig-paragraph\">Un acte de bravoure a justement \u00e9t\u00e9 \u00e9voqu\u00e9 lors de cette c\u00e9r\u00e9monie organis\u00e9e au palais des Rois Sardes, somptueux lieu de Nice jouxtant le cours Saleya. Le 16 juillet 1944, il a franchi un violent tir d\u2019artillerie avec sang-froid, chose pour laquelle il a aussi \u00e9t\u00e9 d\u00e9cor\u00e9 d\u2019une croix de guerre. \u00abCe soir-l\u00e0, vous ne conduisez pas seulement un camion, vous conduisez la vie de plusieurs de vos fr\u00e8res d\u2019armes\u00bb, a soulign\u00e9 le pr\u00e9sident de la collectivit\u00e9.<\/p>\n<p class=\"fig-paragraph\">N\u00e9 \u00e0 B\u00f4ne en Alg\u00e9rie en 1923, c\u2019est bien sur la C\u00f4te d\u2019Azur et \u00e0 Nice que Ren\u00e9 Di Fraja \u00e9crit une grande partie de sa vie, son r\u00e9giment y \u00e9tant d\u00e9tach\u00e9 d\u00e8s 1945. Le fils de p\u00eacheur devenu champion de water-polo junior rejoint la SNCF \u00e0 Nice apr\u00e8s la guerre, lui qui avait d\u00e9but\u00e9 dans les chemins de fer alg\u00e9riens.<\/p>\n<p class=\"fig-paragraph\">\u00abRen\u00e9, vous n\u2019\u00eates pas un \u201cvieux\u201d, c\u2019est pr\u00e9cis\u00e9ment votre secret\u00bb, a souri Charles-Ange Gin\u00e9sy dans son discours, insistant sur \u00abune discipline de vie exemplaire, sans tabac ni alcool, ponctu\u00e9e d\u2019une gymnastique quotidienne\u00bb. \u00abVous \u00eates un homme sage, raisonnable, un exemple d\u2019histoire et de transmission. Votre vie est un po\u00e8me de courage, d\u2019amour et de fid\u00e9lit\u00e9\u00bb, a-t-il poursuivi.<\/p>\n<p class=\"fig-paragraph\">Ren\u00e9 Di Fraja \u00e9tait entour\u00e9 de sa famille, de ses enfants, ses trois petits-enfants et de son arri\u00e8re-petit-fils pour cette c\u00e9r\u00e9monie pleine d\u2019\u00e9motion et de transmission de l\u2019Histoire de France.<\/p>\n","protected":false},"excerpt":{"rendered":"Le parcours de vie de Ren\u00e9 Di Fraja a \u00e9t\u00e9 honor\u00e9 lors d\u2019une c\u00e9r\u00e9monie organis\u00e9e \u00e0 Nice pour&hellip;\n","protected":false},"author":2,"featured_media":488879,"comment_status":"","ping_status":"","sticky":false,"template":"","format":"standard","meta":{"footnotes":""},"categories":[2819],"tags":[1111,11,1777,674,1011,27,10254,12,2401,882,25,935],"class_list":{"0":"post-488878","1":"post","2":"type-post","3":"status-publish","4":"format-standard","5":"has-post-thumbnail","7":"category-nice","8":"tag-actu","9":"tag-actualites","10":"tag-eu","11":"tag-europe","12":"tag-fr","13":"tag-france","14":"tag-legion-dhonneur","15":"tag-news","16":"tag-nice","17":"tag-provence-alpes-cote-dazur","18":"tag-republique-francaise","19":"tag-seconde-guerre-mondiale"},"share_on_mastodon":{"url":"https:\/\/pubeurope.com\/@fr\/115434435578787033","error":""},"_links":{"self":[{"href":"https:\/\/www.europesays.com\/fr\/wp-json\/wp\/v2\/posts\/488878","targetHints":{"allow":["GET"]}}],"collection":[{"href":"https:\/\/www.europesays.com\/fr\/wp-json\/wp\/v2\/posts"}],"about":[{"href":"https:\/\/www.europesays.com\/fr\/wp-json\/wp\/v2\/types\/post"}],"author":[{"embeddable":true,"href":"https:\/\/www.europesays.com\/fr\/wp-json\/wp\/v2\/users\/2"}],"replies":[{"embeddable":true,"href":"https:\/\/www.europesays.com\/fr\/wp-json\/wp\/v2\/comments?post=488878"}],"version-history":[{"count":0,"href":"https:\/\/www.europesays.com\/fr\/wp-json\/wp\/v2\/posts\/488878\/revisions"}],"wp:featuredmedia":[{"embeddable":true,"href":"https:\/\/www.europesays.com\/fr\/wp-json\/wp\/v2\/media\/488879"}],"wp:attachment":[{"href":"https:\/\/www.europesays.com\/fr\/wp-json\/wp\/v2\/media?parent=488878"}],"wp:term":[{"taxonomy":"category","embeddable":true,"href":"https:\/\/www.europesays.com\/fr\/wp-json\/wp\/v2\/categories?post=488878"},{"taxonomy":"post_tag","embeddable":true,"href":"https:\/\/www.europesays.com\/fr\/wp-json\/wp\/v2\/tags?post=488878"}],"curies":[{"name":"wp","href":"https:\/\/api.w.org\/{rel}","templated":true}]}}