{"id":488880,"date":"2025-10-25T10:54:28","date_gmt":"2025-10-25T10:54:28","guid":{"rendered":"https:\/\/www.europesays.com\/fr\/488880\/"},"modified":"2025-10-25T10:54:28","modified_gmt":"2025-10-25T10:54:28","slug":"bouguenais-trois-films-a-voir-en-famille-pendant-les-vacances-2","status":"publish","type":"post","link":"https:\/\/www.europesays.com\/fr\/488880\/","title":{"rendered":"Bouguenais. Trois films \u00e0 voir en famille pendant les vacances"},"content":{"rendered":"<p>On peut choisir de passer ses vacances de Toussaint au cin\u00e9ma Le Beaulieu, surtout si le temps est \u00e0 la pluie. Le cin\u00e9ma a concoct\u00e9 un programme vari\u00e9 qui int\u00e9resse aussi bien le jeune public que les familles, comme Marcel et Monsieur Pagnol, dimanche et lundi, \u00e0 15\u00a0h, et mardi, \u00e0 20\u00a0h.<\/p>\n<p>Les jeunes de 6\u00a0ans pr\u00e9f\u00e9reront le film d\u2019animation de Marcel Barelli, Mary Anning, qui se d\u00e9roule au XIXe\u00a0si\u00e8cle, en Angleterre. La jeune Mary, passionn\u00e9e par les fossiles qu\u2019elle recherche avec son p\u00e8re, est d\u00e9vast\u00e9e par la mort de celui-ci, qui oblige sa famille \u00e0 quitter sa maison. Mais avant de mourir, son p\u00e8re lui a laiss\u00e9 un myst\u00e9rieux message qui pourrait l\u2019amener \u00e0 bouleverser bien de choses. \u00c0 d\u00e9couvrir mardi, \u00e0 15\u00a0h.<\/p>\n<p>Si vous aimez le cin\u00e9ma au point de vous lancer dans l\u2019animation d\u2019objets, une stop motion sera propos\u00e9e apr\u00e8s le film d\u2019Andr\u00e9 Lanciaux, Le secret des m\u00e9sanges, r\u00e9cit initiatique plein de rebondissements, mis en images gr\u00e2ce \u00e0 la technique artisanale du papier d\u00e9coup\u00e9. Au cours de ses vacances, Lucie, 9\u00a0ans, veut d\u00e9couvrir la vie de sa maman dans le village o\u00f9 elle a grandi. L\u2019atelier, gratuit, suivra le go\u00fbter offert apr\u00e8s le film projet\u00e9 \u00e0 14\u00a0h\u00a030, mercredi. Le film seul est \u00e0 voir jeudi\u00a030, vendredi 31\u00a0octobre et dimanche 2\u00a0novembre, \u00e0 15\u00a0h.<\/p>\n<p><strong>Tarifs\u00a0: <\/strong>4,50\u00a0\u20ac pour les s\u00e9ances de l\u2019apr\u00e8s-midi\u00a0; 6,30\u00a0\u20ac le week-end ou le soir\u00a0; 5,30\u00a0\u20ac avec carte d\u2019abonnement.<\/p>\n<p>\u00a0<\/p>\n","protected":false},"excerpt":{"rendered":"On peut choisir de passer ses vacances de Toussaint au cin\u00e9ma Le Beaulieu, surtout si le temps est&hellip;\n","protected":false},"author":2,"featured_media":488424,"comment_status":"","ping_status":"","sticky":false,"template":"","format":"standard","meta":{"footnotes":""},"categories":[2818],"tags":[1111,11,5173,1777,674,652,1346,1011,27,766,12,2636,25,2528,3840],"class_list":{"0":"post-488880","1":"post","2":"type-post","3":"status-publish","4":"format-standard","5":"has-post-thumbnail","7":"category-nantes","8":"tag-actu","9":"tag-actualites","10":"tag-bouguenais","11":"tag-eu","12":"tag-europe","13":"tag-famille","14":"tag-films","15":"tag-fr","16":"tag-france","17":"tag-nantes","18":"tag-news","19":"tag-pays-de-la-loire","20":"tag-republique-francaise","21":"tag-vacances","22":"tag-voir"},"share_on_mastodon":{"url":"https:\/\/pubeurope.com\/@fr\/115434439575726839","error":""},"_links":{"self":[{"href":"https:\/\/www.europesays.com\/fr\/wp-json\/wp\/v2\/posts\/488880","targetHints":{"allow":["GET"]}}],"collection":[{"href":"https:\/\/www.europesays.com\/fr\/wp-json\/wp\/v2\/posts"}],"about":[{"href":"https:\/\/www.europesays.com\/fr\/wp-json\/wp\/v2\/types\/post"}],"author":[{"embeddable":true,"href":"https:\/\/www.europesays.com\/fr\/wp-json\/wp\/v2\/users\/2"}],"replies":[{"embeddable":true,"href":"https:\/\/www.europesays.com\/fr\/wp-json\/wp\/v2\/comments?post=488880"}],"version-history":[{"count":0,"href":"https:\/\/www.europesays.com\/fr\/wp-json\/wp\/v2\/posts\/488880\/revisions"}],"wp:featuredmedia":[{"embeddable":true,"href":"https:\/\/www.europesays.com\/fr\/wp-json\/wp\/v2\/media\/488424"}],"wp:attachment":[{"href":"https:\/\/www.europesays.com\/fr\/wp-json\/wp\/v2\/media?parent=488880"}],"wp:term":[{"taxonomy":"category","embeddable":true,"href":"https:\/\/www.europesays.com\/fr\/wp-json\/wp\/v2\/categories?post=488880"},{"taxonomy":"post_tag","embeddable":true,"href":"https:\/\/www.europesays.com\/fr\/wp-json\/wp\/v2\/tags?post=488880"}],"curies":[{"name":"wp","href":"https:\/\/api.w.org\/{rel}","templated":true}]}}