{"id":488889,"date":"2025-10-25T10:59:13","date_gmt":"2025-10-25T10:59:13","guid":{"rendered":"https:\/\/www.europesays.com\/fr\/488889\/"},"modified":"2025-10-25T10:59:13","modified_gmt":"2025-10-25T10:59:13","slug":"des-travaux-sont-prevus-sur-le-peripherique-de-toulouse-la-circulation-va-etre-impactee","status":"publish","type":"post","link":"https:\/\/www.europesays.com\/fr\/488889\/","title":{"rendered":"Des travaux sont pr\u00e9vus sur le p\u00e9riph\u00e9rique de Toulouse, la circulation va \u00eatre impact\u00e9e"},"content":{"rendered":"<p>            Par<br \/>\n        <strong><br \/>\n            <a href=\"https:\/\/actu.fr\/auteur\/redaction-toulouse\" title=\"Consulter tous les articles de R\u00e9daction de Toulouse\" target=\"_blank\" rel=\"noopener\">R\u00e9daction de Toulouse<\/a><br \/>\n        <\/strong><\/p>\n<p>        Publi\u00e9 le<\/p>\n<p>            25 oct. 2025 \u00e0 12h30        <\/p>\n<p>Des travaux vont perturber la circulation sur le <a href=\"https:\/\/actu.fr\/tag\/peripherique-de-toulouse\" target=\"_blank\" rel=\"noopener\">p\u00e9riph\u00e9rique de Toulouse<\/a>, entre le lundi 27 et le jeudi 30 octobre 2025. Les op\u00e9rations se d\u00e9rouleront de nuit, \u00e0 partir de 20h30 et jusqu\u2019\u00e0 6 heures du matin. Des d\u00e9viations seront mises en place. Voici les sections concern\u00e9es.<\/p>\n<p>Les 27 et 28\u00a0octobre, la bifurcation avec l\u2019A62 concern\u00e9e<\/p>\n<p class=\" wall-content\">Dans la nuit du 27\u00a0octobre, dans la nuit, le p\u00e9riph\u00e9rique \u00ab\u2009sera ferm\u00e9<strong> en direction de Montpellier<\/strong> entre les \u00e9changeurs de Sesqui\u00e8res (n\u00b033) et Croix-Daurade (n\u00b014), ce qui inclut la bifurcation avec l\u2019A62\u2009\u00bb, indique <a href=\"https:\/\/actu.fr\/societe\/rien-d-hilarant-vinci-autoroute-alerte-sur-une-hausse-de-la-consommation-de-protoxyde-d-azote-au-volant_63342517.html\" target=\"_blank\" rel=\"noopener\">Vinci Autoroutes<\/a>.<\/p>\n<p class=\" wall-content\">Le lendemain, m\u00eames heures, le p\u00e9riph\u00e9rique ext\u00e9rieur sera ferm\u00e9 <strong>dans le sens inverse<\/strong>, en direction de Bordeaux, entre les \u00e9changeurs de Croix-Daurade (n\u00b014) et Sesqui\u00e8res (n\u00b033). Cela inclut l\u00e0 encore la bifurcation avec l\u2019A62.<\/p>\n<p>Les 29 et 30\u00a0octobre, la bifurcation avec l\u2019A68 concern\u00e9e<\/p>\n<p class=\" wall-content\">La nuit du mercredi 29\u00a0octobre, toujours de 20h30 \u00e0 6\u00a0heures,<strong> fermeture du p\u00e9riph\u00e9rique<\/strong> en direction de Montpellier entre les \u00e9changeurs de Croix-Daurade (n\u00b014) et Soupetard (n\u00b016). Cela inclut cette fois-ci la bifurcation avec l\u2019A68.<\/p>\n<p class=\" wall-content\"><strong>Dans la nuit du jeudi 30\u00a0octobre enfin<\/strong>, la zone concern\u00e9e par la fermeture sera la section inverse du p\u00e9riph\u00e9rique\u2009: en direction de Bordeaux, entre les \u00e9changeurs de Soupetard (n\u00b016) et Croix-Daurade (n\u00b014), ce qui inclut la bifurcation avec l\u2019A68.<\/p>\n<p>Vid\u00e9os : en ce moment sur Actu<\/p>\n<p class=\" wall-content\">Des travaux sont \u00e9galement pr\u00e9vus entre le lundi\u00a03 et le jeudi 6\u00a0novembre 2025. Le programme sera prochainement communiqu\u00e9.<\/p>\n<p class=\" wall-content\">Personnalisez votre actualit\u00e9 en ajoutant vos villes et m\u00e9dias en favori avec <a href=\"https:\/\/moncompte.actu.fr\" title=\"D\u00e9couvez Mon Actu\" rel=\"nofollow noopener\" data-trk=\"{&quot;cta&quot;:{&quot;action&quot;:&quot;https:\\\/\\\/moncompte.actu.fr&quot;,&quot;category&quot;:&quot;mon compte&quot;,&quot;from&quot;:&quot;article footer&quot;,&quot;name&quot;:&quot;Mon actu&quot;,&quot;type&quot;:&quot;cta&quot;}}\" target=\"_blank\">Mon Actu<\/a>.<\/p>\n","protected":false},"excerpt":{"rendered":"Par R\u00e9daction de Toulouse Publi\u00e9 le 25 oct. 2025 \u00e0 12h30 Des travaux vont perturber la circulation sur&hellip;\n","protected":false},"author":2,"featured_media":249808,"comment_status":"","ping_status":"","sticky":false,"template":"","format":"standard","meta":{"footnotes":""},"categories":[2816],"tags":[1111,11,1777,674,1011,27,12,2680,4800,25,104,2312],"class_list":{"0":"post-488889","1":"post","2":"type-post","3":"status-publish","4":"format-standard","5":"has-post-thumbnail","7":"category-toulouse","8":"tag-actu","9":"tag-actualites","10":"tag-eu","11":"tag-europe","12":"tag-fr","13":"tag-france","14":"tag-news","15":"tag-occitanie","16":"tag-peripherique-de-toulouse","17":"tag-republique-francaise","18":"tag-societe","19":"tag-toulouse"},"share_on_mastodon":{"url":"https:\/\/pubeurope.com\/@fr\/115434459291118225","error":""},"_links":{"self":[{"href":"https:\/\/www.europesays.com\/fr\/wp-json\/wp\/v2\/posts\/488889","targetHints":{"allow":["GET"]}}],"collection":[{"href":"https:\/\/www.europesays.com\/fr\/wp-json\/wp\/v2\/posts"}],"about":[{"href":"https:\/\/www.europesays.com\/fr\/wp-json\/wp\/v2\/types\/post"}],"author":[{"embeddable":true,"href":"https:\/\/www.europesays.com\/fr\/wp-json\/wp\/v2\/users\/2"}],"replies":[{"embeddable":true,"href":"https:\/\/www.europesays.com\/fr\/wp-json\/wp\/v2\/comments?post=488889"}],"version-history":[{"count":0,"href":"https:\/\/www.europesays.com\/fr\/wp-json\/wp\/v2\/posts\/488889\/revisions"}],"wp:featuredmedia":[{"embeddable":true,"href":"https:\/\/www.europesays.com\/fr\/wp-json\/wp\/v2\/media\/249808"}],"wp:attachment":[{"href":"https:\/\/www.europesays.com\/fr\/wp-json\/wp\/v2\/media?parent=488889"}],"wp:term":[{"taxonomy":"category","embeddable":true,"href":"https:\/\/www.europesays.com\/fr\/wp-json\/wp\/v2\/categories?post=488889"},{"taxonomy":"post_tag","embeddable":true,"href":"https:\/\/www.europesays.com\/fr\/wp-json\/wp\/v2\/tags?post=488889"}],"curies":[{"name":"wp","href":"https:\/\/api.w.org\/{rel}","templated":true}]}}