{"id":488896,"date":"2025-10-25T11:03:11","date_gmt":"2025-10-25T11:03:11","guid":{"rendered":"https:\/\/www.europesays.com\/fr\/488896\/"},"modified":"2025-10-25T11:03:11","modified_gmt":"2025-10-25T11:03:11","slug":"un-homme-de-94-ans-depouille-a-son-domicile-a-marseille","status":"publish","type":"post","link":"https:\/\/www.europesays.com\/fr\/488896\/","title":{"rendered":"un homme de 94 ans d\u00e9pouill\u00e9 \u00e0 son domicile \u00e0 Marseille"},"content":{"rendered":"<p>Ils ont sonn\u00e9 juste avant le d\u00e9but du shabbat, vers 18h, ce vendredi soir du 24\u00a0octobre\u00a02025, au domicile d\u2019un couple de personnes \u00e2g\u00e9es domicili\u00e9es sur le Prado, dans le 8e arrondissement de <a href=\"https:\/\/www.laprovence.com\/bouches-du-rhone\/marseille-13055\" target=\"_blank\" rel=\"noopener\">Marseille<\/a>.\u00a0\u00c0 point nomm\u00e9 pour abuser de leurs victimes.<\/p>\n<p>Ces deux inconnus v\u00eatus de noir ont d\u2019abord expliqu\u00e9 au propri\u00e9taire de l\u2019appartement, un homme de 94\u00a0ans, qu\u2019ils venaient en aide \u00e0 la communaut\u00e9 isra\u00e9lite. Avec assez d\u2019aplomb pour convaincre le nonag\u00e9naire, \u00e0 l\u2019audition tr\u00e8s diminu\u00e9e, ils se sont fait ouvrir la porte. C\u2019est alors que les visiteurs se sont d\u00e9voil\u00e9s dans toute leur violence.<\/p>\n<p>Bondissant sur l\u2019occupant des lieux, les deux malfaiteurs ont jet\u00e9 le pauvre homme \u00e0 terre, le tirant par les cheveux pour le contraindre <a href=\"https:\/\/www.laprovence.com\/article\/societe\/2852519354043114\/louvre-les-pierres-precieuses-volees-lors-du-cambriolage-sont-elles-tracables\" target=\"_blank\" rel=\"noopener\">\u00e0 remettre des bijoux<\/a>, tandis que son \u00e9pouse, tr\u00e8s malade et \u00e2g\u00e9e de 91\u00a0ans, se trouvait alit\u00e9e dans une autre pi\u00e8ce.<\/p>\n<p>Un pr\u00e9judice \u00ab\u00a0consid\u00e9rable\u00a0\u00bb<\/p>\n<p>Prenant le soin de maintenir leurs mains sur les yeux du mari pour ne pas \u00eatre identifi\u00e9s, les deux hommes qui n\u2019\u00e9taient pas masqu\u00e9s ni, semble-t-il, arm\u00e9s, mais manifestement tr\u00e8s bien renseign\u00e9s, se seraient empar\u00e9s de bijoux de grande valeur avant de prendre la fuite, laissant le nonag\u00e9naire indemne physiquement, mais dans un \u00e9tat de choc tel qu\u2019il a d\u00fb \u00eatre transport\u00e9 \u00e0 l\u2019h\u00f4pital.<\/p>\n<p>Le pr\u00e9judice, toujours en cours d\u2019\u00e9valuation, serait \u00ab\u00a0consid\u00e9rable\u00a0\u00bb, selon une source proche du dossier.\u00a0Toute la soir\u00e9e, les techniciens de la police scientifique ont proc\u00e9d\u00e9 aux relev\u00e9s des traces et indices laiss\u00e9s par les malfaiteurs, tandis qu\u2019une enqu\u00eate \u00e9tait ouverte par le parquet de Marseille et confi\u00e9e aux policiers de la division de la criminalit\u00e9 territoriale (DCT).<\/p>\n","protected":false},"excerpt":{"rendered":"Ils ont sonn\u00e9 juste avant le d\u00e9but du shabbat, vers 18h, ce vendredi soir du 24\u00a0octobre\u00a02025, au domicile&hellip;\n","protected":false},"author":2,"featured_media":488897,"comment_status":"","ping_status":"","sticky":false,"template":"","format":"standard","meta":{"footnotes":""},"categories":[2814],"tags":[17,1111,11,1764,5417,154,1777,674,274,1011,27,4027,4933,884,12,882,25,27322,10765],"class_list":{"0":"post-488896","1":"post","2":"type-post","3":"status-publish","4":"format-standard","5":"has-post-thumbnail","7":"category-marseille","8":"tag-17","9":"tag-actu","10":"tag-actualites","11":"tag-ans","12":"tag-bijoux","13":"tag-des","14":"tag-eu","15":"tag-europe","16":"tag-faits-divers-justice","17":"tag-fr","18":"tag-france","19":"tag-grande","20":"tag-homme","21":"tag-marseille","22":"tag-news","23":"tag-provence-alpes-cote-dazur","24":"tag-republique-francaise","25":"tag-valeur","26":"tag-voles"},"share_on_mastodon":{"url":"https:\/\/pubeurope.com\/@fr\/115434475104849127","error":""},"_links":{"self":[{"href":"https:\/\/www.europesays.com\/fr\/wp-json\/wp\/v2\/posts\/488896","targetHints":{"allow":["GET"]}}],"collection":[{"href":"https:\/\/www.europesays.com\/fr\/wp-json\/wp\/v2\/posts"}],"about":[{"href":"https:\/\/www.europesays.com\/fr\/wp-json\/wp\/v2\/types\/post"}],"author":[{"embeddable":true,"href":"https:\/\/www.europesays.com\/fr\/wp-json\/wp\/v2\/users\/2"}],"replies":[{"embeddable":true,"href":"https:\/\/www.europesays.com\/fr\/wp-json\/wp\/v2\/comments?post=488896"}],"version-history":[{"count":0,"href":"https:\/\/www.europesays.com\/fr\/wp-json\/wp\/v2\/posts\/488896\/revisions"}],"wp:featuredmedia":[{"embeddable":true,"href":"https:\/\/www.europesays.com\/fr\/wp-json\/wp\/v2\/media\/488897"}],"wp:attachment":[{"href":"https:\/\/www.europesays.com\/fr\/wp-json\/wp\/v2\/media?parent=488896"}],"wp:term":[{"taxonomy":"category","embeddable":true,"href":"https:\/\/www.europesays.com\/fr\/wp-json\/wp\/v2\/categories?post=488896"},{"taxonomy":"post_tag","embeddable":true,"href":"https:\/\/www.europesays.com\/fr\/wp-json\/wp\/v2\/tags?post=488896"}],"curies":[{"name":"wp","href":"https:\/\/api.w.org\/{rel}","templated":true}]}}