{"id":488898,"date":"2025-10-25T11:04:12","date_gmt":"2025-10-25T11:04:12","guid":{"rendered":"https:\/\/www.europesays.com\/fr\/488898\/"},"modified":"2025-10-25T11:04:12","modified_gmt":"2025-10-25T11:04:12","slug":"lyon-me-manque-mais-je-ne-retrouverai-jamais-ce-que-jy-ai-vecu","status":"publish","type":"post","link":"https:\/\/www.europesays.com\/fr\/488898\/","title":{"rendered":"\u00ab\u00a0Lyon me manque, mais je ne retrouverai jamais ce que j\u2019y ai v\u00e9cu\u00a0\u00bb"},"content":{"rendered":"<p>Il vient de sortir un double album, Un disque bleu , con\u00e7u et enregistr\u00e9 entre l\u2019Argentine, le Br\u00e9sil, Paris et S\u00e8te. En attendant de partir en tourn\u00e9e sur les routes de France, c\u2019est dans son ancien fief lyonnais que <a href=\"https:\/\/www.leprogres.fr\/p\/benjamin-biolay\" target=\"_blank\" rel=\"noopener\">Benjamin Biolay<\/a> a fait une halte ce mercredi pour un showcase \u00e0 la Fnac. Rencontre avec un musicien qui garde Lyon dans son c\u0153ur.<\/p>\n<blockquote class=\"question\"><p>Vous voici \u00e0 la Fnac Bellecour pour jouer quelques morceaux, est-ce un lieu que vous fr\u00e9quentiez dans votre jeunesse, quand vous habitiez \u00e0 Lyon\u00a0?<\/p><\/blockquote>\n<p>\u00ab\u00a0Ici, c\u2019est comme le M\u00e9gastore \u00e0 Paris, un de ces endroits hyper importants o\u00f9 j\u2019ai fait ma culture musicale.\u00a0Quand je viens pour des showcases, apr\u00e8s je fais toujours des achats parce que j\u2019ai une dette envers eux\u00a0: je les ai bien d\u00e9pouill\u00e9s quand j\u2019\u00e9tais jeune\u2026 Quand j\u2019\u00e9tais au Conservatoire, je venais ici et je faisais mes courses mais je n\u2019avais parfois pas de moyens de&#8230;<\/p>\n","protected":false},"excerpt":{"rendered":"Il vient de sortir un double album, Un disque bleu , con\u00e7u et enregistr\u00e9 entre l\u2019Argentine, le Br\u00e9sil,&hellip;\n","protected":false},"author":2,"featured_media":488899,"comment_status":"","ping_status":"","sticky":false,"template":"","format":"standard","meta":{"footnotes":""},"categories":[1889],"tags":[1111,11,2430,1687,2757,1777,674,107,1011,27,2428,2756,873,12,25,2429,4604,273],"class_list":{"0":"post-488898","1":"post","2":"type-post","3":"status-publish","4":"format-standard","5":"has-post-thumbnail","7":"category-lyon","8":"tag-actu","9":"tag-actualites","10":"tag-auvergne-rhone-alpes","11":"tag-culture-loisirs","12":"tag-edition-lyon-villeurbanne","13":"tag-eu","14":"tag-europe","15":"tag-fil-info","16":"tag-fr","17":"tag-france","18":"tag-lyon","19":"tag-lyon-bassin","20":"tag-musique","21":"tag-news","22":"tag-republique-francaise","23":"tag-rhone","24":"tag-selection-abonne","25":"tag-selection-de-la-redaction"},"share_on_mastodon":{"url":"https:\/\/pubeurope.com\/@fr\/115434478961387954","error":""},"_links":{"self":[{"href":"https:\/\/www.europesays.com\/fr\/wp-json\/wp\/v2\/posts\/488898","targetHints":{"allow":["GET"]}}],"collection":[{"href":"https:\/\/www.europesays.com\/fr\/wp-json\/wp\/v2\/posts"}],"about":[{"href":"https:\/\/www.europesays.com\/fr\/wp-json\/wp\/v2\/types\/post"}],"author":[{"embeddable":true,"href":"https:\/\/www.europesays.com\/fr\/wp-json\/wp\/v2\/users\/2"}],"replies":[{"embeddable":true,"href":"https:\/\/www.europesays.com\/fr\/wp-json\/wp\/v2\/comments?post=488898"}],"version-history":[{"count":0,"href":"https:\/\/www.europesays.com\/fr\/wp-json\/wp\/v2\/posts\/488898\/revisions"}],"wp:featuredmedia":[{"embeddable":true,"href":"https:\/\/www.europesays.com\/fr\/wp-json\/wp\/v2\/media\/488899"}],"wp:attachment":[{"href":"https:\/\/www.europesays.com\/fr\/wp-json\/wp\/v2\/media?parent=488898"}],"wp:term":[{"taxonomy":"category","embeddable":true,"href":"https:\/\/www.europesays.com\/fr\/wp-json\/wp\/v2\/categories?post=488898"},{"taxonomy":"post_tag","embeddable":true,"href":"https:\/\/www.europesays.com\/fr\/wp-json\/wp\/v2\/tags?post=488898"}],"curies":[{"name":"wp","href":"https:\/\/api.w.org\/{rel}","templated":true}]}}