{"id":48891,"date":"2025-04-24T10:05:13","date_gmt":"2025-04-24T10:05:13","guid":{"rendered":"https:\/\/www.europesays.com\/fr\/48891\/"},"modified":"2025-04-24T10:05:13","modified_gmt":"2025-04-24T10:05:13","slug":"pres-de-lyon-des-cambrioleurs-ecument-ces-communes-les-gendarmes-leur-reservent-une-surprise","status":"publish","type":"post","link":"https:\/\/www.europesays.com\/fr\/48891\/","title":{"rendered":"Pr\u00e8s de Lyon. Des cambrioleurs \u00e9cument ces communes, les gendarmes leur r\u00e9servent une surprise"},"content":{"rendered":"<p>            Par<br \/>\n        <strong><br \/>\n            <a href=\"https:\/\/actu.fr\/auteur\/anthony-soudani\" title=\"Consulter tous les articles de Anthony Soudani\" rel=\"nofollow noopener\" target=\"_blank\">Anthony Soudani<\/a><br \/>\n        <\/strong><\/p>\n<p>        Publi\u00e9 le<\/p>\n<p>            24 avr. 2025 \u00e0 9h42        <\/p>\n<p>La compagnie de gendarmerie de l\u2019Arbresle (<a href=\"https:\/\/actu.fr\/auvergne-rhone-alpes\/rhone_69\" rel=\"nofollow noopener\" target=\"_blank\">Rh\u00f4ne<\/a>) a interpell\u00e9 deux cambrioleurs qui \u00e9cumaient l\u2019ouest lyonnais ces derni\u00e8res semaines, selon nos informations. C\u2019est au terme d\u2019une longue investigation que les militaires ont r\u00e9ussi \u00e0 leur mettre la main dessus.<\/p>\n<p>Une s\u00e9rie de cambriolages dans l\u2019Ouest lyonnais<\/p>\n<p class=\" wall-content\">Le 5 avril 2025, trois cambriolages sont commis sur la commune de Saint-Genis-les-Olli\u00e8res (Rh\u00f4ne), pr\u00e8s de <a href=\"https:\/\/actu.fr\/lyon\/\" rel=\"nofollow noopener\" target=\"_blank\">Lyon<\/a>, dans le p\u00e9rim\u00e8tre de la compagnie de gendarmerie de l\u2019Arbresle.<\/p>\n<p class=\" wall-content\">Les premiers actes d\u2019enqu\u00eate men\u00e9s par les gendarmes de la brigade de Francheville permettent d\u2019identifier un v\u00e9hicule suspect ainsi que de <strong>l\u2019ADN pr\u00e9sent sur un objet oubli\u00e9 par les auteurs.<\/strong><\/p>\n<p class=\" wall-content\">La poursuite des recherches permet d\u2019\u00e9tablir que deux cambriolages ont d\u00e9j\u00e0 \u00e9t\u00e9 commis \u00e0 Vourles (Rh\u00f4ne) la semaine pr\u00e9c\u00e9dente.<\/p>\n<p>Les deux cambrioleurs interpell\u00e9s en flagrant d\u00e9lit<\/p>\n<p class=\" wall-content\">Rep\u00e9r\u00e9 dans l\u2019Ouest lyonnais, <strong>le v\u00e9hicule est mis sous surveillance<\/strong>. Le 18 avril 2025, un dispositif compos\u00e9 de plusieurs gendarmes du groupement du Rh\u00f4ne, notamment du peloton de surveillance et d\u2019intervention de Dardilly et de la brigade de recherche de l\u2019Arbresle, permet <strong>l\u2019interpellation en flagrant d\u00e9lit<\/strong> de deux individus.<\/p>\n<p class=\" wall-content\">L\u2019un des mis en cause a \u00e9t\u00e9 poursuivi pour trois vols par effraction et une tentative, tandis que le second s\u2019est vu reprocher six vols par effraction et une tentative.<\/p>\n<p>Condamn\u00e9s \u00e0 12 mois de prison<\/p>\n<p class=\" wall-content\">Jug\u00e9s en comparution imm\u00e9diate \u00e0 l\u2019issue de leur garde \u00e0 vue, ils ont \u00e9t\u00e9 condamn\u00e9s \u00e0 douze mois d\u2019emprisonnement avec maintien en d\u00e9tention.<\/p>\n<p class=\" wall-content\">Le tribunal a \u00e9galement prononc\u00e9 \u00e0 leur encontre une interdiction du territoire fran\u00e7ais pendant 5 ans.<\/p>\n<p class=\" wall-content\">Suivez toute l\u2019actualit\u00e9 de vos villes et m\u00e9dias favoris en vous inscrivant \u00e0 <a href=\"https:\/\/moncompte.actu.fr\" title=\"D\u00e9couvez Mon Actu\" rel=\"nofollow noopener\" data-trk=\"{&quot;cta&quot;:{&quot;action&quot;:&quot;https:\\\/\\\/moncompte.actu.fr&quot;,&quot;category&quot;:&quot;mon compte&quot;,&quot;from&quot;:&quot;article footer&quot;,&quot;name&quot;:&quot;Mon actu&quot;,&quot;type&quot;:&quot;cta&quot;}}\" target=\"_blank\">Mon Actu<\/a>.<\/p>\n","protected":false},"excerpt":{"rendered":"Par Anthony Soudani Publi\u00e9 le 24 avr. 2025 \u00e0 9h42 La compagnie de gendarmerie de l\u2019Arbresle (Rh\u00f4ne) a&hellip;\n","protected":false},"author":2,"featured_media":48892,"comment_status":"","ping_status":"","sticky":false,"template":"","format":"standard","meta":{"footnotes":""},"categories":[1889],"tags":[1111,11,2430,1777,674,118,1011,27,3381,303,2428,12,25],"class_list":{"0":"post-48891","1":"post","2":"type-post","3":"status-publish","4":"format-standard","5":"has-post-thumbnail","7":"category-lyon","8":"tag-actu","9":"tag-actualites","10":"tag-auvergne-rhone-alpes","11":"tag-eu","12":"tag-europe","13":"tag-faits-divers","14":"tag-fr","15":"tag-france","16":"tag-gendarmerie","17":"tag-justice","18":"tag-lyon","19":"tag-news","20":"tag-republique-francaise"},"share_on_mastodon":{"url":"https:\/\/pubeurope.com\/@fr\/114392381931001849","error":""},"_links":{"self":[{"href":"https:\/\/www.europesays.com\/fr\/wp-json\/wp\/v2\/posts\/48891","targetHints":{"allow":["GET"]}}],"collection":[{"href":"https:\/\/www.europesays.com\/fr\/wp-json\/wp\/v2\/posts"}],"about":[{"href":"https:\/\/www.europesays.com\/fr\/wp-json\/wp\/v2\/types\/post"}],"author":[{"embeddable":true,"href":"https:\/\/www.europesays.com\/fr\/wp-json\/wp\/v2\/users\/2"}],"replies":[{"embeddable":true,"href":"https:\/\/www.europesays.com\/fr\/wp-json\/wp\/v2\/comments?post=48891"}],"version-history":[{"count":0,"href":"https:\/\/www.europesays.com\/fr\/wp-json\/wp\/v2\/posts\/48891\/revisions"}],"wp:featuredmedia":[{"embeddable":true,"href":"https:\/\/www.europesays.com\/fr\/wp-json\/wp\/v2\/media\/48892"}],"wp:attachment":[{"href":"https:\/\/www.europesays.com\/fr\/wp-json\/wp\/v2\/media?parent=48891"}],"wp:term":[{"taxonomy":"category","embeddable":true,"href":"https:\/\/www.europesays.com\/fr\/wp-json\/wp\/v2\/categories?post=48891"},{"taxonomy":"post_tag","embeddable":true,"href":"https:\/\/www.europesays.com\/fr\/wp-json\/wp\/v2\/tags?post=48891"}],"curies":[{"name":"wp","href":"https:\/\/api.w.org\/{rel}","templated":true}]}}