{"id":488912,"date":"2025-10-25T11:12:12","date_gmt":"2025-10-25T11:12:12","guid":{"rendered":"https:\/\/www.europesays.com\/fr\/488912\/"},"modified":"2025-10-25T11:12:12","modified_gmt":"2025-10-25T11:12:12","slug":"nouvelle-nuit-de-frappes-russes-sur-lukraine-trois-morts-dont-un-secouriste","status":"publish","type":"post","link":"https:\/\/www.europesays.com\/fr\/488912\/","title":{"rendered":"Nouvelle nuit de frappes russes sur l\u2019Ukraine, trois morts dont un secouriste"},"content":{"rendered":"<p class=\"authors latino-300b text-grey-600\">\n<p>  Par\u00a0<br \/>\nLe Nouvel Obs avec AFP<\/p>\n<p class=\"d-flex flex-column flex-lg-row column-gap-4 flex-wrap-wrap latino-300r text-grey-600 pe-8  border-end-lg\">\n<p>    Publi\u00e9 le\u00a025 octobre 2025 \u00e0 12h51\n  <\/p>\n<p>              Lecture\u00a0:\u00a01\u00a0min.<\/p>\n<p>      <img fetchpriority=\"high\" decoding=\"async\" class=\"mx-auto\" src=\"data:image\/svg+xml,%3Csvg%20xmlns%3D%27http%3A%2F%2Fwww.w3.org%2F2000%2Fsvg%27%20fill%3D%22%23e4e4e4%22%20viewBox%3D%270%200%20510%20340%27%20width%3D%22510%22%20height%3D%22340%22%3E%3Cpath%20d%3D%27M0%200h510v340H0z%27%2F%3E%3C%2Fsvg%3E\"  loading=\"eager\" width=\"510\" height=\"340\" data-oncrawl-image-size=\"510x340\" alt=\"Des pompiers luttent contre les flammes apr\u00e8s une frappe \u00e0 Kiev, le 25\u00a0octobre 2025.\"\/>      <\/p>\n<p class=\"latino-100m text-grey-600\">\n            Des pompiers luttent contre les flammes apr\u00e8s une frappe \u00e0 Kiev, le 25\u00a0octobre 2025.\u00a0GENYA SAVILOV \/ AFP        <\/p>\n<p>        Lire\u00a0plus\u00a0tard      <\/p>\n<p><a aria-label=\"Nous suivre sur Google News\" href=\"https:\/\/news.google.com\/publications\/CAAqBwgKMJe4nQkw3dFs?hl=fr&amp;gl=FR&amp;ceid=FR%3Afr\" target=\"_blank\" data-piano=\"Page_Article,Sous_date_publi,Nous_suivre_sur_google_news,1er_clic,action\" class=\"btn btn--small btn--tertiary btn--icon-only\" rel=\"nofollow noopener\"><\/p>\n<p>      Google Actualit\u00e9s<br \/>\n  <\/a><\/p>\n<p>  Partager<\/p>\n<p>        Facebook<\/p>\n<p>        Bluesky<\/p>\n<p>        E-mail<\/p>\n<p>        Copier le lien<\/p>\n<p>      Envoyer<\/p>\n<p>      S\u2019abonner    <\/p>\n<p class=\"node__paragraphe antonia-750r text-grey-800 pb-24 pb-md-32\">\nDes frappes de missiles russes sur l\u2019Ukraine men\u00e9es dans la nuit du vendredi 24\u00a0octobre au samedi 25\u00a0octobre ont caus\u00e9 la mort de trois personnes dont un secouriste, ont annonc\u00e9 les autorit\u00e9s ukrainiennes.<\/p>\n<p class=\"latino-500b text-grey-600 pb-16\">A lire aussi<\/p>\n<p><a href=\"https:\/\/www.nouvelobs.com\/monde\/20251024.OBS109093\/l-ue-cassera-t-elle-la-tirelire-des-210-milliards-de-poutine-pour-aider-l-ukraine-pourquoi-le-premier-ministre-belge-freine-le-deblocage-des-avoirs-russes.html\" data-article-key=\"20251024.OBS109093\" class=\"link--box flex-grow-1\" data-piano=\"Page_Article,Lire_aussi,,Lien1,navigation\" rel=\"nofollow noopener\" target=\"_blank\"><\/p>\n<p>                <img decoding=\"async\" src=\"data:image\/svg+xml,%3Csvg%20xmlns%3D%27http%3A%2F%2Fwww.w3.org%2F2000%2Fsvg%27%20fill%3D%22%23e4e4e4%22%20viewBox%3D%270%200%20120%2080%27%20width%3D%22120%22%20height%3D%2280%22%3E%3Cpath%20d%3D%27M0%200h120v80H0z%27%2F%3E%3C%2Fsvg%3E\"  width=\"120\" height=\"80\" loading=\"lazy\" alt=\"Le Premier ministre belge Bart De Wever \u00e0 son arriv\u00e9e au Conseil europ\u00e9en, \u00e0 Bruxelles, le 23\u00a0octobre 2025.\"\/><\/p>\n<p class=\"latino-300r latino-lg-600m text-grey-800\">\n                      <strong class=\"latino-300b latino-lg-600m text-grey-500\">Analyse\u00a0<\/strong><br \/>\n                    L\u2019UE cassera-t-elle la tirelire des 210\u00a0milliards de Poutine pour aider l\u2019Ukraine\u00a0? Pourquoi le Premier ministre belge freine le d\u00e9blocage des avoirs russes        <\/p>\n<p><\/a><\/p>\n<p class=\"node__paragraphe antonia-750r text-grey-800 pb-24 pb-md-32\">\n\u00ab\u00a0Un secouriste a \u00e9t\u00e9 tu\u00e9 et un autre bless\u00e9 \u00e0 la suite d\u2019un tir r\u00e9p\u00e9t\u00e9 de missiles sur la communaut\u00e9 de Petropavlivska dans la r\u00e9gion de Dnipropetrovsk\u00a0\u00bb, dans le centre-est du pays, a d\u00e9clar\u00e9 le minist\u00e8re de l\u2019Int\u00e9rieur sur les r\u00e9seaux sociaux.<\/p>\n<p class=\"node__paragraphe antonia-750r text-grey-800 pb-24 pb-md-32\">\nDans cette m\u00eame r\u00e9gion, \u00ab\u00a0une femme a \u00e9galement \u00e9t\u00e9 tu\u00e9e et sept personnes ont \u00e9t\u00e9 bless\u00e9es\u00a0\u00bb, a indiqu\u00e9 le minist\u00e8re, expliquant que des \u00ab\u00a0camions de pompiers, des b\u00e2timents r\u00e9sidentiels et des magasins ont \u00e9t\u00e9 endommag\u00e9s\u00a0\u00bb.<\/p>\n<p>Des incendies importants \u00e0 Kiev<\/p>\n<p class=\"node__paragraphe antonia-750r text-grey-800 pb-24 pb-md-32\">\nMoscou a \u00e9galement pris pour cible la capitale Kiev, tuant une personne et blessant dix autres, selon le chef de l\u2019administration militaire de la ville, Timour Tkatchenko. Vers quatre heures du matin, les journalistes de l\u2019AFP \u00e0 Kiev ont entendu le sifflement caract\u00e9ristique des missiles ainsi que de puissantes d\u00e9tonations.<\/p>\n<p class=\"node__paragraphe antonia-750r text-grey-800 pb-24 pb-md-32\">\nLes services de secours nationaux ont partag\u00e9 des photos de pompiers luttant contre les flammes, alors que des incendies importants se sont d\u00e9clar\u00e9s dans deux quartiers de la capitale, selon des sources municipales.<\/p>\n<p class=\"latino-500b text-grey-600 pb-16\">A lire aussi<\/p>\n<p><a href=\"https:\/\/www.nouvelobs.com\/monde\/20251023.OBS109044\/guerre-en-ukraine-tres-agace-par-poutine-trump-durcit-finalement-les-sanctions-americaines-contre-la-russie.html\" data-article-key=\"20251023.OBS109044\" class=\"link--box flex-grow-1\" data-piano=\"Page_Article,Lire_aussi,,Lien2,navigation\" rel=\"nofollow noopener\" target=\"_blank\"><\/p>\n<p>                <img decoding=\"async\" src=\"data:image\/svg+xml,%3Csvg%20xmlns%3D%27http%3A%2F%2Fwww.w3.org%2F2000%2Fsvg%27%20fill%3D%22%23e4e4e4%22%20viewBox%3D%270%200%20120%2080%27%20width%3D%22120%22%20height%3D%2280%22%3E%3Cpath%20d%3D%27M0%200h120v80H0z%27%2F%3E%3C%2Fsvg%3E\"  width=\"120\" height=\"80\" loading=\"lazy\" alt=\"Le pr\u00e9sident am\u00e9ricain Donald Trump \u00e0 la Maison-Blanche, le 22\u00a0octobre 2025.\"\/><\/p>\n<p class=\"latino-300r latino-lg-600m text-grey-800\">\n                      <strong class=\"latino-300b latino-lg-600m text-grey-500\">R\u00e9cap\u00a0<\/strong><br \/>\n                    Guerre en Ukraine\u00a0: tr\u00e8s agac\u00e9 par Poutine, Trump durcit finalement les sanctions am\u00e9ricaines contre la Russie        <\/p>\n<p><\/a><\/p>\n<p class=\"node__paragraphe antonia-750r text-grey-800 pb-24 pb-md-32\">\nCette nuit-l\u00e0, la Russie a tir\u00e9 sur l\u2019Ukraine \u00ab\u00a0neuf missiles balistiques Iskander-M\u00a0\u00bb, et \u00ab\u00a064 drones d\u2019attaques\u00a0\u00bb et d\u2019autres types selon l\u2019arm\u00e9e de l\u2019air ukrainienne, qui affirme avoir d\u00e9truit 50 drones et quatre missiles.<\/p>\n<p class=\"authors latino-600m text-grey-800\">\n<p>  Par\u00a0<br \/>\nLe Nouvel Obs avec AFP<\/p>\n","protected":false},"excerpt":{"rendered":"Par\u00a0 Le Nouvel Obs avec AFP Publi\u00e9 le\u00a025 octobre 2025 \u00e0 12h51 Lecture\u00a0:\u00a01\u00a0min. Des pompiers luttent contre les&hellip;\n","protected":false},"author":2,"featured_media":488913,"comment_status":"","ping_status":"","sticky":false,"template":"","format":"standard","meta":{"footnotes":""},"categories":[1591],"tags":[17,11,1887,2535,131,74,5184,12,2043,293,2536,1885,1886,132,61185,220],"class_list":{"0":"post-488912","1":"post","2":"type-post","3":"status-publish","4":"format-standard","5":"has-post-thumbnail","7":"category-russie","8":"tag-17","9":"tag-actualites","10":"tag-federation-de-russie","11":"tag-frappes","12":"tag-guerre-en-ukraine","13":"tag-monde","14":"tag-morts","15":"tag-news","16":"tag-nouvelle","17":"tag-nuit","18":"tag-russes","19":"tag-russia","20":"tag-russian-federation","21":"tag-russie","22":"tag-secouriste","23":"tag-ukraine"},"share_on_mastodon":{"url":"https:\/\/pubeurope.com\/@fr\/115434510331480625","error":""},"_links":{"self":[{"href":"https:\/\/www.europesays.com\/fr\/wp-json\/wp\/v2\/posts\/488912","targetHints":{"allow":["GET"]}}],"collection":[{"href":"https:\/\/www.europesays.com\/fr\/wp-json\/wp\/v2\/posts"}],"about":[{"href":"https:\/\/www.europesays.com\/fr\/wp-json\/wp\/v2\/types\/post"}],"author":[{"embeddable":true,"href":"https:\/\/www.europesays.com\/fr\/wp-json\/wp\/v2\/users\/2"}],"replies":[{"embeddable":true,"href":"https:\/\/www.europesays.com\/fr\/wp-json\/wp\/v2\/comments?post=488912"}],"version-history":[{"count":0,"href":"https:\/\/www.europesays.com\/fr\/wp-json\/wp\/v2\/posts\/488912\/revisions"}],"wp:featuredmedia":[{"embeddable":true,"href":"https:\/\/www.europesays.com\/fr\/wp-json\/wp\/v2\/media\/488913"}],"wp:attachment":[{"href":"https:\/\/www.europesays.com\/fr\/wp-json\/wp\/v2\/media?parent=488912"}],"wp:term":[{"taxonomy":"category","embeddable":true,"href":"https:\/\/www.europesays.com\/fr\/wp-json\/wp\/v2\/categories?post=488912"},{"taxonomy":"post_tag","embeddable":true,"href":"https:\/\/www.europesays.com\/fr\/wp-json\/wp\/v2\/tags?post=488912"}],"curies":[{"name":"wp","href":"https:\/\/api.w.org\/{rel}","templated":true}]}}