{"id":488914,"date":"2025-10-25T11:13:12","date_gmt":"2025-10-25T11:13:12","guid":{"rendered":"https:\/\/www.europesays.com\/fr\/488914\/"},"modified":"2025-10-25T11:13:12","modified_gmt":"2025-10-25T11:13:12","slug":"lukraine-appelle-ses-partenaires-a-proteger-son-ciel-apres-des-frappes-russes-qui-ont-fait-quatre-morts-actualites","status":"publish","type":"post","link":"https:\/\/www.europesays.com\/fr\/488914\/","title":{"rendered":"L&rsquo;Ukraine appelle ses partenaires \u00e0 prot\u00e9ger son ciel apr\u00e8s des frappes russes qui ont fait quatre morts : Actualit\u00e9s"},"content":{"rendered":"<p class=\"lead \">La pr\u00e9sident Volodymyr Zelensky a appel\u00e9 une nouvelle fois ses partenaires \u00e0 prot\u00e9ger le ciel ukrainien samedi, quelques heures apr\u00e8s des bombardements russes sur l&rsquo;Ukraine qui ont tu\u00e9 quatre personnes et bless\u00e9 une vingtaine d&rsquo;autre dans la nuit.<\/p>\n<p class=\"lead \">La veille, M. Zelensky et ses alli\u00e9s se sont r\u00e9unis \u00e0 Londres pour discuter de la livraisons d&rsquo;armes de longue port\u00e9e et de syst\u00e8mes de protection a\u00e9rienne \u00e0 Kiev.<\/p>\n<p class=\"lead \">\u00ab\u00a0Nos partenaires disposent des syst\u00e8mes n\u00e9cessaires et peuvent d\u00e9j\u00e0 aider \u00e0 d\u00e9fendre l&rsquo;Ukraine\u00a0\u00bb contre les missiles balistiques russes utilis\u00e9s dans \u00ab\u00a0presque toute ses attaques\u00a0\u00bb, a expliqu\u00e9 le dirigeant ukrainien sur les r\u00e9seaux sociaux.<\/p>\n<p class=\"lead \">M. Zelensky a dit accorder \u00ab\u00a0une attention particuli\u00e8re aux syst\u00e8mes Patriot\u00a0\u00bb, couteuses batteries antia\u00e9riennes de conception am\u00e9ricaines efficaces contre ces missiles.<\/p>\n<p class=\"lead \">Dans la nuit de vendredi \u00e0 samedi, la Russie a tir\u00e9 sur l&rsquo;Ukraine \u00ab\u00a0neuf missiles balistiques Iskander-M\u00a0\u00bb, et \u00ab\u00a064 drones d&rsquo;attaques\u00a0\u00bb et d&rsquo;autres types selon l&rsquo;arm\u00e9e de l&rsquo;air ukrainienne, qui affirme avoir d\u00e9truit 50 drones et quatre missiles.<\/p>\n<p class=\"lead \">L&rsquo;attaque a tu\u00e9 deux personnes et bless\u00e9 douze autres \u00e0 Kiev, la capitale, \u00e0 indiqu\u00e9 son maire Vitali Klitschko sur les r\u00e9seaux sociaux.<\/p>\n<p class=\"lead \">Vers quatre heures du matin, les journalistes de l&rsquo;AFP \u00e0 Kiev ont entendu le sifflement caract\u00e9ristique des missiles ainsi que de puissantes d\u00e9tonations.<\/p>\n<p class=\"lead \">Ils ont aussi observ\u00e9 les pompiers luttant contre les flammes d\u00e9vorant un entrep\u00f4t, alors que des incendies importants se sont d\u00e9clar\u00e9s dans deux quartiers de la capitale, selon des sources municipales.<\/p>\n<p class=\"lead \">Dans le centre-est du pays, \u00ab\u00a0un secouriste a \u00e9t\u00e9 tu\u00e9 et un autre bless\u00e9 \u00e0 la suite d&rsquo;un tir r\u00e9p\u00e9t\u00e9 de missiles sur la communaut\u00e9 de Petropavlivska dans la r\u00e9gion de Dnipropetrovsk\u00a0\u00bb, a d\u00e9clar\u00e9 le minist\u00e8re de l\u2019Int\u00e9rieur sur les r\u00e9seaux sociaux.<\/p>\n<p class=\"lead \">Dans cette m\u00eame r\u00e9gion, \u00ab\u00a0une femme a \u00e9galement \u00e9t\u00e9 tu\u00e9e et sept personnes ont \u00e9t\u00e9 bless\u00e9es\u00a0\u00bb, a indiqu\u00e9 le minist\u00e8re, expliquant que des \u00ab\u00a0camions de pompiers, des b\u00e2timents r\u00e9sidentiels et des magasins ont \u00e9t\u00e9 endommag\u00e9s\u00a0\u00bb.<\/p>\n<p class=\"lead \">De son c\u00f4t\u00e9 le minist\u00e8re de la D\u00e9fense russe a affirm\u00e9 avoir vis\u00e9 \u00ab\u00a0des entreprises du complexe militaro-industriel ukrainien, ainsi que des sites d&rsquo;infrastructure \u00e9nerg\u00e9tique qui permettent son fonctionnement\u00a0\u00bb.<\/p>\n<p class=\"lead \">Avec la baisse des temp\u00e9ratures, la Russie multiplie les attaques sur les infrastructures \u00e9nerg\u00e9tiques de l&rsquo;Ukraine, faisant craindre un hiver rigoureux pour les Ukrainiens.<\/p>\n<p class=\"lead \">M. Zelensky a d\u00e9clar\u00e9 samedi que, depuis le d\u00e9but de l&rsquo;ann\u00e9e, la Russie a lanc\u00e9 contre l&rsquo;Ukraine \u00ab\u00a0environ 770 missiles balistiques\u00a0\u00bb et plus de \u00ab\u00a050 missiles Kinjal\u00a0\u00bb hypersoniques, difficile \u00e0 intercepter pour la d\u00e9fense a\u00e9rienne.<\/p>\n<p class=\"small font-weight-bold text-gray3 \"> publi\u00e9 le 25 octobre \u00e0 12h58, AFP<\/p>\n<p>                             Partager<\/p>\n","protected":false},"excerpt":{"rendered":"La pr\u00e9sident Volodymyr Zelensky a appel\u00e9 une nouvelle fois ses partenaires \u00e0 prot\u00e9ger le ciel ukrainien samedi, quelques&hellip;\n","protected":false},"author":2,"featured_media":488915,"comment_status":"","ping_status":"","sticky":false,"template":"","format":"standard","meta":{"footnotes":""},"categories":[1590],"tags":[11,2120,1777,674,12,132,220],"class_list":{"0":"post-488914","1":"post","2":"type-post","3":"status-publish","4":"format-standard","5":"has-post-thumbnail","7":"category-ukraine","8":"tag-actualites","9":"tag-conflit","10":"tag-eu","11":"tag-europe","12":"tag-news","13":"tag-russie","14":"tag-ukraine"},"share_on_mastodon":{"url":"https:\/\/pubeurope.com\/@fr\/115434514455780471","error":""},"_links":{"self":[{"href":"https:\/\/www.europesays.com\/fr\/wp-json\/wp\/v2\/posts\/488914","targetHints":{"allow":["GET"]}}],"collection":[{"href":"https:\/\/www.europesays.com\/fr\/wp-json\/wp\/v2\/posts"}],"about":[{"href":"https:\/\/www.europesays.com\/fr\/wp-json\/wp\/v2\/types\/post"}],"author":[{"embeddable":true,"href":"https:\/\/www.europesays.com\/fr\/wp-json\/wp\/v2\/users\/2"}],"replies":[{"embeddable":true,"href":"https:\/\/www.europesays.com\/fr\/wp-json\/wp\/v2\/comments?post=488914"}],"version-history":[{"count":0,"href":"https:\/\/www.europesays.com\/fr\/wp-json\/wp\/v2\/posts\/488914\/revisions"}],"wp:featuredmedia":[{"embeddable":true,"href":"https:\/\/www.europesays.com\/fr\/wp-json\/wp\/v2\/media\/488915"}],"wp:attachment":[{"href":"https:\/\/www.europesays.com\/fr\/wp-json\/wp\/v2\/media?parent=488914"}],"wp:term":[{"taxonomy":"category","embeddable":true,"href":"https:\/\/www.europesays.com\/fr\/wp-json\/wp\/v2\/categories?post=488914"},{"taxonomy":"post_tag","embeddable":true,"href":"https:\/\/www.europesays.com\/fr\/wp-json\/wp\/v2\/tags?post=488914"}],"curies":[{"name":"wp","href":"https:\/\/api.w.org\/{rel}","templated":true}]}}