{"id":488920,"date":"2025-10-25T11:16:14","date_gmt":"2025-10-25T11:16:14","guid":{"rendered":"https:\/\/www.europesays.com\/fr\/488920\/"},"modified":"2025-10-25T11:16:14","modified_gmt":"2025-10-25T11:16:14","slug":"rheinmetall-fournit-des-satellites-de-defense-a-lallemagne-business-am","status":"publish","type":"post","link":"https:\/\/www.europesays.com\/fr\/488920\/","title":{"rendered":"Rheinmetall fournit des satellites de d\u00e9fense \u00e0 l\u2019Allemagne &#8211; Business AM"},"content":{"rendered":"<p>Principaux renseignements<\/p>\n<ul class=\"wp-block-list\">\n<li><strong>Rheinmetall fournira \u00e0 la Bundeswehr allemande 40 satellites \u00e0 orbite basse.<\/strong><\/li>\n<li><strong>Ce contrat de 3 milliards d\u2019euros est presque finalis\u00e9 et devrait constituer un important coup de pouce financier pour Rheinmetall.<\/strong><\/li>\n<li><strong>Le contrat d\u00e9montre l\u2019engagement de l\u2019Allemagne \u00e0 renforcer ses capacit\u00e9s de d\u00e9fense bas\u00e9es sur l\u2019espace.<\/strong><\/li>\n<\/ul>\n<p>L\u2019entreprise de d\u00e9fense allemande Rheinmetall est sur le point de d\u00e9crocher un contrat substantiel d\u2019une valeur estim\u00e9e \u00e0 3 milliards d\u2019euros. Le PDG de Rheinmetall, <a href=\"https:\/\/fr.businessam.be\/rheinmetall-se-positionne-comme-leader-mondial-des-munitions-dartillerie\/\" target=\"_blank\" rel=\"noreferrer noopener\">Armin Papperger<\/a>, a r\u00e9v\u00e9l\u00e9 l\u2019intention de l\u2019entreprise de fournir \u00e0 la Bundeswehr 40 satellites \u00e0 orbite terrestre basse au cours des deux prochaines ann\u00e9es.<\/p>\n<p>Rheinmetall attend la confirmation officielle<\/p>\n<p>Selon les rapports, la commande de ces satellites est presque finalis\u00e9e et attend d\u2019\u00eatre sign\u00e9e. Les experts de l\u2019industrie s\u2019attendent \u00e0 ce que cet accord constitue un important coup de pouce financier pour Rheinmetall. Le contrat souligne l\u2019importance croissante accord\u00e9e par l\u2019Allemagne au renforcement de ses capacit\u00e9s spatiales \u00e0 des fins de d\u00e9fense. (fc)<\/p>\n<p><a href=\"https:\/\/news.google.com\/publications\/CAowtseUCw?hl=fr&amp;gl=BE&amp;ceid=BE%3Afr\" target=\"_blank\" rel=\"noopener\">Suivez \u00e9galement Business AM sur Google Actualit\u00e9s<\/a><\/p>\n<p><a href=\"https:\/\/portalfr.businessam.be\/plans\/business-am-fr-offre-dete\/\" target=\"_blank\" rel=\"noopener\">Si vous souhaitez acc\u00e9der \u00e0 tous les articles, abonnez-vous ici!<\/a><\/p>\n","protected":false},"excerpt":{"rendered":"Principaux renseignements Rheinmetall fournira \u00e0 la Bundeswehr allemande 40 satellites \u00e0 orbite basse. Ce contrat de 3 milliards&hellip;\n","protected":false},"author":2,"featured_media":488921,"comment_status":"","ping_status":"","sticky":false,"template":"","format":"standard","meta":{"footnotes":""},"categories":[1587],"tags":[11,672,1804,1805,1803,1777,674,1801,12,1802,16560],"class_list":{"0":"post-488920","1":"post","2":"type-post","3":"status-publish","4":"format-standard","5":"has-post-thumbnail","7":"category-allemagne","8":"tag-actualites","9":"tag-allemagne","10":"tag-bundesrepublik-deutschland","11":"tag-de","12":"tag-deutschland","13":"tag-eu","14":"tag-europe","15":"tag-germany","16":"tag-news","17":"tag-republique-federale-dallemagne","18":"tag-rheinmetall"},"share_on_mastodon":{"url":"https:\/\/pubeurope.com\/@fr\/115434526078668826","error":""},"_links":{"self":[{"href":"https:\/\/www.europesays.com\/fr\/wp-json\/wp\/v2\/posts\/488920","targetHints":{"allow":["GET"]}}],"collection":[{"href":"https:\/\/www.europesays.com\/fr\/wp-json\/wp\/v2\/posts"}],"about":[{"href":"https:\/\/www.europesays.com\/fr\/wp-json\/wp\/v2\/types\/post"}],"author":[{"embeddable":true,"href":"https:\/\/www.europesays.com\/fr\/wp-json\/wp\/v2\/users\/2"}],"replies":[{"embeddable":true,"href":"https:\/\/www.europesays.com\/fr\/wp-json\/wp\/v2\/comments?post=488920"}],"version-history":[{"count":0,"href":"https:\/\/www.europesays.com\/fr\/wp-json\/wp\/v2\/posts\/488920\/revisions"}],"wp:featuredmedia":[{"embeddable":true,"href":"https:\/\/www.europesays.com\/fr\/wp-json\/wp\/v2\/media\/488921"}],"wp:attachment":[{"href":"https:\/\/www.europesays.com\/fr\/wp-json\/wp\/v2\/media?parent=488920"}],"wp:term":[{"taxonomy":"category","embeddable":true,"href":"https:\/\/www.europesays.com\/fr\/wp-json\/wp\/v2\/categories?post=488920"},{"taxonomy":"post_tag","embeddable":true,"href":"https:\/\/www.europesays.com\/fr\/wp-json\/wp\/v2\/tags?post=488920"}],"curies":[{"name":"wp","href":"https:\/\/api.w.org\/{rel}","templated":true}]}}