{"id":488931,"date":"2025-10-25T11:22:22","date_gmt":"2025-10-25T11:22:22","guid":{"rendered":"https:\/\/www.europesays.com\/fr\/488931\/"},"modified":"2025-10-25T11:22:22","modified_gmt":"2025-10-25T11:22:22","slug":"matsuyama-en-mode-predateur-tom-vaillant-devisse","status":"publish","type":"post","link":"https:\/\/www.europesays.com\/fr\/488931\/","title":{"rendered":"Matsuyama en mode pr\u00e9dateur, Tom Vaillant d\u00e9visse"},"content":{"rendered":"<p>\t\t\t\t\t\t<img width=\"770\" height=\"557\" src=\"https:\/\/www.europesays.com\/fr\/wp-content\/uploads\/2025\/10\/hidekicoree-770x557.jpg\" class=\"img-responsive wp-post-image\" alt=\"\" decoding=\"async\" fetchpriority=\"high\"  \/>\t\t\t\t\t<\/p>\n<p>\t\t\t\t\t\t Partager cet article <\/p>\n<p class=\"screen-reader-text juiz_sps_maybe_hidden_text\">Partager la publication \u00ab\u00a0Matsuyama en mode pr\u00e9dateur, Tom Vaillant d\u00e9visse\u00a0\u00bb<\/p>\n<p><strong>Plut\u00f4t discret lors des deux premiers tours du Genesis Championship, Hideki Matsuyama (photo) s\u2019est \u00ab r\u00e9veill\u00e9 \u00bb dans ce Moving Day cor\u00e9en, claquant un superbe 67 (-4). Le vainqueur du Masters 2021 s\u2019empare ici de la 7e place \u00e0 -5 (208), \u00e0 trois coups derri\u00e8re les leaders, l\u2019Espagnol Nacho Elvira et le Su\u00e9dois Mikael Lindberg. Parti dans le dernier groupe, Tom Vaillant est, h\u00e9las, pass\u00e9 \u00e0 c\u00f4t\u00e9 de sa journ\u00e9e. Son 75 (+4) le fait reculer \u00e0 la 29e place \u00e0 -2 (211). Abu Dhabi s\u2019\u00e9loigne !<\/strong><\/p>\n<p>\t\t\t\t\t<a id=\"187759\" href=\"https:\/\/leclub-golf.com\/fr\/private-card\/offre-15-mois-carte-classic?utm_source=golf+planete&amp;utm_medium=referral&amp;utm_campaign=15+mois+offerts+classic&amp;utm_id=15+mois+offerts+classic__golf+planete_referral_banner\" target=\"_blank\" rel=\"sponsorised nofollow noopener\"><img decoding=\"async\" src=\"data:image\/svg+xml,%3Csvg%20xmlns=\" http:=\"\" class=\"img-responsive\" alt=\"\" data-lazy-src=\"https:\/\/www.europesays.com\/fr\/wp-content\/uploads\/2025\/09\/leclubgolf-e12-douceur-automne-1170x275-1.jpg\"\/><\/a><\/p>\n<p><strong>L.V.<\/strong><\/p>\n<p>Le 18e joueur mondial a enfin confirm\u00e9 son statut de star du golf ce samedi \u00e0 Cheonan, au sud de la capitale sud-cor\u00e9enne, S\u00e9oul. <strong>Hideki Matsuyama<\/strong>, 33 ans, a ainsi co-sign\u00e9 la carte du jour sur le toujours tr\u00e8s exigeant par 71 du <strong>Woo Jeong Hills Country Club<\/strong>. Un 67 (-4) boucl\u00e9 par trois ultimes birdies sur ses cinq derniers trous permet au Japonais, dieu vivant dans son pays, d\u2019accrocher la 7e place \u00e0 -5 (208) du <strong>Genesis Championship<\/strong> avant le dernier tour.<\/p>\n<p><a href=\"https:\/\/www.europeantour.com\/dpworld-tour\/genesis-championship-2025\/leaderboard?round=4\" target=\"_blank\" rel=\"noopener nofollow\">Retrouvez le classement complet et les tee-times du 4e tour<\/a><\/p>\n<p>Il sera forc\u00e9ment l\u2019homme \u00e0 surveiller de tr\u00e8s pr\u00e8s ce dimanche au Pays du Matin calme, lui qui n\u2019effectue que de tr\u00e8s rares apparitions sur le <strong>DP World Tour<\/strong> (m\u00eame si le tournoi est co-sanctionn\u00e9 cette semaine par le<strong> KPGA<\/strong>, le circuit pro sud-cor\u00e9en).<\/p>\n<p>\t\t\t\t\t<a id=\"189888\" href=\"https:\/\/www.kalika.org\/fr\/actualites\/articles\/pro-am-beachcomber \" target=\"_blank\" rel=\"sponsorised nofollow noopener\"><img decoding=\"async\" src=\"data:image\/svg+xml,%3Csvg%20xmlns=\" http:=\"\" class=\"img-responsive\" alt=\"\" data-lazy-src=\"https:\/\/www.europesays.com\/fr\/wp-content\/uploads\/2025\/10\/beachcomber-e02-v2-proam-bruket-26-1170x275-1.jpg\"\/><\/a><\/p>\n<blockquote class=\"twitter-tweet\"><p>&#13;<\/p>\n<p dir=\"ltr\" lang=\"en\">Hideki Matsuyama finishes with a birdie for a round of 67 and up into T8 \ud83d\udc4c<a href=\"https:\/\/twitter.com\/hashtag\/GenesisChampionship?src=hash&amp;ref_src=twsrc%5Etfw\" rel=\"nofollow noopener\" target=\"_blank\">#GenesisChampionship<\/a> <a href=\"https:\/\/t.co\/KkQslvPIQ6\" rel=\"nofollow\">pic.twitter.com\/KkQslvPIQ6<\/a><\/p>\n<p>&#13;<br \/>\n&#13;<br \/>\n\u2014 DP World Tour (@DPWorldTour) <a href=\"https:\/\/twitter.com\/DPWorldTour\/status\/1981952313251230123?ref_src=twsrc%5Etfw\" rel=\"nofollow noopener\" target=\"_blank\">October 25, 2025<\/a><\/p><\/blockquote>\n<p>L\u2019Espagnol <strong>Nacho Elvira<\/strong> et le Su\u00e9dois <strong>Mikael Lindberg<\/strong>, leaders \u00e0 -8 (205) avec respectivement des cartes de 69 (-2) et 67, devront se m\u00e9fier du pr\u00e9dateur nippon, 29e de la <strong>FedEx Cup 2025<\/strong> sur le<strong> PGA Tour<\/strong> dont le dernier succ\u00e8s remonte au <strong>Sentry Tournament<\/strong> au mois de janvier.<\/p>\n<p>Mais le danger pour les hommes de t\u00eate viendra aussi d\u2019ailleurs. Les Anglais <strong>Andy Sullivan<\/strong> et <strong>Alex Fitzpatrick<\/strong> (voir ci-dessous), le Chinois <strong>Haotong Li<\/strong> et le Japonais (encore un !) <strong>Yuto Katsuragawa<\/strong>, sont \u00e0 deux longueurs derri\u00e8re.<\/p>\n<p>\t\t\t\t\t<a id=\"189447\" href=\"https:\/\/golfplus.fr\/content\/57-programme-de-fidelite\" target=\"_blank\" rel=\"sponsorised nofollow noopener\"><img decoding=\"async\" src=\"data:image\/svg+xml,%3Csvg%20xmlns=\" http:=\"\" class=\"img-responsive\" alt=\"\" data-lazy-src=\"https:\/\/www.europesays.com\/fr\/wp-content\/uploads\/2025\/10\/golfplus-e28-programme-fidelite-1170x275-1.jpg\"\/><\/a><\/p>\n<blockquote class=\"twitter-tweet\"><p>&#13;<\/p>\n<p dir=\"ltr\" lang=\"en\">\u00ab\u00a0What a chip!\u00a0\u00bb <a href=\"https:\/\/twitter.com\/FitzAlex99?ref_src=twsrc%5Etfw\" rel=\"nofollow noopener\" target=\"_blank\">@FitzAlex99<\/a> makes back-to-back birdies to move to T3 \ud83d\udcaa<a href=\"https:\/\/twitter.com\/hashtag\/GenesisChampionship?src=hash&amp;ref_src=twsrc%5Etfw\" rel=\"nofollow noopener\" target=\"_blank\">#GenesisChampionship<\/a> <a href=\"https:\/\/t.co\/7vQXVTqEsv\" rel=\"nofollow\">pic.twitter.com\/7vQXVTqEsv<\/a><\/p>\n<p>&#13;<br \/>\n&#13;<br \/>\n\u2014 DP World Tour (@DPWorldTour) <a href=\"https:\/\/twitter.com\/DPWorldTour\/status\/1981989059179495523?ref_src=twsrc%5Etfw\" rel=\"nofollow noopener\" target=\"_blank\">October 25, 2025<\/a><\/p><\/blockquote>\n<p>Septi\u00e8me en compagnie de Matsuyama, <strong>Thomas Detry<\/strong> est, lui, en train de r\u00e9ussir son pari de conserver son droit de jeu sur le Tour europ\u00e9en. Le Belge doit en effet finir au moins 12e dans ce dernier tournoi de la saison r\u00e9guli\u00e8re pour passer du bon c\u00f4t\u00e9 du top 115 de la Race. Son excellent 69 du jour lui offre pour l\u2019instant la 109e place (en projection) \u00e0 la Race.<\/p>\n<p>Tom Vaillant recule \u00e0 la Race\u2026<\/p>\n<p>Un exercice comptable qui n\u2019a en revanche pas souri \u00e0 <strong>Tom Vaillant<\/strong> dans ce 3e tour. Notamment dans sa course au top 70 de la Race suffisant pour prendre le d\u00e9part de l\u2019<strong>Abu Dhabi HSBC Championship<\/strong> dans moins de quinze jours maintenant (6-9 novembre), premier des deux Playoffs du DP World Tour 2024-25.<\/p>\n<p>Parti dans le dernier groupe \u00e0 12h00 locale (5h00 en France), l\u2019Azur\u00e9en, <a href=\"https:\/\/www.golfplanete.com\/actualites\/huit-joueurs-en-tete-en-coree-dont-tom-vaillant-qui-tient-le-bon-bout-pour-abu-dhabi\/\" target=\"_blank\" rel=\"noopener nofollow\">co-leader apr\u00e8s 36 trous<\/a>, a cal\u00e9 sur les neuf trous du retour, conc\u00e9dant notamment cinq bogeys du 11 au 17 avant de finir n\u00e9anmoins sur un beau birdie sur le par 5 du 18. Projet\u00e9 56e de la Race vendredi soir, le voil\u00e0 d\u00e9sormais\u2026 87e avec son 75 (+4). 29e \u00e0 -2, le Fran\u00e7ais partage cette place au leaderboard avec ses compatriotes <strong>Ugo Coussaud<\/strong> et <strong>Martin Couvra<\/strong>, qui ont jou\u00e9 68 (-3) et 69 aujourd\u2019hui. \u00a0<\/p>\n<p>&#13;<br \/>\nLe leaderboard<\/p>\n<p><img loading=\"lazy\" decoding=\"async\" class=\"alignnone wp-image-189943 size-large\" src=\"data:image\/svg+xml,%3Csvg%20xmlns=\" http:=\"\" alt=\"\" width=\"770\" height=\"463\" data-lazy- data-lazy- data-lazy-src=\"https:\/\/www.europesays.com\/fr\/wp-content\/uploads\/2025\/10\/capturedp3-770x463.png\"\/><\/p>\n<p>\t\t\t\t\t<a id=\"188670\" href=\"https:\/\/cabotbordeaux.com\/fr\/golf\/unlimited-golf\" target=\"_blank\" rel=\"sponsorised nofollow noopener\"><img decoding=\"async\" src=\"data:image\/svg+xml,%3Csvg%20xmlns=\" http:=\"\" class=\"img-responsive\" alt=\"\" data-lazy-src=\"https:\/\/www.europesays.com\/fr\/wp-content\/uploads\/2025\/10\/1761149538_393_cabot-e05-offre-speciale-octobre-1170x275-1.gif\"\/><\/a><br \/>\nLe leaderboard des Fran\u00e7ais<\/p>\n<p><img loading=\"lazy\" decoding=\"async\" class=\"alignnone wp-image-189944 size-large\" src=\"data:image\/svg+xml,%3Csvg%20xmlns=\" http:=\"\" alt=\"\" width=\"770\" height=\"375\" data-lazy- data-lazy- data-lazy-src=\"https:\/\/www.europesays.com\/fr\/wp-content\/uploads\/2025\/10\/capturedpfrench3-770x375.png\"\/><\/p>\n<p>\t\t\t\t\t<a id=\"188235\" href=\"https:\/\/www.formigolf.fr\/voyage-pays~rocco-forte-s-verdura-golf--spa-resort-5etoilesl~370~sicile\" target=\"_blank\" rel=\"sponsorised nofollow noopener\"><img decoding=\"async\" src=\"data:image\/svg+xml,%3Csvg%20xmlns=\" http:=\"\" class=\"img-responsive\" alt=\"\" data-lazy-src=\"https:\/\/www.europesays.com\/fr\/wp-content\/uploads\/2025\/10\/formigolf-e10-sicile-verdura-1170x275-1.gif\"\/><\/a><\/p>\n<p>Photo : Warren Little \/ GETTY IMAGES EUROPE \/ Getty Images via AFP<\/p>\n<p>\t\t\t<script async src=\"https:\/\/platform.twitter.com\/widgets.js\" charset=\"utf-8\"><\/script><\/p>\n","protected":false},"excerpt":{"rendered":"Partager cet article Partager la publication \u00ab\u00a0Matsuyama en mode pr\u00e9dateur, Tom Vaillant d\u00e9visse\u00a0\u00bb Plut\u00f4t discret lors des deux&hellip;\n","protected":false},"author":2,"featured_media":488932,"comment_status":"","ping_status":"","sticky":false,"template":"","format":"standard","meta":{"footnotes":""},"categories":[1418],"tags":[1011,27,1472,60],"class_list":{"0":"post-488931","1":"post","2":"type-post","3":"status-publish","4":"format-standard","5":"has-post-thumbnail","7":"category-golf","8":"tag-fr","9":"tag-france","10":"tag-golf","11":"tag-sports"},"share_on_mastodon":{"url":"https:\/\/pubeurope.com\/@fr\/115434549621363531","error":""},"_links":{"self":[{"href":"https:\/\/www.europesays.com\/fr\/wp-json\/wp\/v2\/posts\/488931","targetHints":{"allow":["GET"]}}],"collection":[{"href":"https:\/\/www.europesays.com\/fr\/wp-json\/wp\/v2\/posts"}],"about":[{"href":"https:\/\/www.europesays.com\/fr\/wp-json\/wp\/v2\/types\/post"}],"author":[{"embeddable":true,"href":"https:\/\/www.europesays.com\/fr\/wp-json\/wp\/v2\/users\/2"}],"replies":[{"embeddable":true,"href":"https:\/\/www.europesays.com\/fr\/wp-json\/wp\/v2\/comments?post=488931"}],"version-history":[{"count":0,"href":"https:\/\/www.europesays.com\/fr\/wp-json\/wp\/v2\/posts\/488931\/revisions"}],"wp:featuredmedia":[{"embeddable":true,"href":"https:\/\/www.europesays.com\/fr\/wp-json\/wp\/v2\/media\/488932"}],"wp:attachment":[{"href":"https:\/\/www.europesays.com\/fr\/wp-json\/wp\/v2\/media?parent=488931"}],"wp:term":[{"taxonomy":"category","embeddable":true,"href":"https:\/\/www.europesays.com\/fr\/wp-json\/wp\/v2\/categories?post=488931"},{"taxonomy":"post_tag","embeddable":true,"href":"https:\/\/www.europesays.com\/fr\/wp-json\/wp\/v2\/tags?post=488931"}],"curies":[{"name":"wp","href":"https:\/\/api.w.org\/{rel}","templated":true}]}}