{"id":488936,"date":"2025-10-25T11:29:10","date_gmt":"2025-10-25T11:29:10","guid":{"rendered":"https:\/\/www.europesays.com\/fr\/488936\/"},"modified":"2025-10-25T11:29:10","modified_gmt":"2025-10-25T11:29:10","slug":"une-worldteam-etrangere-pour-benoit-cosnefroy-actualite","status":"publish","type":"post","link":"https:\/\/www.europesays.com\/fr\/488936\/","title":{"rendered":"Une WorldTeam \u00e9trang\u00e8re pour Beno\u00eet Cosnefroy &#8211; Actualit\u00e9"},"content":{"rendered":"<p style=\"text-align: justify;\"><strong><a href=\"https:\/\/www.directvelo.com\/coureur\/6140\/benoit-cosnefroy\" target=\"_blank\" rel=\"noopener\">Beno\u00eet Cosnefroy<\/a><\/strong> ne sera plus un coureur de Decathlon AG2R La Mondiale en 2026. Apr\u00e8s neuf saisons pass\u00e9es au sein de la formation bas\u00e9e en Savoie, le Normand s\u2019est engag\u00e9 avec UAE Team Emirates.<\/p>\n<p>Le Champion du Monde Espoirs 2017 a obtenu 21 succ\u00e8s sous les couleurs de l\u2019actuelle structure Decathlon AG2R La Mondiale. Il avait empil\u00e9 les victoires en 2024 avec une \u00e9tape et le g\u00e9n\u00e9ral du Tour des Alpes-Maritimes et du Var, Paris-Camembert, la Fl\u00e8che Braban\u00e7onne, le Grand Prix du Morbihan, le Tour du Finist\u00e8re et le prologue des Boucles de la Mayenne, sans oublier le classement de la Coupe de France. Auparavant, Beno\u00eet Cosnefroy avait notamment lev\u00e9 les bras sur la Bretagne Classic en 2021 et du Grand Prix Qu\u00e9bec en 2022. Il a \u00e9galement termin\u00e9 2e de l&rsquo;Amstel Gold Race.<\/p>\n<p>Bless\u00e9 l\u2019hiver dernier, le coureur de 29 ans a repris la comp\u00e9tition au Tour de Romandie en avril dernier avant d\u2019obtenir son unique succ\u00e8s de l\u2019ann\u00e9e 2025 sur le Grand Prix du Morbihan. Il n\u2019a plus recouru depuis le Tour de Suisse \u00e0 cause d\u2019une nouvelle blessure.<\/p>\n<p><strong>Retrouvez\u00a0<\/strong>tous les transferts de l&rsquo;intersaison 2025-2026<strong>\u00a0<strong><a href=\"https:\/\/www.directvelo.com\/mutations\/2026#teams-pro\" target=\"_blank\" rel=\"noopener\">en cliquant ici<\/a><\/strong>.<\/strong><\/p>\n","protected":false},"excerpt":{"rendered":"Beno\u00eet Cosnefroy ne sera plus un coureur de Decathlon AG2R La Mondiale en 2026. Apr\u00e8s neuf saisons pass\u00e9es&hellip;\n","protected":false},"author":2,"featured_media":488937,"comment_status":"","ping_status":"","sticky":false,"template":"","format":"standard","meta":{"footnotes":""},"categories":[1411],"tags":[834,828,836,829,837,827,83,826,824,823,1154,207,814,817,815,816,822,821,832,211,839,1011,27,820,818,819,835,831,830,833,838,60,212,208,825],"class_list":{"0":"post-488936","1":"post","2":"type-post","3":"status-publish","4":"format-standard","5":"has-post-thumbnail","7":"category-cyclisme","8":"tag-attaque","9":"tag-belgique","10":"tag-braquet","11":"tag-bretagne","12":"tag-chute","13":"tag-competition","14":"tag-coupe-de-france","15":"tag-coureur","16":"tag-course-cyclisme","17":"tag-course-cycliste","18":"tag-cycling","19":"tag-cyclisme","20":"tag-direct","21":"tag-direct-velo","22":"tag-directvelo","23":"tag-directvelo-com","24":"tag-epreuve","25":"tag-epreuve-cycliste","26":"tag-federation-francaise-de-cyclisme","27":"tag-ffc","28":"tag-flandres","29":"tag-fr","30":"tag-france","31":"tag-live","32":"tag-live-course","33":"tag-live-epreuve","34":"tag-peloton","35":"tag-radio-peloton","36":"tag-radio-tour","37":"tag-ravitaillement","38":"tag-relance","39":"tag-sports","40":"tag-uci","41":"tag-velo","42":"tag-velos"},"share_on_mastodon":{"url":"https:\/\/pubeurope.com\/@fr\/115434577176626785","error":""},"_links":{"self":[{"href":"https:\/\/www.europesays.com\/fr\/wp-json\/wp\/v2\/posts\/488936","targetHints":{"allow":["GET"]}}],"collection":[{"href":"https:\/\/www.europesays.com\/fr\/wp-json\/wp\/v2\/posts"}],"about":[{"href":"https:\/\/www.europesays.com\/fr\/wp-json\/wp\/v2\/types\/post"}],"author":[{"embeddable":true,"href":"https:\/\/www.europesays.com\/fr\/wp-json\/wp\/v2\/users\/2"}],"replies":[{"embeddable":true,"href":"https:\/\/www.europesays.com\/fr\/wp-json\/wp\/v2\/comments?post=488936"}],"version-history":[{"count":0,"href":"https:\/\/www.europesays.com\/fr\/wp-json\/wp\/v2\/posts\/488936\/revisions"}],"wp:featuredmedia":[{"embeddable":true,"href":"https:\/\/www.europesays.com\/fr\/wp-json\/wp\/v2\/media\/488937"}],"wp:attachment":[{"href":"https:\/\/www.europesays.com\/fr\/wp-json\/wp\/v2\/media?parent=488936"}],"wp:term":[{"taxonomy":"category","embeddable":true,"href":"https:\/\/www.europesays.com\/fr\/wp-json\/wp\/v2\/categories?post=488936"},{"taxonomy":"post_tag","embeddable":true,"href":"https:\/\/www.europesays.com\/fr\/wp-json\/wp\/v2\/tags?post=488936"}],"curies":[{"name":"wp","href":"https:\/\/api.w.org\/{rel}","templated":true}]}}