{"id":488943,"date":"2025-10-25T11:35:11","date_gmt":"2025-10-25T11:35:11","guid":{"rendered":"https:\/\/www.europesays.com\/fr\/488943\/"},"modified":"2025-10-25T11:35:11","modified_gmt":"2025-10-25T11:35:11","slug":"riles-peint-ses-pochettes-dalbum-pendant-24-heures-sa-nouvelle-performance-hors-norme","status":"publish","type":"post","link":"https:\/\/www.europesays.com\/fr\/488943\/","title":{"rendered":"Ril\u00e8s peint ses pochettes d\u2019album pendant 24\u00a0heures\u00a0: sa nouvelle performance hors norme"},"content":{"rendered":"<p class=\"paragraph text_align_left lp-f-body-02\">Le chronom\u00e8tre a d\u00e9pass\u00e9 les 20 heures. Depuis vendredi midi, <a href=\"https:\/\/www.leparisien.fr\/culture-loisirs\/musique\/le-rappeur-riles-a-reussi-a-courir-24-heures-de-suite-devant-une-scie-circulaire-geante-09-02-2025-3GDX5YCWJBFJ5HAGVASY7ITQJU.php\" target=\"_self\" rel=\"nofollow noopener\">l\u2019artiste Ril\u00e8s<\/a> r\u00e9p\u00e8te le m\u00eame geste : frapper de sa main, recouverte de peinture rouge, les pochettes de CD vierges qui d\u00e9filent sur le tapis m\u00e9canique devant lui.<\/p>\n<p class=\"paragraph text_align_left lp-f-body-02\">Pour marquer la sortie de son troisi\u00e8me album, le rappeur, d\u00e9j\u00e0 connu pour avoir termin\u00e9 <a href=\"https:\/\/www.leparisien.fr\/culture-loisirs\/musique\/pourquoi-le-rappeur-riles-se-lance-t-il-le-defi-de-courir-24-heures-avec-une-scie-circulaire-geante-derriere-lui-08-02-2025-BSD7PLPKBFFHDFXQDRC5IG4SOQ.php\" target=\"_self\" rel=\"nofollow noopener\">une course de 24 heures sans interruption en f\u00e9vrier 2025<\/a>, se lance une nouvelle fois dans une performance artistique extraordinaire : cr\u00e9er lui-m\u00eame des pochettes d\u2019album uniques pendant 24 heures.<\/p>\n<p class=\"paragraph text_align_left lp-f-body-02\">S\u00e9par\u00e9 du public par des vitres en plexiglas, le rappeur a pour objectif de cr\u00e9er environ 800 pochettes par heure de son album \u00ab The 25th Hour \u00bb, pour un total de 20 000, que les visiteurs peuvent acheter sur place.<\/p>\n<p class=\"paragraph text_align_left lp-f-body-02\">\u00ab Chaque pochette sera unique, et num\u00e9rot\u00e9e. C\u2019est une connexion personnelle entre l\u2019artiste, l\u2019objet et la personne qui l\u2019ach\u00e8tera \u00bb, explique <a href=\"https:\/\/www.leparisien.fr\/culture-loisirs\/musique\/mes-pieds-etaient-en-sang-le-rappeur-riles-raconte-son-incroyable-course-de-24-heures-non-stop-10-02-2025-P6H76TOENFFQPHSEO4OXULHMG4.php\" target=\"_self\" rel=\"nofollow noopener\">l\u2019artiste de 29 ans <\/a>dans un entretien \u00e0 l\u2019AFP.<\/p>\n<p>Un challenge inspir\u00e9 des \u00ab Tegata \u00bb<\/p>\n<p class=\"paragraph text_align_left lp-f-body-02\">Retransmise en direct sur YouTube, cette performance est inspir\u00e9e par les \u00ab Tegata \u00bb des lutteurs de sumo japonais, l\u2019empreinte de main qu\u2019ils laissent en signature. Elle sert aussi de \u00ab d\u00e9claration \u00bb face \u00e0 une \u00e9poque \u00ab o\u00f9 l\u2019on remplace peu \u00e0 peu l\u2019homme \u00bb dans les processus cr\u00e9atifs, selon l\u2019artiste.<\/p>\n<p class=\"paragraph text_align_left lp-f-body-02\">Le rappeur, originaire de Rouen et n\u00e9 le 4 janvier 1996, est un habitu\u00e9 des d\u00e9fis. Il se fait conna\u00eetre en 2016 avec sa s\u00e9rie \u00ab Ril\u00e8sundayz \u00bb, un titre diffus\u00e9 chaque dimanche pendant un an. Il explique chercher \u00e0 se \u00ab challenger \u00bb en repoussant ses limites, et \u00e0 s\u2019exprimer \u00ab par d\u2019autres m\u00e9diums que la musique \u00bb comme la peinture, ou l\u2019effort physique. \u00ab J\u2019ai un peu une phobie du confort. Si j\u2019ai pas un peu de peur et d\u2019appr\u00e9hension, c\u2019est qu\u2019il y a un truc qui ne va pas \u00bb, confie celui qui se dit \u00ab attach\u00e9 \u00bb \u00e0 l\u2019endurance mentale et physique.<\/p>\n<p class=\"title-embed-dailymotion lp-color-text lp-f-subtitle-04\">Vid\u00e9oLe rappeur Ril\u00e8s r\u00e9ussi \u00e0 courir 24 heures non-stop, devant une scie circulaire g\u00e9ante<\/p>\n<p class=\"paragraph text_align_left lp-f-body-02\">Apr\u00e8s avoir sign\u00e9 en 2018 avec Republic Records, le label am\u00e9ricain d\u2019Ariana Grande, <a href=\"https:\/\/www.leparisien.fr\/culture-loisirs\/musique\/une-benediction-taylor-swift-fait-un-don-de-100-000-dollars-a-une-petite-americaine-atteinte-dun-cancer-du-cerveau-22-10-2025-H2C2LLAUUBDKPAR3HANVW5K5OY.php\" target=\"_self\" rel=\"nofollow noopener\">Taylor Swift<\/a> ou encore <a href=\"https:\/\/www.leparisien.fr\/culture-loisirs\/musique\/ma-meilleure-ennemie-stromae-fait-son-retour-en-musique-avec-la-chanteuse-pomme-23-11-2024-3UEQX2BO2FEUZHFLMXJOERJ7CM.php\" target=\"_self\" rel=\"nofollow noopener\">Stromae<\/a>, et sorti un premier album certifi\u00e9 disque d\u2019or, il ne renouvelle pas le contrat et choisit contre toute attente de redevenir ind\u00e9pendant.<\/p>\n<p class=\"paragraph text_align_left lp-f-body-02\">Ril\u00e8s se distingue par ses textes en anglais, un moyen pour l\u2019artiste de \u00ab garder une coquille tout en \u00e9tant vuln\u00e9rable \u00bb, et de s\u2019assurer que ses parents ne comprennent pas les paroles. S\u2019il a d\u00e9but\u00e9 dans le rap, son univers s\u2019est progressivement \u00e9largi. Aujourd\u2019hui, Ril\u00e8s<b> <\/b>s\u2019inspire \u00ab autant du folk que du rock alternatif, du hip-hop ou des musiques western \u00bb.<\/p>\n","protected":false},"excerpt":{"rendered":"Le chronom\u00e8tre a d\u00e9pass\u00e9 les 20 heures. Depuis vendredi midi, l\u2019artiste Ril\u00e8s r\u00e9p\u00e8te le m\u00eame geste : frapper&hellip;\n","protected":false},"author":2,"featured_media":488944,"comment_status":"","ping_status":"","sticky":false,"template":"","format":"standard","meta":{"footnotes":""},"categories":[1355],"tags":[872,58,59,1011,27,1361,873],"class_list":{"0":"post-488943","1":"post","2":"type-post","3":"status-publish","4":"format-standard","5":"has-post-thumbnail","7":"category-musique","8":"tag-culture-et-loisirs","9":"tag-divertissement","10":"tag-entertainment","11":"tag-fr","12":"tag-france","13":"tag-music","14":"tag-musique"},"share_on_mastodon":{"url":"https:\/\/pubeurope.com\/@fr\/115434600878959029","error":""},"_links":{"self":[{"href":"https:\/\/www.europesays.com\/fr\/wp-json\/wp\/v2\/posts\/488943","targetHints":{"allow":["GET"]}}],"collection":[{"href":"https:\/\/www.europesays.com\/fr\/wp-json\/wp\/v2\/posts"}],"about":[{"href":"https:\/\/www.europesays.com\/fr\/wp-json\/wp\/v2\/types\/post"}],"author":[{"embeddable":true,"href":"https:\/\/www.europesays.com\/fr\/wp-json\/wp\/v2\/users\/2"}],"replies":[{"embeddable":true,"href":"https:\/\/www.europesays.com\/fr\/wp-json\/wp\/v2\/comments?post=488943"}],"version-history":[{"count":0,"href":"https:\/\/www.europesays.com\/fr\/wp-json\/wp\/v2\/posts\/488943\/revisions"}],"wp:featuredmedia":[{"embeddable":true,"href":"https:\/\/www.europesays.com\/fr\/wp-json\/wp\/v2\/media\/488944"}],"wp:attachment":[{"href":"https:\/\/www.europesays.com\/fr\/wp-json\/wp\/v2\/media?parent=488943"}],"wp:term":[{"taxonomy":"category","embeddable":true,"href":"https:\/\/www.europesays.com\/fr\/wp-json\/wp\/v2\/categories?post=488943"},{"taxonomy":"post_tag","embeddable":true,"href":"https:\/\/www.europesays.com\/fr\/wp-json\/wp\/v2\/tags?post=488943"}],"curies":[{"name":"wp","href":"https:\/\/api.w.org\/{rel}","templated":true}]}}