{"id":488960,"date":"2025-10-25T11:44:15","date_gmt":"2025-10-25T11:44:15","guid":{"rendered":"https:\/\/www.europesays.com\/fr\/488960\/"},"modified":"2025-10-25T11:44:15","modified_gmt":"2025-10-25T11:44:15","slug":"cest-le-dilemme-vecu-par-cette-ex-deputee-homosexuelle","status":"publish","type":"post","link":"https:\/\/www.europesays.com\/fr\/488960\/","title":{"rendered":"c&rsquo;est le dilemme v\u00e9cu par cette ex-d\u00e9put\u00e9e homosexuelle"},"content":{"rendered":"<p>    \u00c9crit par<\/p>\n<p>      <a class=\"authors__author__link\" href=\"https:\/\/france3-regions.franceinfo.fr\/redaction\/manale-makhchoun\" data-name=\"manale makhchoun\" data-region=\"https:\/\/france3-regions.franceinfo.fr\/auvergne-rhone-alpes\/\" rel=\"nofollow noopener\" target=\"_blank\"><br \/>\n                manale makhchoun<br \/>\n              <\/a>    <\/p>\n<p>      Publi\u00e9 le25\/10\/2025 \u00e0 11h23<\/p>\n<p>    Temps de lecture : 6 mins\n  <\/p>\n<ul class=\"article-share--alt__lst\">\n<li class=\"article-share--alt__lst__itm\">\n<p>      France3 R\u00e9gions sur Facebook (Nouvelle fen\u00eatre)<\/p>\n<\/li>\n<li class=\"article-share--alt__lst__itm\">\n<p>      France3 R\u00e9gions sur WhatsApp (Nouvelle fen\u00eatre)<\/p>\n<\/li>\n<li class=\"article-share--alt__lst__itm\">\n<p>              copier le lien<\/p>\n<\/li>\n<\/ul>\n<p class=\"article__intro\">De Gabriel Attal \u00e0 Jean-Philippe Tanguy, plusieurs personnalit\u00e9s politiques t\u00e9moignent dans \u00ab\u00a0Homos en politique\u00a0\u00bb, un documentaire qui sera diffus\u00e9 sur France 5 le 28 octobre. Parmi eux, l\u2019ex-d\u00e9put\u00e9e de l\u2019Allier, Laurence Vanceunebrock. Elle d\u00e9voile les d\u00e9fis de son coming-out en politique. Entre haine persistante et lutte pour sa l\u00e9gitimit\u00e9, elle raconte un parcours sem\u00e9 d\u2019emb\u00fbches.<\/p>\n<p>\n      La Quotidienne Soci\u00e9t\u00e9\n    <\/p>\n<p>\n      De la vie quotidienne aux grands enjeux, recevez tous les jours les sujets qui font la soci\u00e9t\u00e9 locale, comme la justice, l\u2019\u00e9ducation, la sant\u00e9 et la famille.\n    <\/p>\n<p>    France T\u00e9l\u00e9visions utilise votre adresse e-mail afin de vous envoyer la newsletter \u00ab\u00a0La Quotidienne Soci\u00e9t\u00e9\u00a0\u00bb. Vous pouvez vous d\u00e9sinscrire \u00e0 tout moment via le lien en bas de cette newsletter. <a target=\"_blank\" href=\"https:\/\/www.francetelevisions.fr\/groupe\/confidentialite\/politique-de-confidentialite\/politique-de-confidentialite-de-france-televisions-6503\" rel=\"nofollow noopener\">Notre politique de confidentialit\u00e9<\/a><\/p>\n<p>Gabriel Attal, Cl\u00e9ment Beaune, Marie Cau, Alice Coffin, Jean-Philippe Tanguy\u2026 Ces derni\u00e8res ann\u00e9es, de plus en plus de personnalit\u00e9s politiques LGBT+ ont bris\u00e9 le silence sur leur orientation sexuelle. Parmi elles, Laurence Vanceunebrock, ex-d\u00e9put\u00e9e LREM de l\u2019Allier. Pour elle, son homosexualit\u00e9 n\u2019a jamais \u00e9t\u00e9 \u201cun tabou\u201d, ni \u201cun secret\u201d, ni m\u00eame un sujet \u00e0 part.<\/p>\n<p>Son coming-out ? Un instant presque anodin, lors d\u2019une audition parlementaire sur les LGBT-phobies. Un journaliste lui demande pourquoi elle est l\u00e0. Sans d\u00e9tour, elle \u00e9voque sa famille homo-parentale. Une r\u00e9v\u00e9lation naturelle, spontan\u00e9e. Une part intime de sa vie jusqu\u2019alors inconnue du public.\u00a0<\/p>\n<p>    dur\u00e9e de la vid\u00e9o : 00h01mn13s<\/p>\n<p>        <img decoding=\"async\" width=\"640\" height=\"426\" class=\"article-image not-lazy\" src=\"https:\/\/france3-regions.franceinfo.fr\/assets\/img\/logos\/fallbackFr3_16_9.webp\" alt=\"\" fetchpriority=\"high\"\/><\/p>\n<p>              Voir la video\u00a0(1 minutes 13 secondes).\u00a0<br \/>\n                  1 min 13 s<\/p>\n<p>\n          Extrait du documentaire \u00ab\u00a0Homos en politique\u00a0\u00bb diffus\u00e9 sur France 5.<\/p>\n<p>        \u2022<\/p>\n<p>              \u00a9France 5 \/ FTV\n      <\/p>\n<p>\u00c0 l\u2019image de cette sinc\u00e9rit\u00e9, Laurence a accept\u00e9 de s\u2019exprimer \u00e0 nouveau, devant la cam\u00e9ra, dans le documentaire Homos en politique (France 5).\u00a0Dix minutes pour parler librement de son homosexualit\u00e9, de son parcours, de ses combats. Dans ce long format, qui sera diffus\u00e9 ce 28 octobre, le journaliste Jean-Baptiste Marteau explore un dilemme crucial des hommes et femmes politiques LGBT+ : faut-il cacher ou assumer son orientation sexuelle au grand public ?\u00a0<\/p>\n<p>Pour Laurence, aucun doute : \u201cil faut s\u2019assumer\u201d. Pourtant, s&rsquo;exposer publiquement, parler de sa vie priv\u00e9e, \u00e7a n\u2019a jamais \u00e9t\u00e9 aussi \u00e9vident pour cette femme de 55 ans. \u201cD&rsquo;un c\u00f4t\u00e9, je savais que cela pouvait aider d&rsquo;autres femmes, d&rsquo;autres familles \u00e0 se sentir l\u00e9gitimes. De l&rsquo;autre, j\u2019ai ressenti une forme de d\u00e9possession car ma vie priv\u00e9e devenait un sujet public. Mais j&rsquo;ai choisi d&rsquo;assumer\u201d, confie-t-elle. M\u00eame si parler de son homosexualit\u00e9 a souvent \u00e9t\u00e9 d\u00e9licat, la d\u00e9put\u00e9e a toujours refus\u00e9 le silence. \u201cC\u2019e\u00fbt \u00e9t\u00e9 renoncer\u00a0\u00bb, mart\u00e8le-t-elle. \u201cPourtant, je crois que la sexualit\u00e9 et la composition familiale devraient rester des non-sujets, simplement respect\u00e9s\u201d.\u00a0<\/p>\n<p>Alors pour accepter de se livrer aussi intimement dans ce documentaire, il lui a fallu une bonne raison. Et la plus importante, la confiance. \u201cRenaud Saint-Cricq (co-r\u00e9alisateur du documentaire ndlr) est un journaliste et sc\u00e9nariste reconnu, sp\u00e9cialiste des coulisses du pouvoir. Il m\u2019a rassur\u00e9e : ce documentaire ne serait pas un pi\u00e8ge, mais un vrai travail de v\u00e9rit\u00e9\u201d, explique-t-elle.\u00a0<\/p>\n<p>Mais surtout, Laurence croit profond\u00e9ment en la force des mod\u00e8les. \u201c\u00catre femme, m\u00e8re &#8211; d\u2019ailleurs, l\u2019une de mes filles a particip\u00e9 au tournage &#8211; lesbienne et \u00e9lue de terrain, c\u2019est porter une parole qui peut d\u00e9ranger, mais qui doit surtout \u00e9clairer\u201d, affirme-t-elle. Elle voulait aussi rappeler qu &lsquo; \u201cune famille homoparentale est une famille comme les autres, avec les m\u00eames joies, les m\u00eames d\u00e9fis\u201d.<\/p>\n<p>Pour autant, la route qui l&rsquo;a men\u00e9e jusqu&rsquo;aux bancs de l&rsquo;Assembl\u00e9e n\u2019a jamais \u00e9t\u00e9 simple. Dans le monde politique, les injonctions sont nombreuses : \u00eatre calme, irr\u00e9prochable, et surtout discr\u00e8te sur sa vie priv\u00e9e. Des r\u00e8gles qui p\u00e8sent sur toutes les femmes, lesbiennes ou non. \u201cCe n\u2019est peut-\u00eatre plus aussi dur qu\u2019il y a vingt ans, mais ce n\u2019est pas encore \u00e9vident\u201d, nuance-t-elle. Mais pour une femme lesbienne, chaque parole est scrut\u00e9e, chaque silence interpr\u00e9t\u00e9, selon Laurence. \u201cIl faut sans cesse r\u00e9affirmer sa l\u00e9gitimit\u00e9 dans un univers encore tr\u00e8s h\u00e9t\u00e9ronorm\u00e9\u201d, d\u00e9plore-t-elle.\u00a0<\/p>\n<p>Pour se faire une place dans l\u2019ar\u00e8ne politique, Laurence a n\u00e9anmoins d\u00fb essuyer quelques coups. Mais son temp\u00e9rament bien tremp\u00e9 l\u2019a prot\u00e9g\u00e9e des assauts les plus durs. \u201c\u00c0 l\u2019Assembl\u00e9e nationale, on m\u2019a parfois trait\u00e9e de lobbyiste LGBT, se souvient-elle. Si c\u2019\u00e9tait vrai, je serais all\u00e9e beaucoup plus loin dans les conqu\u00eates l\u00e9gislatives !\u201d. Pourtant, la d\u00e9put\u00e9e en a remport\u00e9 bien des victoires sur le champ de bataille politique. L\u2019une d\u2019elles fut retentissante :<a href=\"https:\/\/www.legifrance.gouv.fr\/jorf\/id\/JORFTEXT000045097703\" target=\"_blank\" rel=\"noopener nofollow\"> l\u2019interdiction des th\u00e9rapies de conversion<\/a>. Une victoire apr\u00e8s un combat et ardu\u00a0: \u201cIl a fallu convaincre mon propre parti, Renaissance, documenter les pratiques, faire entendre la voix des victimes\u201d, raconte Laurence. <\/p>\n<p>Ce sont les t\u00e9moignages recueillis lors d\u2019une mission flash de trois mois, initi\u00e9e gr\u00e2ce \u00e0 Ya\u00ebl Braun-Pivet &#8211; aujourd\u2019hui pr\u00e9sidente de l\u2019Assembl\u00e9e nationale &#8211; qui ont fait basculer la donne. Certains \u00ab\u00a0minimisaient\u00a0\u00bb, d\u2019autres \u00ab\u00a0niaient\u00a0\u00bb, mais elle a tenu bon. <\/p>\n<p>\u201cJe ne pouvais pas rester insensible \u00e0 cette jeunesse bris\u00e9e, ces adultes en reconstruction, ces familles en d\u00e9tresse\u201d, ajoute-t-elle.\u00a0<\/p>\n<p>Aujourd\u2019hui, Laurence est toujours sur le terrain.\u00a0 Pr\u00e9sidente du Modem de l\u2019Allier, , elle n\u2019a pas l\u00e2ch\u00e9 sa position : son combat, elle le m\u00e8ne encore. \u00ab\u00a0L\u2019avenir des femmes lesbiennes en politique, je le vois comme une forteresse \u00e0 prendre. On ne s\u2019y contente pas d\u2019entrer, il faut aussi l\u2019arracher aux mains de ceux qui l\u2019ont trop longtemps monopolis\u00e9e\u201d. Elle ajoute : \u201cL\u2019avenir, c\u2019est de ne plus avoir \u00e0 choisir entre \u00eatre l\u00e9gitime ou \u00eatre authentique\u201d.<\/p>\n<p>Elle esp\u00e8re que sa qu\u00eate de l\u00e9gitimit\u00e9 prendra fin un jour. Pour elle et pour les autres. Un combat encore loin d\u2019\u00eatre termin\u00e9.<\/p>\n<p><strong>Le documentaire \u00ab\u00a0Homos en politique\u00a0\u00bb est disponible sur <a href=\"https:\/\/www.france.tv\/documentaires\/documentaires-societe\/7625702-homos-en-politique-le-dire-ou-pas.html\" target=\"_blank\" rel=\"noopener nofollow\">France.tv<\/a>.\u00a0<\/strong><\/p>\n","protected":false},"excerpt":{"rendered":"\u00c9crit par manale makhchoun Publi\u00e9 le25\/10\/2025 \u00e0 11h23 Temps de lecture : 6 mins France3 R\u00e9gions sur Facebook&hellip;\n","protected":false},"author":2,"featured_media":488961,"comment_status":"","ping_status":"","sticky":false,"template":"","format":"standard","meta":{"footnotes":""},"categories":[2],"tags":[11,1011,27,12],"class_list":{"0":"post-488960","1":"post","2":"type-post","3":"status-publish","4":"format-standard","5":"has-post-thumbnail","7":"category-actualites","8":"tag-actualites","9":"tag-fr","10":"tag-france","11":"tag-news"},"share_on_mastodon":{"url":"https:\/\/pubeurope.com\/@fr\/115434636968151880","error":""},"_links":{"self":[{"href":"https:\/\/www.europesays.com\/fr\/wp-json\/wp\/v2\/posts\/488960","targetHints":{"allow":["GET"]}}],"collection":[{"href":"https:\/\/www.europesays.com\/fr\/wp-json\/wp\/v2\/posts"}],"about":[{"href":"https:\/\/www.europesays.com\/fr\/wp-json\/wp\/v2\/types\/post"}],"author":[{"embeddable":true,"href":"https:\/\/www.europesays.com\/fr\/wp-json\/wp\/v2\/users\/2"}],"replies":[{"embeddable":true,"href":"https:\/\/www.europesays.com\/fr\/wp-json\/wp\/v2\/comments?post=488960"}],"version-history":[{"count":0,"href":"https:\/\/www.europesays.com\/fr\/wp-json\/wp\/v2\/posts\/488960\/revisions"}],"wp:featuredmedia":[{"embeddable":true,"href":"https:\/\/www.europesays.com\/fr\/wp-json\/wp\/v2\/media\/488961"}],"wp:attachment":[{"href":"https:\/\/www.europesays.com\/fr\/wp-json\/wp\/v2\/media?parent=488960"}],"wp:term":[{"taxonomy":"category","embeddable":true,"href":"https:\/\/www.europesays.com\/fr\/wp-json\/wp\/v2\/categories?post=488960"},{"taxonomy":"post_tag","embeddable":true,"href":"https:\/\/www.europesays.com\/fr\/wp-json\/wp\/v2\/tags?post=488960"}],"curies":[{"name":"wp","href":"https:\/\/api.w.org\/{rel}","templated":true}]}}