{"id":488962,"date":"2025-10-25T11:46:16","date_gmt":"2025-10-25T11:46:16","guid":{"rendered":"https:\/\/www.europesays.com\/fr\/488962\/"},"modified":"2025-10-25T11:46:16","modified_gmt":"2025-10-25T11:46:16","slug":"annecy-saint-etienne-les-compositions-probables","status":"publish","type":"post","link":"https:\/\/www.europesays.com\/fr\/488962\/","title":{"rendered":"Annecy Saint-\u00c9tienne : Les compositions probables"},"content":{"rendered":"<p style=\"text-align: justify;\" align=\"justify\"><strong>LIGUE 2 2025-2026 \u2013 Selon L\u2019\u00c9quipe, voici les compositions probables du match entre Annecy et Saint-\u00c9tienne pr\u00e9vu ce samedi.<\/strong><\/p>\n<p style=\"text-align: justify;\">Apr\u00e8s 3 matchs sans victoire, <strong>Annecy<\/strong> s\u2019est relanc\u00e9 la semaine pass\u00e9e avec une victoire sur la pelouse de <strong>Clermont<\/strong>. <strong>Saint-\u00c9tienne<\/strong> a de son c\u00f4t\u00e9 enregistr\u00e9 une deuxi\u00e8me d\u00e9faite cons\u00e9cutive \u00e0 domicile avec un revers face au <strong>Mans<\/strong>.<\/p>\n<p style=\"text-align: justify;\">Annecy devrait \u00e9voluer dans son habituel 3-4-3 pour cette rencontre face aux <strong>Verts<\/strong>. Le jeune <strong>Quentin<\/strong> <strong>Paris<\/strong> pourrait d\u00e9buter \u00e0 la pointe de l\u2019attaque des <strong>Haut-Savoyards<\/strong>. <strong>Cl\u00e9ment<\/strong> <strong>Billemaz<\/strong> devrait faire son retour au milieu de terrain.<\/p>\n<p style=\"text-align: justify;\">Chez les Verts, Dylan <strong>Batubinsika<\/strong>, \u00e9cart\u00e9 depuis le d\u00e9but de la saison, est attendu dans l\u2019axe de la d\u00e9fense. <strong>A\u00efmen<\/strong> <strong>Moueffek<\/strong> devrait lui faire son retour au milieu de terrain alors qu <strong>Lucas<\/strong> <strong>Stassin<\/strong> devrait encha\u00eener \u00e0 la pointe de l\u2019attaque.<\/p>\n<p>Les compositions de Annecy \u2013 Saint-\u00c9tienne<br \/>\nLa composition probable d\u2019Annecy<\/p>\n<p style=\"text-align: justify;\">Callens \u2013 Delphis, Drouhin, Kuadio \u2013 Rowe, Veillon, Kashi, Billemaz \u2013 Larse, Paris, Hbouche<\/p>\n<p>La composition probable de Saint-\u00c9tienne<\/p>\n<p style=\"text-align: justify;\">Larsonneur \u2013 Ferreira, Batubinsika, Nad\u00e9, Annan \u2013 Jaber, Moueffek, Tardieu \u2013 Boakye, Stassin, Davitashvili<\/p>\n<p>Les cotes de Annecy \u2013 Saint-\u00c9tienne<\/p>\n<tr style=\"height: 16px;\">\n<td style=\"background-color: #404040; border-color: #ededed; width: 840px; text-align: left;\" colspan=\"3\"><strong><img loading=\"lazy\" decoding=\"async\" class=\"alignnone wp-image-512842 perfmatters-lazy\" alt=\"\" width=\"14\" height=\"13\" src=\"https:\/\/www.europesays.com\/fr\/wp-content\/uploads\/2025\/05\/Logo-Winamax.png\"  data-\/> Samedi 25 octobre, 20h00<\/strong><\/td>\n<\/tr>\n<tr style=\"height: 24px;\">\n<td style=\"background-color: #ffffff; border-color: #ededed; vertical-align: middle; text-align: center; width: 266px;\"><strong>Annecy<br \/><\/strong><a href=\"https:\/\/www.winamax.fr\/paris-sportifs\/match\/61527552?banid=33423\" class=\"su-button su-button-style-flat su-button-wide\" style=\"color:#000;background-color:#00ffcf;border-color:#00cca6;border-radius:5px\" target=\"_blank\" rel=\"noopener noreferrer\"> 3.40<\/a><\/td>\n<td style=\"background-color: #ffffff; border-color: #ededed; vertical-align: middle; text-align: center; width: 266px;\"><strong>Match nul<\/strong><br \/><a href=\"https:\/\/www.winamax.fr\/paris-sportifs\/match\/61527552?banid=33423\" class=\"su-button su-button-style-flat su-button-wide\" style=\"color:#000;background-color:#00ffcf;border-color:#00cca6;border-radius:5px\" target=\"_blank\" rel=\"noopener noreferrer\"> 3.45<\/a><\/td>\n<td style=\"background-color: #ffffff; border-color: #ededed; vertical-align: middle; text-align: center; width: 266px;\"><strong>Saint-\u00c9tienne<\/strong><br \/><a href=\"https:\/\/www.winamax.fr\/paris-sportifs\/match\/61527552?banid=33423\" class=\"su-button su-button-style-flat su-button-wide\" style=\"color:#000;background-color:#00ffcf;border-color:#00cca6;border-radius:5px\" target=\"_blank\" rel=\"noopener noreferrer\"> 1.86<\/a><\/td>\n<\/tr>\n<p style=\"text-align: justify;\">Tentez votre chance en profitant de votre <a href=\"https:\/\/www.winamax.fr\/registration\/landing\/affiliation_Bonus100?banid=33423\" target=\"_blank\" rel=\"noopener\">1er d\u00e9p\u00f4t doubl\u00e9 jusqu\u2019\u00e0 100 \u20ac<\/a> direct en paris gratuits sur Winamax !<\/p>\n","protected":false},"excerpt":{"rendered":"LIGUE 2 2025-2026 \u2013 Selon L\u2019\u00c9quipe, voici les compositions probables du match entre Annecy et Saint-\u00c9tienne pr\u00e9vu ce&hellip;\n","protected":false},"author":2,"featured_media":488963,"comment_status":"","ping_status":"","sticky":false,"template":"","format":"standard","meta":{"footnotes":""},"categories":[9653],"tags":[1111,11,3853,2430,2113,1777,674,63,1011,27,12,25,4001],"class_list":{"0":"post-488962","1":"post","2":"type-post","3":"status-publish","4":"format-standard","5":"has-post-thumbnail","7":"category-saint-etienne","8":"tag-actu","9":"tag-actualites","10":"tag-annecy","11":"tag-auvergne-rhone-alpes","12":"tag-breve","13":"tag-eu","14":"tag-europe","15":"tag-football","16":"tag-fr","17":"tag-france","18":"tag-news","19":"tag-republique-francaise","20":"tag-saint-etienne"},"share_on_mastodon":{"url":"https:\/\/pubeurope.com\/@fr\/115434644497833099","error":""},"_links":{"self":[{"href":"https:\/\/www.europesays.com\/fr\/wp-json\/wp\/v2\/posts\/488962","targetHints":{"allow":["GET"]}}],"collection":[{"href":"https:\/\/www.europesays.com\/fr\/wp-json\/wp\/v2\/posts"}],"about":[{"href":"https:\/\/www.europesays.com\/fr\/wp-json\/wp\/v2\/types\/post"}],"author":[{"embeddable":true,"href":"https:\/\/www.europesays.com\/fr\/wp-json\/wp\/v2\/users\/2"}],"replies":[{"embeddable":true,"href":"https:\/\/www.europesays.com\/fr\/wp-json\/wp\/v2\/comments?post=488962"}],"version-history":[{"count":0,"href":"https:\/\/www.europesays.com\/fr\/wp-json\/wp\/v2\/posts\/488962\/revisions"}],"wp:featuredmedia":[{"embeddable":true,"href":"https:\/\/www.europesays.com\/fr\/wp-json\/wp\/v2\/media\/488963"}],"wp:attachment":[{"href":"https:\/\/www.europesays.com\/fr\/wp-json\/wp\/v2\/media?parent=488962"}],"wp:term":[{"taxonomy":"category","embeddable":true,"href":"https:\/\/www.europesays.com\/fr\/wp-json\/wp\/v2\/categories?post=488962"},{"taxonomy":"post_tag","embeddable":true,"href":"https:\/\/www.europesays.com\/fr\/wp-json\/wp\/v2\/tags?post=488962"}],"curies":[{"name":"wp","href":"https:\/\/api.w.org\/{rel}","templated":true}]}}