{"id":488966,"date":"2025-10-25T11:51:20","date_gmt":"2025-10-25T11:51:20","guid":{"rendered":"https:\/\/www.europesays.com\/fr\/488966\/"},"modified":"2025-10-25T11:51:20","modified_gmt":"2025-10-25T11:51:20","slug":"mort-du-rugbyman-andre-herrero-ex-joueur-du-xv-de-france-et-legende-du-rc-toulon","status":"publish","type":"post","link":"https:\/\/www.europesays.com\/fr\/488966\/","title":{"rendered":"Mort du rugbyman Andr\u00e9 Herrero, ex-joueur du XV de France et l\u00e9gende du RC Toulon"},"content":{"rendered":"<p>Il \u00e9tait une figure du rugby fran\u00e7ais. Andr\u00e9 Herrero, ancienne gloire du Racing Club de Toulon (RCT), est mort, vendredi 24 octobre 2025, \u00e0 l&rsquo;\u00e2ge de 87 ans. Le club toulonnais a salu\u00e9,<a href=\"https:\/\/rctoulon.com\/andre-herrero-sen-est-alle\/?doing_wp_cron=1761389672.7703189849853515625000\" rel=\"nofollow noopener\" target=\"_blank\"> dans un communiqu\u00e9 publi\u00e9 sur son site Internet<\/a>, \u00ab\u00a0un mod\u00e8le de courage, de combativit\u00e9 et de passion\u00a0\u00bb, qui faisait preuve, depuis toujours, d&rsquo;un \u00ab\u00a0comportement exemplaire\u00a0\u00bb et d&rsquo;un inconditionnel \u00ab\u00a0amour du maillot rouge et noir\u00a0\u00bb. \u00ab\u00a0Le rugby fran\u00e7ais perd bien plus qu\u2019un ancien joueur, il perd une voix, une conscience, une figure tut\u00e9laire\u00a0\u00bb, a assur\u00e9 de son c\u00f4t\u00e9 <a href=\"https:\/\/www.ffr.fr\/actualites\/xv-de-france\/carnet-noir-deces-dandre-herrero\" rel=\"nofollow noopener\" target=\"_blank\">la F\u00e9d\u00e9ration fran\u00e7aise de rugby<\/a> (FFR), expliquant qu&rsquo;Andr\u00e9 Herrero avait laiss\u00e9 \u00ab\u00a0une empreinte profonde dans l\u2019histoire du ballon ovale tricolore\u00a0\u00bb.<\/p>\n<p>Qui sont les c\u00e9l\u00e8bres ni\u00e8ce et neveu de l&rsquo;ancien rugbyman Andr\u00e9 Herrero, d\u00e9c\u00e9d\u00e9 \u00e0 l&rsquo;\u00e2ge de 87 ans ?<\/p>\n<p>Il faut dire que cet H\u00e9raultais a consacr\u00e9 toute sa vie au rugby : en tant que joueur, Andr\u00e9 Herrero a fait les beaux jours de Toulon, mais aussi du XV de France, dont il a port\u00e9 22 fois le maillot entre 1963 et 1967, aux postes de deuxi\u00e8me ligne ou de troisi\u00e8me ligne. \u00ab\u00a0Dans ce rugby encore empreint d\u2019amateurisme, il incarne d\u00e9j\u00e0 une forme de professionnalisme avant l\u2019heure, exigeant, rigoureux, intransigeant avec lui-m\u00eame\u00a0\u00bb, d\u00e9taille la FFR, dans son hommage \u00e0 Andr\u00e9 Herrero. Mais cette l\u00e9gende de l&rsquo;Ovalie ne s&rsquo;est pas content\u00e9e de fouler les terrains : entre 1979 et 1983, il est devenu l&rsquo;entra\u00eeneur de Toulon, son \u00e9quipe de c\u0153ur. Il a \u00e9galement jou\u00e9 un r\u00f4le au sein des instances dirigeantes de la FFR, et \u00e9t\u00e9 nomm\u00e9 manager de l\u2019\u00c9quipe de France en 1992. Dans la famille Herrero, on a, d&rsquo;ailleurs, le rugby dans le sang : Andr\u00e9 Herrero, surnomm\u00e9 \u00ab\u00a0Le Grand\u00a0\u00bb, est en effet le fr\u00e8re de Bernard Herrero, ancien talonneur du RCT et du XV de France, et de Daniel Herrero, une autre gloire du rugby fran\u00e7ais, reconverti en consultant, indissociable de son c\u00e9l\u00e8bre bandana rouge. Andr\u00e9 Herrero \u00e9tait, par ailleurs, l&rsquo;oncle de la sc\u00e9nariste <a href=\"https:\/\/www.programme-tv.net\/biographie\/121721-herrero-fanny\/\" data-api-deeplink=\"teleloisirs:\/\/person\/121721\" target=\"_blank\" rel=\"noopener\">Fanny Herrero<\/a>, <a href=\"https:\/\/www.programme-tv.net\/news\/series-tv\/296859-drole-netflix-fanny-herrero-est-la-fille-dun-celebre-rugbyman\/\" data-api-deeplink=\"teleloisirs:\/\/news\/296859\" target=\"_blank\" rel=\"noopener\">la fille de Daniel Herrero<\/a>, \u00e0 qui l&rsquo;on doit les s\u00e9ries Dix pour cent et Dr\u00f4le, et du journaliste <a href=\"https:\/\/www.programme-tv.net\/biographie\/29577-herrero-manuel\/\" data-api-deeplink=\"teleloisirs:\/\/person\/29577\" target=\"_blank\" rel=\"noopener\">Manuel Herrero<\/a>, le compagnon de la com\u00e9dienne <a href=\"https:\/\/www.programme-tv.net\/biographie\/3245-viard-karin\/\" data-api-deeplink=\"teleloisirs:\/\/person\/3245\" target=\"_blank\" rel=\"noopener\">Karin Viard<\/a>.<\/p>\n<p>                        \u00ab\u00a0Il avait une place \u00e0 part, c&rsquo;\u00e9tait l&rsquo;a\u00een\u00e9\u00a0\u00bb : Quand Daniel Herrero parlait de son fr\u00e8re, Andr\u00e9, d\u00e9c\u00e9d\u00e9 \u00e0 l&rsquo;\u00e2ge de 87 ans<\/p>\n<p>En 2023, au<a href=\"https:\/\/www.lemonde.fr\/sport\/article\/2023\/02\/12\/daniel-herrero-ma-mere-aimait-les-mots-mon-pere-aimait-les-matchs_6161489_3242.html\" rel=\"nofollow noopener\" target=\"_blank\"> Monde<\/a>, Daniel Herrero avait racont\u00e9 ce que son a\u00een\u00e9, Andr\u00e9, \u00e2g\u00e9 de 10 ans de plus que lui, repr\u00e9sentait pour lui, quand il \u00e9tait enfant. \u00ab\u00a0Quand j\u2019\u00e9tais petit, il \u00e9tait d\u00e9j\u00e0 en \u00e9quipe de France, il participait au Tournoi des cinq nations, avait racont\u00e9 l&rsquo;ancien consultant de Sud Radio. Il avait une place \u00e0 part, c\u2019\u00e9tait l\u2019a\u00een\u00e9, une position qui apporte une forme de seigneurie dans des familles comme les n\u00f4tres. J\u2019avais beaucoup de consid\u00e9ration pour ce joueur rude et dou\u00e9.\u00a0\u00bb<\/p>\n<blockquote class=\"instagram-media\" data-instgrm-captioned=\"\" data-instgrm-permalink=\"https:\/\/www.instagram.com\/p\/DQLu6rpjaLs\/?utm_source=ig_embed&amp;utm_campaign=loading\" data-instgrm-version=\"14\" style=\" background:#FFF; border:0; border-radius:3px; box-shadow:0 0 1px 0 rgba(0,0,0,0.5),0 1px 10px 0 rgba(0,0,0,0.15); margin: 1px; max-width:658px; min-width:326px; padding:0; width:99.375%; width:-webkit-calc(100% - 2px); width:calc(100% - 2px);\"\/>\n<p>Article \u00e9crit en collaboration avec 6Medias<\/p>\n<p>    <script async src=\"\/\/www.instagram.com\/embed.js\"><\/script><\/p>\n","protected":false},"excerpt":{"rendered":"Il \u00e9tait une figure du rugby fran\u00e7ais. Andr\u00e9 Herrero, ancienne gloire du Racing Club de Toulon (RCT), est&hellip;\n","protected":false},"author":2,"featured_media":488967,"comment_status":"","ping_status":"","sticky":false,"template":"","format":"standard","meta":{"footnotes":""},"categories":[9619],"tags":[1111,11,244,1777,674,61195,1011,27,61196,18,12,882,25,479,2310],"class_list":{"0":"post-488966","1":"post","2":"type-post","3":"status-publish","4":"format-standard","5":"has-post-thumbnail","7":"category-toulon","8":"tag-actu","9":"tag-actualites","10":"tag-commentaire","11":"tag-eu","12":"tag-europe","13":"tag-fanny-herrero","14":"tag-fr","15":"tag-france","16":"tag-manuel-herrero","17":"tag-mort","18":"tag-news","19":"tag-provence-alpes-cote-dazur","20":"tag-republique-francaise","21":"tag-rugby","22":"tag-toulon"},"share_on_mastodon":{"url":"https:\/\/pubeurope.com\/@fr\/115434663677399260","error":""},"_links":{"self":[{"href":"https:\/\/www.europesays.com\/fr\/wp-json\/wp\/v2\/posts\/488966","targetHints":{"allow":["GET"]}}],"collection":[{"href":"https:\/\/www.europesays.com\/fr\/wp-json\/wp\/v2\/posts"}],"about":[{"href":"https:\/\/www.europesays.com\/fr\/wp-json\/wp\/v2\/types\/post"}],"author":[{"embeddable":true,"href":"https:\/\/www.europesays.com\/fr\/wp-json\/wp\/v2\/users\/2"}],"replies":[{"embeddable":true,"href":"https:\/\/www.europesays.com\/fr\/wp-json\/wp\/v2\/comments?post=488966"}],"version-history":[{"count":0,"href":"https:\/\/www.europesays.com\/fr\/wp-json\/wp\/v2\/posts\/488966\/revisions"}],"wp:featuredmedia":[{"embeddable":true,"href":"https:\/\/www.europesays.com\/fr\/wp-json\/wp\/v2\/media\/488967"}],"wp:attachment":[{"href":"https:\/\/www.europesays.com\/fr\/wp-json\/wp\/v2\/media?parent=488966"}],"wp:term":[{"taxonomy":"category","embeddable":true,"href":"https:\/\/www.europesays.com\/fr\/wp-json\/wp\/v2\/categories?post=488966"},{"taxonomy":"post_tag","embeddable":true,"href":"https:\/\/www.europesays.com\/fr\/wp-json\/wp\/v2\/tags?post=488966"}],"curies":[{"name":"wp","href":"https:\/\/api.w.org\/{rel}","templated":true}]}}