{"id":488972,"date":"2025-10-25T11:55:59","date_gmt":"2025-10-25T11:55:59","guid":{"rendered":"https:\/\/www.europesays.com\/fr\/488972\/"},"modified":"2025-10-25T11:55:59","modified_gmt":"2025-10-25T11:55:59","slug":"une-octogenaire-detroussee-par-une-fausse-policiere","status":"publish","type":"post","link":"https:\/\/www.europesays.com\/fr\/488972\/","title":{"rendered":"une octog\u00e9naire d\u00e9trouss\u00e9e par une fausse polici\u00e8re"},"content":{"rendered":"<p>\t\t\t\t\t Quelques minutes plus tard, la pr\u00e9tendue polici\u00e8re se pr\u00e9sente au domicile de l&rsquo;octog\u00e9naire. Sous couvert de proc\u00e9dure, elle lui demande sa carte bancaire ainsi que son code secret, et l\u2019informe qu&rsquo;une nouvelle carte lui sera prochainement remise. La retrait\u00e9e s&rsquo;ex\u00e9cute. <\/p>\n<p>La visite se prolonge : la fausse fonctionnaire parvient aussi \u00e0 lui subtiliser la puce de son t\u00e9l\u00e9phone portable. Elle la convainc ensuite de lui remettre ses bijoux et un peu d&rsquo;argent liquide sous pr\u00e9texte de faire des photos \u00ab pour le dossier \u00bb. Elle repart avec une bague, un bracelet, un pendentif et une petite somme en esp\u00e8ces, promettant de revenir. Elle ne reviendra jamais. <\/p>\n<p>Quelques heures plus tard, la victime d\u00e9couvre avec stup\u00e9faction que 2 000 euros ont \u00e9t\u00e9 retir\u00e9s de son compte. Elle d\u00e9pose alors plainte aupr\u00e8s des vrais policiers au commissariat de Rouen. Une enqu\u00eate est en cours pour escroquerie dite \u00e0 la fausse qualit\u00e9.\n\t\t\t\t <\/p>\n","protected":false},"excerpt":{"rendered":"Quelques minutes plus tard, la pr\u00e9tendue polici\u00e8re se pr\u00e9sente au domicile de l&rsquo;octog\u00e9naire. Sous couvert de proc\u00e9dure, elle&hellip;\n","protected":false},"author":2,"featured_media":488973,"comment_status":"","ping_status":"","sticky":false,"template":"","format":"standard","meta":{"footnotes":""},"categories":[9587],"tags":[1111,11,1067,1777,674,118,61197,1011,27,12,5161,2571,1072,25,9590,5163],"class_list":{"0":"post-488972","1":"post","2":"type-post","3":"status-publish","4":"format-standard","5":"has-post-thumbnail","7":"category-rouen","8":"tag-actu","9":"tag-actualites","10":"tag-enquete","11":"tag-eu","12":"tag-europe","13":"tag-faits-divers","14":"tag-fausse-qualite","15":"tag-fr","16":"tag-france","17":"tag-news","18":"tag-normandie","19":"tag-personnes-agees","20":"tag-police","21":"tag-republique-francaise","22":"tag-rouen","23":"tag-seine-maritime"},"share_on_mastodon":{"url":"https:\/\/pubeurope.com\/@fr\/115434683262121762","error":""},"_links":{"self":[{"href":"https:\/\/www.europesays.com\/fr\/wp-json\/wp\/v2\/posts\/488972","targetHints":{"allow":["GET"]}}],"collection":[{"href":"https:\/\/www.europesays.com\/fr\/wp-json\/wp\/v2\/posts"}],"about":[{"href":"https:\/\/www.europesays.com\/fr\/wp-json\/wp\/v2\/types\/post"}],"author":[{"embeddable":true,"href":"https:\/\/www.europesays.com\/fr\/wp-json\/wp\/v2\/users\/2"}],"replies":[{"embeddable":true,"href":"https:\/\/www.europesays.com\/fr\/wp-json\/wp\/v2\/comments?post=488972"}],"version-history":[{"count":0,"href":"https:\/\/www.europesays.com\/fr\/wp-json\/wp\/v2\/posts\/488972\/revisions"}],"wp:featuredmedia":[{"embeddable":true,"href":"https:\/\/www.europesays.com\/fr\/wp-json\/wp\/v2\/media\/488973"}],"wp:attachment":[{"href":"https:\/\/www.europesays.com\/fr\/wp-json\/wp\/v2\/media?parent=488972"}],"wp:term":[{"taxonomy":"category","embeddable":true,"href":"https:\/\/www.europesays.com\/fr\/wp-json\/wp\/v2\/categories?post=488972"},{"taxonomy":"post_tag","embeddable":true,"href":"https:\/\/www.europesays.com\/fr\/wp-json\/wp\/v2\/tags?post=488972"}],"curies":[{"name":"wp","href":"https:\/\/api.w.org\/{rel}","templated":true}]}}