{"id":489007,"date":"2025-10-25T12:17:10","date_gmt":"2025-10-25T12:17:10","guid":{"rendered":"https:\/\/www.europesays.com\/fr\/489007\/"},"modified":"2025-10-25T12:17:10","modified_gmt":"2025-10-25T12:17:10","slug":"deux-blesses-au-couteau-apres-une-rixe-en-centre-ville","status":"publish","type":"post","link":"https:\/\/www.europesays.com\/fr\/489007\/","title":{"rendered":"deux bless\u00e9s au couteau apr\u00e8s une rixe en centre-ville"},"content":{"rendered":"<p itemprop=\"description\"><strong>La brigade de recherche est charg\u00e9e de l\u2019enqu\u00eate.<\/strong><\/p>\n<p>La commune de Lozanne a \u00e9t\u00e9 le th\u00e9\u00e2tre d\u2019une violente altercation, jeudi 23 octobre, peu avant 22 heures. Selon les premi\u00e8res constatations, une rixe a \u00e9clat\u00e9 entre plusieurs individus non loin de la mairie. Deux personnes ont \u00e9t\u00e9 bless\u00e9es au couteau et transport\u00e9es \u00e0 l\u2019h\u00f4pital. Leurs jours ne seraient pas en danger.<\/p>\n<p>D\u2019apr\u00e8s les \u00e9l\u00e9ments communiqu\u00e9s par le parquet de Villefranche-sur-Sa\u00f4ne, l\u2019origine des faits remonterait \u00e0 une premi\u00e8re altercation entre deux individus survenue plus t\u00f4t dans la soir\u00e9e. L\u2019incident aurait ensuite d\u00e9g\u00e9n\u00e9r\u00e9, plusieurs personnes s\u2019\u00e9tant jointes \u00e0 la dispute initiale. La consommation d\u2019alcool pourrait avoir contribu\u00e9 \u00e0 l\u2019escalade de la violence.<\/p>\n<p>Les gendarmes de la brigade d\u2019Anse, appuy\u00e9s par le Peloton de surveillance et d\u2019intervention (Psig), ont rapidement s\u00e9curis\u00e9 le secteur et boucl\u00e9 la zone autour du rond-point. Un camion de l\u2019identification criminelle est intervenu sur place dans la nuit pour proc\u00e9der aux relev\u00e9s techniques.<\/p>\n<p>L\u2019enqu\u00eate a \u00e9t\u00e9 confi\u00e9e \u00e0 la brigade de recherche, afin de d\u00e9terminer les circonstances exactes de cette rixe et d\u2019identifier tous les protagonistes impliqu\u00e9s.<\/p>\n","protected":false},"excerpt":{"rendered":"La brigade de recherche est charg\u00e9e de l\u2019enqu\u00eate. La commune de Lozanne a \u00e9t\u00e9 le th\u00e9\u00e2tre d\u2019une violente&hellip;\n","protected":false},"author":2,"featured_media":489008,"comment_status":"","ping_status":"","sticky":false,"template":"","format":"standard","meta":{"footnotes":""},"categories":[1889],"tags":[1111,11,2813,2190,2430,1109,251,1112,2811,1777,674,118,1011,27,1922,1110,1114,2428,2810,12,241,316,25,2812,517,800],"class_list":{"0":"post-489007","1":"post","2":"type-post","3":"status-publish","4":"format-standard","5":"has-post-thumbnail","7":"category-lyon","8":"tag-actu","9":"tag-actualites","10":"tag-article","11":"tag-asvel","12":"tag-auvergne-rhone-alpes","13":"tag-breves","14":"tag-culture","15":"tag-depeches","16":"tag-economique","17":"tag-eu","18":"tag-europe","19":"tag-faits-divers","20":"tag-fr","21":"tag-france","22":"tag-info","23":"tag-informations","24":"tag-infos","25":"tag-lyon","26":"tag-lyonmag","27":"tag-news","28":"tag-ol","29":"tag-politique","30":"tag-republique-francaise","31":"tag-sociale","32":"tag-sport","33":"tag-transports"},"share_on_mastodon":{"url":"https:\/\/pubeurope.com\/@fr\/115434765903092772","error":""},"_links":{"self":[{"href":"https:\/\/www.europesays.com\/fr\/wp-json\/wp\/v2\/posts\/489007","targetHints":{"allow":["GET"]}}],"collection":[{"href":"https:\/\/www.europesays.com\/fr\/wp-json\/wp\/v2\/posts"}],"about":[{"href":"https:\/\/www.europesays.com\/fr\/wp-json\/wp\/v2\/types\/post"}],"author":[{"embeddable":true,"href":"https:\/\/www.europesays.com\/fr\/wp-json\/wp\/v2\/users\/2"}],"replies":[{"embeddable":true,"href":"https:\/\/www.europesays.com\/fr\/wp-json\/wp\/v2\/comments?post=489007"}],"version-history":[{"count":0,"href":"https:\/\/www.europesays.com\/fr\/wp-json\/wp\/v2\/posts\/489007\/revisions"}],"wp:featuredmedia":[{"embeddable":true,"href":"https:\/\/www.europesays.com\/fr\/wp-json\/wp\/v2\/media\/489008"}],"wp:attachment":[{"href":"https:\/\/www.europesays.com\/fr\/wp-json\/wp\/v2\/media?parent=489007"}],"wp:term":[{"taxonomy":"category","embeddable":true,"href":"https:\/\/www.europesays.com\/fr\/wp-json\/wp\/v2\/categories?post=489007"},{"taxonomy":"post_tag","embeddable":true,"href":"https:\/\/www.europesays.com\/fr\/wp-json\/wp\/v2\/tags?post=489007"}],"curies":[{"name":"wp","href":"https:\/\/api.w.org\/{rel}","templated":true}]}}