{"id":489011,"date":"2025-10-25T12:20:13","date_gmt":"2025-10-25T12:20:13","guid":{"rendered":"https:\/\/www.europesays.com\/fr\/489011\/"},"modified":"2025-10-25T12:20:13","modified_gmt":"2025-10-25T12:20:13","slug":"anxiogene-mal-frequente-angoissant-leternelle-peur-du-rer-denoncee-par-les-franciliennes","status":"publish","type":"post","link":"https:\/\/www.europesays.com\/fr\/489011\/","title":{"rendered":"\u00abAnxiog\u00e8ne\u00bb, \u00abmal fr\u00e9quent\u00e9\u00bb, \u00abangoissant\u00bb&#8230; L\u2019\u00e9ternelle peur du RER d\u00e9nonc\u00e9e par les Franciliennes"},"content":{"rendered":"<p data-module=\"standfirst\" data-context=\"@media (min-width:48em)\">\n    <strong>ENQU\u00caTE <\/strong>&#8211; Depuis la diffusion sur les r\u00e9seaux sociaux de la r\u00e9cente agression sexuelle d\u2019une jeune femme dans le RER C, les usag\u00e8res sont sur le qui-vive. Si cette ligne est loin d\u2019\u00eatre celle qui jouit de la plus mauvaise r\u00e9putation, les Franciliennes affirment ne pas se sentir en s\u00e9curit\u00e9 sur le r\u00e9seau express r\u00e9gional d\u2019\u00cele-de-France.<\/p>\n<p class=\"fig-paragraph fig-paragraph--dropped\">\u00c9l\u00e9onore \u00e9tudie la propri\u00e9t\u00e9 intellectuelle \u00e0 l\u2019\u00e9cole d\u2019avocats de Versailles. Alicia est serveuse dans un caf\u00e9 \u00e0 Saint-Michel. Alexandra attend \u00e0 l\u2019arr\u00eat quai d\u2019Orsay. Charlotte habite \u00e0 Breuillet. Ces femmes ne se connaissent pas. Mais elles ont un point commun\u00a0: elles prennent, tous les jours, le RER C. Et toutes se disent particuli\u00e8rement vigilantes lorsqu\u2019elles font ce trajet.<\/p>\n<p class=\"fig-paragraph fig-paragraph--dropped\">Depuis la<a href=\"http:\/\/www.lefigaro.fr\/faits-divers\/une-jeune-femme-frappee-et-victime-d-une-tentative-de-viol-dans-le-rer-c-20251023\" target=\"_blank\" data-fig-type=\"NewsFlash\" rel=\"noopener nofollow\" data-gtm-custom-categorie=\"navigation\" data-gtm-custom-action=\"crossclick\" data-gtm-custom-label=\"Contextuel\" data-gtm-event=\"customEventSPE\" data-fig-domain=\"LEFIGARO\">\u00a0tentative de viol d\u2019une femme \u00e0 Choisy-le-Roi sur cette ligne<\/a>\u00a0le 15 octobre dernier, le sentiment d\u2019ins\u00e9curit\u00e9 des femmes dans les transports s\u2019est raviv\u00e9. D\u2019autant que l\u2019auteur des faits est encore en fuite et que de potentielles victimes se sont manifest\u00e9es cette semaine aupr\u00e8s du\u00a0<a href=\"https:\/\/www.leparisien.fr\/faits-divers\/je-lai-reconnu-tout-de-suite-apres-la-tentative-de-viol-de-jhordana-dans-le-rer-c-dautres-victimes-temoignent-23-10-2025-QSAM2A637FEKHCMP66TWHNWIBA.php\" target=\"_blank\" rel=\"sponsored noopener nofollow\" data-gtm-custom-categorie=\"navigation\" data-gtm-custom-action=\"crossclick\" data-gtm-custom-label=\"Contextuel\" data-gtm-event=\"customEventSPE\">Parisien<\/a> . D\u2019habitude, les femmes de la ligne C se disent pourtant \u00abplus sereines\u00bb sur ce trac\u00e9 que sur les autres. \u00abIl faut juste \u00e9viter Choisy, Vitry et Ivry, et tout se passera bien\u00bb, conseille un internaute \u00e0 une femme qui s\u2019appr\u00eate \u00e0 d\u00e9m\u00e9nager \u00e0 Saint-Quentin-en-Yvelines et qui demande sur le r\u00e9seau social Reddit si cette ligne, 540.000 passagers par jour, est \u00abmal fr\u00e9quent\u00e9e\u00bb. Dans un article publi\u00e9 en 2020,\u00a0<a href=\"https:\/\/www.lemonde.fr\/societe\/article\/2020\/10\/24\/la-ligne-13-la-plus-saturee-et-la-plus-anxiogene-du-metro-parisien_6057193_3224.html\" target=\"_blank\" rel=\"sponsored noopener nofollow\" data-gtm-custom-categorie=\"navigation\" data-gtm-custom-action=\"crossclick\" data-gtm-custom-label=\"Contextuel\" data-gtm-event=\"customEventSPE\">Le Monde<\/a> \u00a0cite une \u00e9tude de l\u2019Institut Paris R\u00e9gion, selon laquelle c\u2019est plut\u00f4t le RER A qui d\u00e9clenche un \u00absentiment d\u2019ins\u00e9curit\u00e9\u00bb chez ses usagers, suivi du B, du D, puis du C.<\/p>\n<p>\u00ab<strong>On se sent plus en s\u00e9curit\u00e9 \u00e0 Mexico qu\u2019\u00e0 Paris\u00bb<\/strong><\/p>\n<p class=\"fig-paragraph fig-paragraph--dropped\">\u0152illades libidineuses, mains baladeuses, regards insistants, insultes, intimidations, courses-poursuites\u2026 \u00abJe pense que chaque femme a une histoire \u00e0 raconter sur le RER\u00bb, nous confie Alicia, qui vit entre Paris et Amsterdam. Elle dit se sentir bien plus en s\u00e9curit\u00e9 dans la capitale\u2026<\/p>\n<p class=\"fig-premium-paywall__infos\">\n        Cet article est r\u00e9serv\u00e9 aux abonn\u00e9s.        Il vous reste 84% \u00e0 d\u00e9couvrir.\n    <\/p>\n<p>                <img  data- alt=\"Le Figaro\" class=\"fig-img--complete fig-img\"\/><\/p>\n<p class=\"fig-premium-paywall__title\">Vous avez envie de lire la suite ?<\/p>\n<p class=\"fig-premium-paywall__subtitle\">D\u00e9bloquez tous les articles imm\u00e9diatement.<\/p>\n<p class=\"fig-premium-paywall__connect\">\n                D\u00e9j\u00e0 abonn\u00e9\u00a0?                <a class=\"fig-premium-paywall__connect-link\" href=\"https:\/\/connect.lefigaro.fr\/login?client=horizon_web&amp;type=main&amp;redirect_uri=https%3A%2F%2Fwww.lefigaro.fr%2Factualite-france%2Fanxiogene-mal-frequente-craignos-l-eternelle-peur-du-rer-denoncee-par-les-franciliennes-20251025\" data-js-gtm=\"{&quot;customCategorie&quot;: &quot;conversion&quot;, &quot;customAction&quot;: &quot;before_Landing_Connexion_paywall_manuel&quot;, &quot;customLabel&quot;: &quot;bGVmaWdhcm8uZnJfXzFmMDllZGRhLTE1ODktNmY4ZS04ZDY3LWU5ZDc1YjQzNTBlZl9fQXJ0aWNsZQ==_\u00abAnxiog\u00e8ne\u00bb, \u00abmal fr\u00e9quent\u00e9\u00bb, \u00abangoissant\u00bb... L\u2019\u00e9ternelle peur du RER d\u00e9nonc\u00e9e par les Franciliennes_280&quot;, &quot;customIDSPE&quot;: &quot;bGVmaWdhcm8uZnJfXzFmMDllZGRhLTE1ODktNmY4ZS04ZDY3LWU5ZDc1YjQzNTBlZl9fQXJ0aWNsZQ==&quot;, &quot;event&quot;: &quot;customEventSPE&quot;}\" rel=\"nofollow noopener\" target=\"_blank\"><br \/>\n                    Connectez-vous<br \/>\n                <\/a>\n            <\/p>\n","protected":false},"excerpt":{"rendered":"ENQU\u00caTE &#8211; Depuis la diffusion sur les r\u00e9seaux sociaux de la r\u00e9cente agression sexuelle d\u2019une jeune femme dans&hellip;\n","protected":false},"author":2,"featured_media":489012,"comment_status":"","ping_status":"","sticky":false,"template":"","format":"standard","meta":{"footnotes":""},"categories":[1592],"tags":[1111,11,1120,1777,674,1011,27,662,12,626,25,12396,2216],"class_list":{"0":"post-489011","1":"post","2":"type-post","3":"status-publish","4":"format-standard","5":"has-post-thumbnail","7":"category-ile-de-france","8":"tag-actu","9":"tag-actualites","10":"tag-agression","11":"tag-eu","12":"tag-europe","13":"tag-fr","14":"tag-france","15":"tag-ile-de-france","16":"tag-news","17":"tag-paris","18":"tag-republique-francaise","19":"tag-rer","20":"tag-transports-en-commun"},"share_on_mastodon":{"url":"https:\/\/pubeurope.com\/@fr\/115434777827686841","error":""},"_links":{"self":[{"href":"https:\/\/www.europesays.com\/fr\/wp-json\/wp\/v2\/posts\/489011","targetHints":{"allow":["GET"]}}],"collection":[{"href":"https:\/\/www.europesays.com\/fr\/wp-json\/wp\/v2\/posts"}],"about":[{"href":"https:\/\/www.europesays.com\/fr\/wp-json\/wp\/v2\/types\/post"}],"author":[{"embeddable":true,"href":"https:\/\/www.europesays.com\/fr\/wp-json\/wp\/v2\/users\/2"}],"replies":[{"embeddable":true,"href":"https:\/\/www.europesays.com\/fr\/wp-json\/wp\/v2\/comments?post=489011"}],"version-history":[{"count":0,"href":"https:\/\/www.europesays.com\/fr\/wp-json\/wp\/v2\/posts\/489011\/revisions"}],"wp:featuredmedia":[{"embeddable":true,"href":"https:\/\/www.europesays.com\/fr\/wp-json\/wp\/v2\/media\/489012"}],"wp:attachment":[{"href":"https:\/\/www.europesays.com\/fr\/wp-json\/wp\/v2\/media?parent=489011"}],"wp:term":[{"taxonomy":"category","embeddable":true,"href":"https:\/\/www.europesays.com\/fr\/wp-json\/wp\/v2\/categories?post=489011"},{"taxonomy":"post_tag","embeddable":true,"href":"https:\/\/www.europesays.com\/fr\/wp-json\/wp\/v2\/tags?post=489011"}],"curies":[{"name":"wp","href":"https:\/\/api.w.org\/{rel}","templated":true}]}}