{"id":489023,"date":"2025-10-25T12:26:12","date_gmt":"2025-10-25T12:26:12","guid":{"rendered":"https:\/\/www.europesays.com\/fr\/489023\/"},"modified":"2025-10-25T12:26:12","modified_gmt":"2025-10-25T12:26:12","slug":"ukraine-des-frappes-russes-sur-kyiv-font-deux-morts-et-13-blesses-25-10-2025-a-1349","status":"publish","type":"post","link":"https:\/\/www.europesays.com\/fr\/489023\/","title":{"rendered":"Ukraine-Des frappes russes sur Kyiv font deux morts et 13 bless\u00e9s &#8211; 25\/10\/2025 \u00e0 13:49"},"content":{"rendered":"<p>\n (Actualis\u00e9 avec d\u00e9claration de la PM ukrainienne, d\u00e9tails des<br \/>\nd\u00e9g\u00e2ts, nouveau bilan)\n<\/p>\n<p>\n Des frappes de missiles et<br \/>\nde drones russes sur Kyiv ont fait au moins deux morts et 13<br \/>\nbless\u00e9s, ont rapport\u00e9 samedi des responsables ukrainiens faisant<br \/>\n\u00e9tat de d\u00e9g\u00e2ts sur des sites et infrastructures \u00e9nerg\u00e9tiques.\n<\/p>\n<p>\n \u00ab\u00a0Les rapports pr\u00e9liminaires indiquent que l&rsquo;attaque a<br \/>\nprovoqu\u00e9 des vitres bris\u00e9es, endommag\u00e9 des voitures et cr\u00e9e un<br \/>\ncrat\u00e8re dans la cour d&rsquo;un immeuble r\u00e9sidentiel\u00a0\u00bb, a d\u00e9clar\u00e9 le<br \/>\nchef de l&rsquo;administration militaire de Kyiv, Tymur Tkachenko.\n<\/p>\n<p>\n Les attaques ont aussi provoqu\u00e9 plusieurs incendies et<br \/>\ntouch\u00e9 une maternelle, a-t-il ajout\u00e9.\n<\/p>\n<p>\n \u00ab\u00a0Ces attaques \u00e9taient encore une fois dirig\u00e9es vers nos<br \/>\ncivils et nos infrastructures \u00e9nerg\u00e9tiques\u00a0\u00bb, a d\u00e9clar\u00e9 sur X la<br \/>\nPremi\u00e8re ministre ukrainienne Ioulia Svyrydenko.\n<\/p>\n<p>\n \u00ab\u00a0La Russie essaie d\u00e9sormais de cr\u00e9er une catastrophe<br \/>\nhumanitaire en Ukraine \u00e0 l&rsquo;arriv\u00e9e de l&rsquo;hiver\u00a0\u00bb, a-t-elle ajout\u00e9.\n<\/p>\n<p>\n De larges panaches de fum\u00e9e ont \u00e9t\u00e9 observ\u00e9s au-dessus<br \/>\nde la capitale ukrainienne alors que les pompiers tentaient de<br \/>\nma\u00eetriser les feux.\n<\/p>\n<p>\n A midi, les pompiers, aid\u00e9s de deux h\u00e9licopt\u00e8res,<br \/>\navaient localis\u00e9 un incendie qui s&rsquo;est d\u00e9clench\u00e9 dans un<br \/>\nentrep\u00f4t de 13.000 m\u00e8tres carr\u00e9s.\n<\/p>\n<p>\n Les attaques de la nuit visaient des entreprises du<br \/>\ncomplexe militaro-industriel ukrainien et des infrastructures<br \/>\n\u00e9nerg\u00e9tiques qui soutiennent ces op\u00e9rations, a d\u00e9clar\u00e9 sur<br \/>\nTelegram le minist\u00e8re russe de la D\u00e9fense.\n<\/p>\n<p>\n Les forces russes ont abattu 121 drones ukrainiens dans<br \/>\nla nuit, dont 7 engins qui se dirigeaient vers Moscou, a ajout\u00e9<br \/>\nle minist\u00e8re russe de la D\u00e9fense dans un communiqu\u00e9 s\u00e9par\u00e9.\n<\/p>\n<p>\n Les forces de d\u00e9fense ukrainiennes ont abattu neuf missiles<br \/>\net 50 des 62 drones lanc\u00e9s \u00e0 travers l&rsquo;Ukraine, a-t-il aussi<br \/>\nindiqu\u00e9 dans un communiqu\u00e9 s\u00e9par\u00e9 sur Telegram.\n<\/p>\n<p>\n Les missiles et drones russes ont touch\u00e9 les villes de<br \/>\nDnipro, Kharkiv et Sumy, a pr\u00e9cis\u00e9 le ministre ukrainien des<br \/>\nAffaires \u00e9trang\u00e8res, Andrii Sybiha.\n<\/p>\n<p>\n (Reportage d&rsquo;Anastasiia Malenko; version fran\u00e7aise Zhifan Liu)<\/p>\n","protected":false},"excerpt":{"rendered":"(Actualis\u00e9 avec d\u00e9claration de la PM ukrainienne, d\u00e9tails des d\u00e9g\u00e2ts, nouveau bilan) Des frappes de missiles et de&hellip;\n","protected":false},"author":2,"featured_media":2486,"comment_status":"","ping_status":"","sticky":false,"template":"","format":"standard","meta":{"footnotes":""},"categories":[1590],"tags":[400,11,398,408,405,1777,674,403,402,399,404,12,401,406,220,407],"class_list":{"0":"post-489023","1":"post","2":"type-post","3":"status-publish","4":"format-standard","5":"has-post-thumbnail","7":"category-ukraine","8":"tag-action-cac-40","9":"tag-actualites","10":"tag-bourse-de-paris","11":"tag-boursorama","12":"tag-cotations","13":"tag-eu","14":"tag-europe","15":"tag-indices-devises","16":"tag-investir","17":"tag-investissement","18":"tag-marche-boursier","19":"tag-news","20":"tag-sicav","21":"tag-trackers","22":"tag-ukraine","23":"tag-warrants"},"share_on_mastodon":{"url":"https:\/\/pubeurope.com\/@fr\/115434801333268378","error":""},"_links":{"self":[{"href":"https:\/\/www.europesays.com\/fr\/wp-json\/wp\/v2\/posts\/489023","targetHints":{"allow":["GET"]}}],"collection":[{"href":"https:\/\/www.europesays.com\/fr\/wp-json\/wp\/v2\/posts"}],"about":[{"href":"https:\/\/www.europesays.com\/fr\/wp-json\/wp\/v2\/types\/post"}],"author":[{"embeddable":true,"href":"https:\/\/www.europesays.com\/fr\/wp-json\/wp\/v2\/users\/2"}],"replies":[{"embeddable":true,"href":"https:\/\/www.europesays.com\/fr\/wp-json\/wp\/v2\/comments?post=489023"}],"version-history":[{"count":0,"href":"https:\/\/www.europesays.com\/fr\/wp-json\/wp\/v2\/posts\/489023\/revisions"}],"wp:featuredmedia":[{"embeddable":true,"href":"https:\/\/www.europesays.com\/fr\/wp-json\/wp\/v2\/media\/2486"}],"wp:attachment":[{"href":"https:\/\/www.europesays.com\/fr\/wp-json\/wp\/v2\/media?parent=489023"}],"wp:term":[{"taxonomy":"category","embeddable":true,"href":"https:\/\/www.europesays.com\/fr\/wp-json\/wp\/v2\/categories?post=489023"},{"taxonomy":"post_tag","embeddable":true,"href":"https:\/\/www.europesays.com\/fr\/wp-json\/wp\/v2\/tags?post=489023"}],"curies":[{"name":"wp","href":"https:\/\/api.w.org\/{rel}","templated":true}]}}