{"id":489024,"date":"2025-10-25T12:27:17","date_gmt":"2025-10-25T12:27:17","guid":{"rendered":"https:\/\/www.europesays.com\/fr\/489024\/"},"modified":"2025-10-25T12:27:17","modified_gmt":"2025-10-25T12:27:17","slug":"discussions-tres-constructives-entre-la-chine-et-les-etats-unis-selon-un-porte-parole-americain","status":"publish","type":"post","link":"https:\/\/www.europesays.com\/fr\/489024\/","title":{"rendered":"discussions \u00abtr\u00e8s constructives\u00bb entre la Chine et les \u00c9tats-Unis, selon un porte-parole am\u00e9ricain"},"content":{"rendered":"<p>            <a href=\"https:\/\/www.lefigaro.fr\/conjoncture\/impot-sur-le-revenu-exil-fiscal-pensions-alimentaires-ces-amendements-au-budget-2026-adoptes-en-commission-des-finances-20251020\" class=\"fig-ranking-profile-link\" aria-label=\"Imp\u00f4t sur le revenu, niches fiscales, \u00e9pargne retraite\u2026 Ce que contenait le budget 2026 rejet\u00e9 en commission des finances (article Premium)\" title=\"Imp\u00f4t sur le revenu, niches fiscales, \u00e9pargne retraite\u2026 Ce que contenait le budget 2026 rejet\u00e9 en commission des finances (article Premium)\" data-fig-domain=\"LEFIGARO\" target=\"_blank\" rel=\"noopener\"><\/p>\n<p>        Imp\u00f4t sur le revenu, niches fiscales, \u00e9pargne retraite\u2026 Ce que contenait le budget 2026 rejet\u00e9 en commission des finances<\/p>\n<p>                                                <\/a><\/p>\n<p>        <img   class=\"fig-img fig-ranking-profile-media-small-picture__photo\" alt=\"Imp\u00f4t sur le revenu, niches fiscales, \u00e9pargne retraite\u2026 Ce que contenait le budget 2026 rejet\u00e9 en commission des finances\" height=\"1687\" width=\"3000\"\/><\/p>\n<p class=\"fig-ranking-profile-standfirst\">\n    Les d\u00e9put\u00e9s ont largement rejet\u00e9 dans la nuit de mercredi \u00e0 jeudi la partie recettes du projet de loi de finances (PLF) pour 2026, qu\u2019ils avaient pourtant amplement amend\u00e9. En s\u00e9ance pl\u00e9ni\u00e8re \u00e0 partir de vendredi, l\u2019Assembl\u00e9e repartira donc de la copie initiale du gouvernement.\n<\/p>\n<p>            <a href=\"https:\/\/www.lefigaro.fr\/conjoncture\/le-conge-de-naissance-sera-indemnise-a-hauteur-de-70-du-salaire-net-le-premier-mois-selon-le-ministre-de-la-sante-20251021\" class=\"fig-ranking-profile-link\" data-fig-domain=\"LEFIGARO\" target=\"_blank\" rel=\"noopener\"><\/p>\n<p>        Le cong\u00e9 de naissance sera indemnis\u00e9 \u00e0 hauteur de 70% du salaire net le premier mois, selon la ministre de la Sant\u00e9<\/p>\n<p>                                                <\/a><\/p>\n<p>        <img   class=\"fig-img fig-ranking-profile-media-small-picture__photo\" alt=\"Le cong\u00e9 de naissance sera indemnis\u00e9 \u00e0 hauteur de 70% du salaire net le premier mois, selon la ministre de la Sant\u00e9\" height=\"800\" width=\"1200\"\/><\/p>\n<p class=\"fig-ranking-profile-standfirst\">\n    Le montant de l\u2019indemnisation de ce cong\u00e9 de naissance, qui s\u2019ajoute aux cong\u00e9s maternit\u00e9 (seize semaines) et paternit\u00e9 (28 jours) existants, devrait \u00eatre grav\u00e9 dans un d\u00e9cret.\n<\/p>\n<p>            <a href=\"https:\/\/www.lefigaro.fr\/conjoncture\/parisiens-dirigeants-sportifs-de-haut-niveau-qui-sont-les-65-000-foyers-les-plus-aises-dans-le-viseur-de-michel-barnier-20241005\" class=\"fig-ranking-profile-link\" aria-label=\"Parisiens, dirigeants, sportifs de haut niveau\u2026 Qui sont les 24.300 foyers les plus ais\u00e9s touch\u00e9s par la contribution sur les hauts revenus\u00a0? (article Premium)\" title=\"Parisiens, dirigeants, sportifs de haut niveau\u2026 Qui sont les 24.300 foyers les plus ais\u00e9s touch\u00e9s par la contribution sur les hauts revenus\u00a0? (article Premium)\" data-fig-domain=\"LEFIGARO\" target=\"_blank\" rel=\"noopener\"><\/p>\n<p>        Parisiens, dirigeants, sportifs de haut niveau\u2026 Qui sont les 24.300 foyers les plus ais\u00e9s touch\u00e9s par la contribution sur les hauts revenus\u00a0?<\/p>\n<p>                                                <\/a><\/p>\n<p>        <img   class=\"fig-img fig-ranking-profile-media-small-picture__photo\" alt=\"Parisiens, dirigeants, sportifs de haut niveau\u2026 Qui sont les 24.300 foyers les plus ais\u00e9s touch\u00e9s par la contribution sur les hauts revenus\u00a0?\" height=\"1638\" width=\"2458\"\/><\/p>\n<p class=\"fig-ranking-profile-standfirst\">\n    <strong>D\u00c9CRYPTAGE &#8211;<\/strong> La contribution diff\u00e9rentielle sur les plus hauts revenus (CDHR), d\u00e9j\u00e0 pr\u00e9sente dans le projet de loi de finances 2025, figure \u00e0 nouveau dans le budget 2026 de S\u00e9bastien Lecornu. Le Figaro brosse le portrait-robot des foyers qui devront (encore) la payer.<\/p>\n","protected":false},"excerpt":{"rendered":"Imp\u00f4t sur le revenu, niches fiscales, \u00e9pargne retraite\u2026 Ce que contenait le budget 2026 rejet\u00e9 en commission des&hellip;\n","protected":false},"author":2,"featured_media":489025,"comment_status":"","ping_status":"","sticky":false,"template":"","format":"standard","meta":{"footnotes":""},"categories":[1589],"tags":[11,309,73,1866,1074,12,1864,1865,1863,308],"class_list":{"0":"post-489024","1":"post","2":"type-post","3":"status-publish","4":"format-standard","5":"has-post-thumbnail","7":"category-etats-unis","8":"tag-actualites","9":"tag-chine","10":"tag-etats-unis","11":"tag-etats-unis-damerique","12":"tag-guerre-commerciale","13":"tag-news","14":"tag-united-states","15":"tag-united-states-of-america","16":"tag-us","17":"tag-usa"},"share_on_mastodon":{"url":"https:\/\/pubeurope.com\/@fr\/115434805316667306","error":""},"_links":{"self":[{"href":"https:\/\/www.europesays.com\/fr\/wp-json\/wp\/v2\/posts\/489024","targetHints":{"allow":["GET"]}}],"collection":[{"href":"https:\/\/www.europesays.com\/fr\/wp-json\/wp\/v2\/posts"}],"about":[{"href":"https:\/\/www.europesays.com\/fr\/wp-json\/wp\/v2\/types\/post"}],"author":[{"embeddable":true,"href":"https:\/\/www.europesays.com\/fr\/wp-json\/wp\/v2\/users\/2"}],"replies":[{"embeddable":true,"href":"https:\/\/www.europesays.com\/fr\/wp-json\/wp\/v2\/comments?post=489024"}],"version-history":[{"count":0,"href":"https:\/\/www.europesays.com\/fr\/wp-json\/wp\/v2\/posts\/489024\/revisions"}],"wp:featuredmedia":[{"embeddable":true,"href":"https:\/\/www.europesays.com\/fr\/wp-json\/wp\/v2\/media\/489025"}],"wp:attachment":[{"href":"https:\/\/www.europesays.com\/fr\/wp-json\/wp\/v2\/media?parent=489024"}],"wp:term":[{"taxonomy":"category","embeddable":true,"href":"https:\/\/www.europesays.com\/fr\/wp-json\/wp\/v2\/categories?post=489024"},{"taxonomy":"post_tag","embeddable":true,"href":"https:\/\/www.europesays.com\/fr\/wp-json\/wp\/v2\/tags?post=489024"}],"curies":[{"name":"wp","href":"https:\/\/api.w.org\/{rel}","templated":true}]}}