{"id":489030,"date":"2025-10-25T12:30:14","date_gmt":"2025-10-25T12:30:14","guid":{"rendered":"https:\/\/www.europesays.com\/fr\/489030\/"},"modified":"2025-10-25T12:30:14","modified_gmt":"2025-10-25T12:30:14","slug":"le-mans-roi-du-temps-additionnel-en-europe-ligue-2-le-mans","status":"publish","type":"post","link":"https:\/\/www.europesays.com\/fr\/489030\/","title":{"rendered":"Le Mans, roi du temps additionnel en Europe &#8211; Ligue 2 &#8211; Le Mans"},"content":{"rendered":"<p>Le Bayer Leverkusen fran\u00e7ais.<\/p>\n<p>Lors de la 11e journ\u00e9e de Ligue 2, Le Mans a <a target=\"_blank\" href=\"https:\/\/www.sofoot.com\/breves\/ligue-2-troyes-accroche-par-reims-dans-le-derby-le-red-star-sinvite-sur-le-podium\" rel=\"nofollow noopener\">arrach\u00e9 la victoire face \u00e0 Boulogne-sur-Mer<\/a> gr\u00e2ce \u00e0 un but de Samuel Yohou \u00e0 la 92e minute (1-0). Une habitude pour les Sarthois qui ont d\u00e9j\u00e0 plant\u00e9 \u00e0 5 reprises dans le temps additionnel de la seconde p\u00e9riode. C\u2019est bien simple, personne ne fait mieux dans les cinq grands championnats (1e et 2e division).<\/p>\n<blockquote class=\"twitter-tweet\">\n<p lang=\"fr\" dir=\"ltr\">5 &#8211; <a target=\"_blank\" href=\"https:\/\/twitter.com\/LEMANSFC?ref_src=twsrc%5Etfw\" rel=\"nofollow noopener\">@LeMansFC<\/a> a inscrit cinq buts dans les arr\u00eats de jeu de la seconde p\u00e9riode cette saison, plus que toute autre \u00e9quipe dans les cinq grands championnats europ\u00e9ens et leurs deuxi\u00e8mes divisions. Mans-time. <a target=\"_blank\" href=\"https:\/\/t.co\/atppQwC8Iv\" rel=\"nofollow\">https:\/\/t.co\/atppQwC8Iv<\/a><\/p>\n<p>\u2014 OptaJean (@OptaJean) <a target=\"_blank\" href=\"https:\/\/twitter.com\/OptaJean\/status\/1981813623724159044?ref_src=twsrc%5Etfw\" rel=\"nofollow noopener\">October 24, 2025<\/a><\/p><\/blockquote>\n<p>Apr\u00e8s Guingamp, Montpellier, Bastia et Troyes, c\u2019est donc Boulogne-sur-Mer qui a subi la loi du Videira Time. Cinq buts qui ont permis au Mans de gratter 6 points et de pointer \u00e0 la 6e place de Ligue 2.<\/p>\n<p>Et sinon, il devient quoi Daisuke Matsui ?<\/p>\n<p>\t\t\t\t\t\t\t\t\t\t<a class=\"lien-connexe\" href=\"https:\/\/www.sofoot.com\/breves\/ligue-2-saint-etienne-rechute-a-geoffroy-guichard-face-au-mans\" rel=\"nofollow noopener\" target=\"_blank\">Saint-\u00c9tienne rechute \u00e0 Geoffroy-Guichard<\/a>\t\t\t\t\t<script async src=\"https:\/\/platform.twitter.com\/widgets.js\" charset=\"utf-8\"><\/script><\/p>\n","protected":false},"excerpt":{"rendered":"Le Bayer Leverkusen fran\u00e7ais. Lors de la 11e journ\u00e9e de Ligue 2, Le Mans a arrach\u00e9 la victoire&hellip;\n","protected":false},"author":2,"featured_media":489031,"comment_status":"","ping_status":"","sticky":false,"template":"","format":"standard","meta":{"footnotes":""},"categories":[1586],"tags":[47,11,61,69,65,64,1777,674,63,1011,27,68,66,12,62,70,25,67],"class_list":{"0":"post-489030","1":"post","2":"type-post","3":"status-publish","4":"format-standard","5":"has-post-thumbnail","7":"category-europe","8":"tag-actualite","9":"tag-actualites","10":"tag-actus-football","11":"tag-bundesliga","12":"tag-championnats-europeens","13":"tag-equipe-de-france","14":"tag-eu","15":"tag-europe","16":"tag-football","17":"tag-fr","18":"tag-france","19":"tag-ligua","20":"tag-ligue-1","21":"tag-news","22":"tag-news-foot","23":"tag-premier-league","24":"tag-republique-francaise","25":"tag-serie-a"},"share_on_mastodon":{"url":"https:\/\/pubeurope.com\/@fr\/115434817328448740","error":""},"_links":{"self":[{"href":"https:\/\/www.europesays.com\/fr\/wp-json\/wp\/v2\/posts\/489030","targetHints":{"allow":["GET"]}}],"collection":[{"href":"https:\/\/www.europesays.com\/fr\/wp-json\/wp\/v2\/posts"}],"about":[{"href":"https:\/\/www.europesays.com\/fr\/wp-json\/wp\/v2\/types\/post"}],"author":[{"embeddable":true,"href":"https:\/\/www.europesays.com\/fr\/wp-json\/wp\/v2\/users\/2"}],"replies":[{"embeddable":true,"href":"https:\/\/www.europesays.com\/fr\/wp-json\/wp\/v2\/comments?post=489030"}],"version-history":[{"count":0,"href":"https:\/\/www.europesays.com\/fr\/wp-json\/wp\/v2\/posts\/489030\/revisions"}],"wp:featuredmedia":[{"embeddable":true,"href":"https:\/\/www.europesays.com\/fr\/wp-json\/wp\/v2\/media\/489031"}],"wp:attachment":[{"href":"https:\/\/www.europesays.com\/fr\/wp-json\/wp\/v2\/media?parent=489030"}],"wp:term":[{"taxonomy":"category","embeddable":true,"href":"https:\/\/www.europesays.com\/fr\/wp-json\/wp\/v2\/categories?post=489030"},{"taxonomy":"post_tag","embeddable":true,"href":"https:\/\/www.europesays.com\/fr\/wp-json\/wp\/v2\/tags?post=489030"}],"curies":[{"name":"wp","href":"https:\/\/api.w.org\/{rel}","templated":true}]}}