{"id":489032,"date":"2025-10-25T12:31:14","date_gmt":"2025-10-25T12:31:14","guid":{"rendered":"https:\/\/www.europesays.com\/fr\/489032\/"},"modified":"2025-10-25T12:31:14","modified_gmt":"2025-10-25T12:31:14","slug":"recyclage-production-et-partenariats-le-plan-de-lue-pour-sortir-de-sa-dependance-a-la-chine-liberation","status":"publish","type":"post","link":"https:\/\/www.europesays.com\/fr\/489032\/","title":{"rendered":"recyclage, production et partenariats\u2026 Le plan de l\u2019UE pour sortir de sa d\u00e9pendance \u00e0 la Chine \u2013 Lib\u00e9ration"},"content":{"rendered":"<p class=\"sc-cPiKLX AiZTS text-element\">Dans un contexte de vives <a href=\"https:\/\/www.liberation.fr\/international\/amerique\/donald-trump-se-felicite-dun-accord-sur-les-terres-rares-entre-la-chine-et-les-etats-unis-20250611_GDUKTVZWCRA2HNETEWNN3SVAYU\/\" target=\"_blank\" rel=\"noreferrer nofollow noopener\" title=\"https:\/\/www.liberation.fr\/international\/amerique\/donald-trump-se-felicite-dun-accord-sur-les-terres-rares-entre-la-chine-et-les-etats-unis-20250611_GDUKTVZWCRA2HNETEWNN3SVAYU\/\">tensions commerciales internationales<\/a>, la Commission europ\u00e9enne \u00abtravaille \u00e0 un plan\u00bb pour sortir l\u2019industrie de l\u2019UE de sa d\u00e9pendance aux terres rares en provenance de Chine, a d\u00e9clar\u00e9 ce samedi 25 octobre sa pr\u00e9sidente Ursula von der Leyen. L\u2019ex\u00e9cutif europ\u00e9en ne compte pas rester les bras crois\u00e9s face aux r\u00e9centes <a href=\"https:\/\/www.liberation.fr\/international\/guerre-commerciale-de-donald-trump-la-chine-riposte-en-bouclant-ses-terres-rares-20250415_I7JQGUB5DVHX7FZDN453ZCBK5A\/\" target=\"_blank\" rel=\"noreferrer nofollow noopener\" title=\"https:\/\/www.liberation.fr\/international\/guerre-commerciale-de-donald-trump-la-chine-riposte-en-bouclant-ses-terres-rares-20250415_I7JQGUB5DVHX7FZDN453ZCBK5A\/\">restrictions d\u2019exportations ordonn\u00e9es par P\u00e9kin<\/a> de terres rares et mat\u00e9riaux pour batteries, essentiels pour l\u2019industrie automobile, le secteur des machines outils ou les \u00e9quipements militaires. <\/p>\n<p class=\"sc-cPiKLX AiZTS text-element\">\u00abNotre r\u00e9ponse doit \u00eatre \u00e0 la mesure des risques auxquels nous sommes confront\u00e9s dans ce domaine. C\u2019est pourquoi je peux annoncer que nous travaillons \u00e0 un nouveau plan, sur le mod\u00e8le de l\u2019initiative qui nous a aid\u00e9s \u00e0 surmonter ensemble la crise \u00e9nerg\u00e9tique apr\u00e8s que <a href=\"https:\/\/www.liberation.fr\/environnement\/climat\/reduction-de-la-consommation-denergie-les-europeens-se-preparent-a-un-hiver-sans-gaz-russe-20220720_GVJ7EBRWT5BQPJQF7JX4N5SEPE\/\" target=\"_blank\" rel=\"noreferrer nofollow noopener\" title=\"https:\/\/www.liberation.fr\/environnement\/climat\/reduction-de-la-consommation-denergie-les-europeens-se-preparent-a-un-hiver-sans-gaz-russe-20220720_GVJ7EBRWT5BQPJQF7JX4N5SEPE\/\">Poutine nous ait priv\u00e9s des \u00e9nergies fossiles russes<\/a>\u00bb, a d\u00e9clar\u00e9 ce samedi Ursula von der Leyen, lors d\u2019une conf\u00e9rence baptis\u00e9e \u00abBerlin Global Dialogue\u00bb, organis\u00e9e dans la capitale allemande. <\/p>\n<p class=\"sc-cPiKLX AiZTS text-element\">Apr\u00e8s le plan \u00abREPowerEU\u00bb &#8211; propos\u00e9 par la Commission europ\u00e9enne en mai 2022, quelques mois apr\u00e8s l\u2019invasion de l\u2019Ukraine par la Russie, avec pour objectif de <a href=\"https:\/\/www.liberation.fr\/international\/europe\/apres-trois-ans-de-guerre-en-ukraine-lue-reste-toujours-dependante-du-gaz-russe-20250521_744BTGD2RZFF3NSC6Y7VRNAVUA\/\" target=\"_blank\" rel=\"noreferrer nofollow noopener\" title=\"https:\/\/www.liberation.fr\/international\/europe\/apres-trois-ans-de-guerre-en-ukraine-lue-reste-toujours-dependante-du-gaz-russe-20250521_744BTGD2RZFF3NSC6Y7VRNAVUA\/\">se passer des \u00e9nergies fossiles russes<\/a> &#8211; l\u2019ex\u00e9cutif europ\u00e9en concocte un plan qu\u2019il a baptis\u00e9 \u00abRESourceEU\u00bb. \u00abL\u2019objectif est de garantir l\u2019acc\u00e8s de notre industrie europ\u00e9enne \u00e0 d\u2019autres sources de mati\u00e8res premi\u00e8res critiques \u00e0 court, moyen et long terme\u00bb, a dit la pr\u00e9sidente de la Commission. <\/p>\n<p class=\"sc-cPiKLX AiZTS text-element\">Tout d\u2019abord en passant par l\u2019\u00e9conomie circulaire, c\u2019est-\u00e0-dire <a href=\"https:\/\/www.liberation.fr\/environnement\/recyclage-des-terres-rares-une-jeune-chimiste-francaise-trouve-un-tresor-dans-les-lampes-a-basse-consommation-20250519_AX2OVJSOSRFFHE4UE6NX37QAFU\/\" target=\"_blank\" rel=\"noreferrer nofollow noopener\" title=\"https:\/\/www.liberation.fr\/environnement\/recyclage-des-terres-rares-une-jeune-chimiste-francaise-trouve-un-tresor-dans-les-lampes-a-basse-consommation-20250519_AX2OVJSOSRFFHE4UE6NX37QAFU\/\">en r\u00e9utilisant et recyclant les produits et les mat\u00e9riaux<\/a>, d\u00e9j\u00e0 contenus dans les produits vendus en Europe. \u00abCertaines entreprises peuvent recycler jusqu\u2019\u00e0 95 % des mati\u00e8res premi\u00e8res critiques contenues dans les batteries\u00bb, a soulign\u00e9 la responsable. <\/p>\n<p class=\"sc-cPiKLX AiZTS text-element\">L\u2019ex\u00e9cutif europ\u00e9en veut \u00e9galement, selon elle, \u00abstimuler les investissements dans des projets strat\u00e9giques pour la production et la transformation de mati\u00e8res premi\u00e8res critiques en Europe\u00bb et \u00abacc\u00e9l\u00e9rer les travaux en vue de partenariats sur les mati\u00e8res premi\u00e8res critiques avec des pays<a href=\"https:\/\/www.liberation.fr\/international\/europe\/volodymyr-zelensky-invite-les-etats-unis-a-investir-dans-les-terres-rares-ukrainiennes-20250204_P4YD32TVDFFPJP36WLG6AQBIUE\/\" target=\"_blank\" rel=\"noreferrer nofollow noopener\" title=\"https:\/\/www.liberation.fr\/international\/europe\/volodymyr-zelensky-invite-les-etats-unis-a-investir-dans-les-terres-rares-ukrainiennes-20250204_P4YD32TVDFFPJP36WLG6AQBIUE\/\"> comme l\u2019Ukraine<\/a> et l\u2019Australie, le Canada, le Kazakhstan, l\u2019Ouzb\u00e9kistan, le Chili ou le Groenland\u00bb. En clair, diversifier ses sources d\u2019approvisionnement sur toute la surface du globe. <\/p>\n<p class=\"sc-cPiKLX AiZTS text-element\">\u00abL\u2019Europe ne peut plus faire les choses de la m\u00eame mani\u00e8re. Nous avons appris cette douloureuse le\u00e7on avec l\u2019\u00e9nergie, nous n\u2019allons pas la r\u00e9p\u00e9ter avec les mati\u00e8res critiques\u00bb, a martel\u00e9 l\u2019ancienne ministre de la D\u00e9fense allemande. <\/p>\n<p class=\"sc-cPiKLX AiZTS text-element\">La Commission a \u00abd\u00e9j\u00e0 essay\u00e9 ces derniers jours de trouver des solutions avec les repr\u00e9sentants chinois \u00e0 Bruxelles et travaille avec ses partenaires du G7 \u00e0 une r\u00e9action coordonn\u00e9e\u00bb, a par ailleurs rappel\u00e9 Ursula von der Leyen. <\/p>\n","protected":false},"excerpt":{"rendered":"Dans un contexte de vives tensions commerciales internationales, la Commission europ\u00e9enne \u00abtravaille \u00e0 un plan\u00bb pour sortir l\u2019industrie&hellip;\n","protected":false},"author":2,"featured_media":489033,"comment_status":"","ping_status":"","sticky":false,"template":"","format":"standard","meta":{"footnotes":""},"categories":[1586],"tags":[11,309,1777,674,1779,1011,27,10805,12,25,1778,364,2544],"class_list":{"0":"post-489032","1":"post","2":"type-post","3":"status-publish","4":"format-standard","5":"has-post-thumbnail","7":"category-europe","8":"tag-actualites","9":"tag-chine","10":"tag-eu","11":"tag-europe","12":"tag-european-union","13":"tag-fr","14":"tag-france","15":"tag-industries","16":"tag-news","17":"tag-republique-francaise","18":"tag-ue","19":"tag-union-europeenne","20":"tag-ursula-von-der-leyen"},"share_on_mastodon":{"url":"https:\/\/pubeurope.com\/@fr\/115434821031776722","error":""},"_links":{"self":[{"href":"https:\/\/www.europesays.com\/fr\/wp-json\/wp\/v2\/posts\/489032","targetHints":{"allow":["GET"]}}],"collection":[{"href":"https:\/\/www.europesays.com\/fr\/wp-json\/wp\/v2\/posts"}],"about":[{"href":"https:\/\/www.europesays.com\/fr\/wp-json\/wp\/v2\/types\/post"}],"author":[{"embeddable":true,"href":"https:\/\/www.europesays.com\/fr\/wp-json\/wp\/v2\/users\/2"}],"replies":[{"embeddable":true,"href":"https:\/\/www.europesays.com\/fr\/wp-json\/wp\/v2\/comments?post=489032"}],"version-history":[{"count":0,"href":"https:\/\/www.europesays.com\/fr\/wp-json\/wp\/v2\/posts\/489032\/revisions"}],"wp:featuredmedia":[{"embeddable":true,"href":"https:\/\/www.europesays.com\/fr\/wp-json\/wp\/v2\/media\/489033"}],"wp:attachment":[{"href":"https:\/\/www.europesays.com\/fr\/wp-json\/wp\/v2\/media?parent=489032"}],"wp:term":[{"taxonomy":"category","embeddable":true,"href":"https:\/\/www.europesays.com\/fr\/wp-json\/wp\/v2\/categories?post=489032"},{"taxonomy":"post_tag","embeddable":true,"href":"https:\/\/www.europesays.com\/fr\/wp-json\/wp\/v2\/tags?post=489032"}],"curies":[{"name":"wp","href":"https:\/\/api.w.org\/{rel}","templated":true}]}}