{"id":489034,"date":"2025-10-25T12:32:14","date_gmt":"2025-10-25T12:32:14","guid":{"rendered":"https:\/\/www.europesays.com\/fr\/489034\/"},"modified":"2025-10-25T12:32:14","modified_gmt":"2025-10-25T12:32:14","slug":"lassassin-de-la-pharmacienne-tuee-dans-le-gard-etait-lex-petit-ami-dune-de-ses-filles","status":"publish","type":"post","link":"https:\/\/www.europesays.com\/fr\/489034\/","title":{"rendered":"L\u2019assassin de la pharmacienne tu\u00e9e dans le Gard \u00e9tait l\u2019ex-petit ami d\u2019une de ses filles"},"content":{"rendered":"<p>\n    Arr\u00eat\u00e9 mercredi dans les Landes, le jeune homme de 26 ans a \u00e9t\u00e9 mis en examen pour assassinat, un mois et demi apr\u00e8s la d\u00e9couverte du corps d\u2019Estelle M\u00e9jean \u00e0 Connaux, dans le Gard.<\/p>\n<p class=\"fig-paragraph\">L\u2019information vient mettre fin \u00e0 plusieurs semaines\u00a0<a href=\"http:\/\/www.lefigaro.fr\/faits-divers\/le-meurtre-au-couteau-d-une-pharmacienne-plonge-un-petit-village-du-gard-dans-l-inquietude-20250915\" data-fig-type=\"Article\" data-gtm-custom-categorie=\"navigation\" data-gtm-custom-action=\"crossclick\" data-gtm-custom-label=\"Contextuel\" data-gtm-event=\"customEventSPE\" data-fig-domain=\"LEFIGARO\" target=\"_blank\" rel=\"noopener\">d\u2019angoisse dans le Gard<\/a>. Le 11 septembre dernier,\u00a0<a href=\"http:\/\/www.lefigaro.fr\/faits-divers\/gard-qui-est-estelle-mejean-cette-pharmacienne-passionnee-et-discrete-tragiquement-poignarde-dans-son-jardin-20250916\" data-fig-type=\"Article\" data-gtm-custom-categorie=\"navigation\" data-gtm-custom-action=\"crossclick\" data-gtm-custom-label=\"Contextuel\" data-gtm-event=\"customEventSPE\" data-fig-domain=\"LEFIGARO\" target=\"_blank\" rel=\"noopener\">Estelle M\u00e9jean<\/a>, pharmacienne \u00e0 Tresques, \u00e9tait retrouv\u00e9e gisant dans son jardin par son mari, le corps cribl\u00e9 de coups de couteau. Quelques heures plus tard, les gendarmes confirmaient la piste d\u2019un\u00a0<a href=\"https:\/\/www.lefigaro.fr\/tag\/homicide?msockid=0891325508ba61e90d202409091460ed\" target=\"_blank\" rel=\"sponsored noopener\" data-gtm-custom-categorie=\"navigation\" data-gtm-custom-action=\"crossclick\" data-gtm-custom-label=\"Contextuel\" data-gtm-event=\"customEventSPE\">homicide\u00a0<\/a>d\u2019une rare brutalit\u00e9.<\/p>\n<p class=\"fig-paragraph\">Apr\u00e8s plus d\u2019un mois d\u2019enqu\u00eate men\u00e9e par la section de recherche et le groupement de gendarmerie du Gard, \u00ab un homme de 26 ans a \u00e9t\u00e9 interpell\u00e9 puis plac\u00e9 en garde \u00e0 vue\u00a0\u00bb ce mercredi 22 octobre, assure le Parquet de\u00a0<a href=\"https:\/\/www.bing.com\/search?q=nimes+le+figaro&amp;cvid=7983a3b20baa46a096c255fd8071edf7&amp;gs_lcrp=EgRlZGdlKgYIABBFGDkyBggAEEUYOTIICAEQ6QcY_FXSAQgyMTU3ajBqNKgCCLACAQ&amp;FORM=ANAB01&amp;PC=U531\" target=\"_blank\" rel=\"sponsored noopener\" data-gtm-custom-categorie=\"navigation\" data-gtm-custom-action=\"crossclick\" data-gtm-custom-label=\"Contextuel\" data-gtm-event=\"customEventSPE\">N\u00eemes<\/a>.<\/p>\n<p>                                    <a class=\"fig-a11y-skip a11y-hidden\" href=\"#fig-a11y-skip-main-inarticle\"><br \/>\n        Passer la publicit\u00e9<br \/>\n    <\/a><\/p>\n<p class=\"fig-paragraph\">L\u2019enqu\u00eate r\u00e9v\u00e8le qu\u2019il s\u2019agit de \u00ab l\u2019ancien petit ami de l\u2019une des filles de la d\u00e9funte\u00a0\u00bb. Vivant et travaillant dans les\u00a0<a href=\"https:\/\/www.lefigaro.fr\/tag\/landes?msockid=0891325508ba61e90d202409091460ed\" target=\"_blank\" rel=\"sponsored noopener\" data-gtm-custom-categorie=\"navigation\" data-gtm-custom-action=\"crossclick\" data-gtm-custom-label=\"Contextuel\" data-gtm-event=\"customEventSPE\">Landes<\/a>, il a pu \u00eatre localis\u00e9 gr\u00e2ce \u00e0 d\u2019habiles recoupements techniques. Devant les enqu\u00eateurs, ses d\u00e9clarations, jug\u00e9es \u00ab partiellement concordantes\u00a0\u00bb, ont conduit \u00e0 sa mise en examen pour assassinat, la pr\u00e9m\u00e9ditation ayant \u00e9t\u00e9 retenue par le magistrat instructeur. \u00ab Il a \u00e9t\u00e9 plac\u00e9 sous mandat de d\u00e9p\u00f4t\u00a0\u00bb, poursuit le Parquet.<\/p>\n<p class=\"fig-paragraph\">Le mobile pr\u00e9sum\u00e9 r\u00e9siderait dans une s\u00e9paration r\u00e9cente, que le jeune homme aurait mal v\u00e9cue. La piste d\u2019un passage \u00e0 l\u2019acte relevant du registre intime se confirme, \u00e0 rebours des craintes diffuses d\u2019un\u00a0<a href=\"https:\/\/www.lefigaro.fr\/tag\/crime?msockid=0891325508ba61e90d202409091460ed\" target=\"_blank\" rel=\"sponsored noopener\" data-gtm-custom-categorie=\"navigation\" data-gtm-custom-action=\"crossclick\" data-gtm-custom-label=\"Contextuel\" data-gtm-event=\"customEventSPE\">crime\u00a0<\/a>gratuit qui avaient saisi la population \u00e0 la mi-septembre.<\/p>\n<p>Un crime au c\u0153ur du lien familial<\/p>\n<p class=\"fig-paragraph\">La victime, pharmacienne de 49 ans, incarnait la figure d\u2019une commer\u00e7ante d\u00e9vou\u00e9e et estim\u00e9e. Autour de sa disparition, l\u2019\u00e9motion s\u2019\u00e9tait mu\u00e9e en trouble collectif dans ce village de 2000 \u00e2mes o\u00f9 chacun la connaissait. \u00abC\u2019\u00e9tait une personne tr\u00e8s serviable, qui se coupait en quatre pour ses clients\u00bb, confiait une habitante jointe par Le Figaro. Pendant la\u00a0<a href=\"https:\/\/www.lefigaro.fr\/societes\/privees-de-la-manne-du-covid-les-pharmacies-accusent-le-coup-20231106?msockid=0891325508ba61e90d202409091460ed\" target=\"_blank\" data-fig-type=\"Article\" rel=\"noopener\" data-gtm-custom-categorie=\"navigation\" data-gtm-custom-action=\"crossclick\" data-gtm-custom-label=\"Contextuel\" data-gtm-event=\"customEventSPE\" data-fig-domain=\"LEFIGARO\">pand\u00e9mie<\/a>, elle allait elle-m\u00eame livrer les traitements \u00e0 domicile. \u00abC\u2019est une brave femme, une dame tr\u00e8s gentille. Elle n\u2019avait jamais fait de mal \u00e0 personne\u00bb, r\u00e9sume un autre habitant du voisinage, \u00e9voquant la mani\u00e8re dont la pharmacienne veillait toujours \u00e0 d\u00e9panner les patients.<\/p>\n<p class=\"fig-paragraph\">Cette d\u00e9votion est dans les g\u00e8nes des M\u00e9jean-Paoli. \u00abCet \u00e9t\u00e9, c\u2019est sa fille a\u00een\u00e9e qui m\u2019a servie au comptoir. Elle est en \u00e9tudes de pharmacie\u00bb, indique une patiente r\u00e9guli\u00e8re. M\u00e8re de quatre enfants, Estelle vivait entour\u00e9e d\u2019une famille \u00abtr\u00e8s soud\u00e9e, toujours pr\u00e9sente dans les animations locales\u00bb. \u00ab On les voyait ensemble aux f\u00eates des \u00e9coles. C\u2019\u00e9tait une famille pos\u00e9e, s\u00e9rieuse, mais toujours avenante.\u00bb Le mari, \u00e9galement pharmacien, partageait chaque journ\u00e9e de travail \u00e0 ses c\u00f4t\u00e9s. Interpell\u00e9 puis plac\u00e9 en garde \u00e0 vue dans la foul\u00e9e des faits, il avait rapidement \u00e9t\u00e9 remis en libert\u00e9.<\/p>\n<p class=\"fig-paragraph\">Reste d\u00e9sormais \u00e0 comprendre ce qui, dans cette rupture intime, a pu conduire un jeune homme \u00e0 s\u2019en prendre \u00e0 la m\u00e8re de son ex-compagne.<\/p>\n","protected":false},"excerpt":{"rendered":"Arr\u00eat\u00e9 mercredi dans les Landes, le jeune homme de 26 ans a \u00e9t\u00e9 mis en examen pour assassinat,&hellip;\n","protected":false},"author":2,"featured_media":489035,"comment_status":"","ping_status":"","sticky":false,"template":"","format":"standard","meta":{"footnotes":""},"categories":[2],"tags":[11,6744,1011,27,2679,2683,12,25],"class_list":{"0":"post-489034","1":"post","2":"type-post","3":"status-publish","4":"format-standard","5":"has-post-thumbnail","7":"category-actualites","8":"tag-actualites","9":"tag-assassinat","10":"tag-fr","11":"tag-france","12":"tag-gard","13":"tag-homicide","14":"tag-news","15":"tag-republique-francaise"},"share_on_mastodon":{"url":"https:\/\/pubeurope.com\/@fr\/115434824984751925","error":""},"_links":{"self":[{"href":"https:\/\/www.europesays.com\/fr\/wp-json\/wp\/v2\/posts\/489034","targetHints":{"allow":["GET"]}}],"collection":[{"href":"https:\/\/www.europesays.com\/fr\/wp-json\/wp\/v2\/posts"}],"about":[{"href":"https:\/\/www.europesays.com\/fr\/wp-json\/wp\/v2\/types\/post"}],"author":[{"embeddable":true,"href":"https:\/\/www.europesays.com\/fr\/wp-json\/wp\/v2\/users\/2"}],"replies":[{"embeddable":true,"href":"https:\/\/www.europesays.com\/fr\/wp-json\/wp\/v2\/comments?post=489034"}],"version-history":[{"count":0,"href":"https:\/\/www.europesays.com\/fr\/wp-json\/wp\/v2\/posts\/489034\/revisions"}],"wp:featuredmedia":[{"embeddable":true,"href":"https:\/\/www.europesays.com\/fr\/wp-json\/wp\/v2\/media\/489035"}],"wp:attachment":[{"href":"https:\/\/www.europesays.com\/fr\/wp-json\/wp\/v2\/media?parent=489034"}],"wp:term":[{"taxonomy":"category","embeddable":true,"href":"https:\/\/www.europesays.com\/fr\/wp-json\/wp\/v2\/categories?post=489034"},{"taxonomy":"post_tag","embeddable":true,"href":"https:\/\/www.europesays.com\/fr\/wp-json\/wp\/v2\/tags?post=489034"}],"curies":[{"name":"wp","href":"https:\/\/api.w.org\/{rel}","templated":true}]}}