{"id":489037,"date":"2025-10-25T12:34:23","date_gmt":"2025-10-25T12:34:23","guid":{"rendered":"https:\/\/www.europesays.com\/fr\/489037\/"},"modified":"2025-10-25T12:34:23","modified_gmt":"2025-10-25T12:34:23","slug":"le-bloc-presidentiel-et-le-rn-rejettent-la-taxe-zucman-defendue-par-la-gauche","status":"publish","type":"post","link":"https:\/\/www.europesays.com\/fr\/489037\/","title":{"rendered":"le bloc pr\u00e9sidentiel et le RN rejettent la taxe Zucman d\u00e9fendue par la gauche"},"content":{"rendered":"<p style=\"text-align:justify;\">AA \/ Paris \/ \u00dcmit D\u00f6nmez<\/p>\n<p style=\"text-align:justify;\">Les d\u00e9bats budg\u00e9taires \u00e0 l\u2019Assembl\u00e9e nationale se sont envenim\u00e9s, ce samedi, autour de la taxe Zucman, mesure phare propos\u00e9e par la gauche pour instaurer une fiscalit\u00e9 accrue sur les tr\u00e8s grandes fortunes. Alors que les d\u00e9put\u00e9s examinent la partie \u201crecettes\u201d du budget 2026, la proposition se heurte \u00e0 un refus net du bloc pr\u00e9sidentiel comme du Rassemblement national.<\/p>\n<p style=\"text-align:justify;\">En d\u00e9placement samedi dans les Vosges, \u00e0 la foire de Poussay, Marine Le Pen a d\u00e9clar\u00e9 que les d\u00e9put\u00e9s de son parti ne soutiendraient pas la taxe telle qu\u2019elle est d\u00e9fendue par la gauche. \u00ab Nous ne la soutiendrons que si elle correspond exactement \u00e0 l\u2019imp\u00f4t sur la fortune financi\u00e8re que nous avons propos\u00e9, c\u2019est-\u00e0-dire en retirant la r\u00e9sidence principale ou la r\u00e9sidence unique de cet imp\u00f4t \u00bb, a-t-elle expliqu\u00e9. \u00ab Si le texte est r\u00e9dig\u00e9 tel que la gauche veut le r\u00e9diger, on ne le soutiendra pas \u00bb, a-t-elle ajout\u00e9.<\/p>\n<p style=\"text-align:justify;\">Inspir\u00e9e des travaux de l\u2019\u00e9conomiste Gabriel Zucman, la version initiale du dispositif vise \u00e0 instaurer un imp\u00f4t minimum de 2 % sur les patrimoines sup\u00e9rieurs \u00e0 100 millions d\u2019euros. Mais l\u2019amendement actuellement examin\u00e9 dans l\u2019h\u00e9micycle, soutenu le PS, propose une version dite \u00ab taxe Zucman light \u00bb : un taux port\u00e9 \u00e0 3 % appliqu\u00e9 aux patrimoines d\u00e8s 10 millions d\u2019euros, tout en excluant les entreprises familiales et innovantes afin de ne pas d\u00e9courager l\u2019investissement productif.<\/p>\n<p style=\"text-align:justify;\">Sur France Inter, Gabriel Zucman s\u2019est montr\u00e9 r\u00e9serv\u00e9 face \u00e0 cette adaptation. \u00ab D\u00e8s qu\u2019on introduit des exon\u00e9rations, on relance la machine \u00e0 optimisation \u00bb, a-t-il averti, craignant que ce compromis ne reproduise les limites de l\u2019ancien imp\u00f4t de solidarit\u00e9 sur la fortune (ISF), dont les exemptions avaient permis \u00e0 certains contribuables fortun\u00e9s d\u2019y \u00e9chapper.<\/p>\n<p style=\"text-align:justify;\">Le gouvernement et ses alli\u00e9s du Modem ont \u00e9galement fait conna\u00eetre leur opposition \u00e0 la taxe Zucman. Le d\u00e9put\u00e9 centriste Bruno Fuchs a estim\u00e9 que \u00ab la taxe Zucman ne passera pas \u00bb, jugeant qu\u2019elle \u00ab n\u2019est pas adapt\u00e9e \u00bb et qu\u2019elle \u00ab enverrait un mauvais signal aux investisseurs \u00bb.<\/p>\n<p style=\"text-align:justify;\">Cette convergence de refus entre le camp pr\u00e9sidentiel et le RN complique les n\u00e9gociations budg\u00e9taires. \u00c0 gauche, le Parti socialiste et ses alli\u00e9s conditionnent leur soutien au budget \u00e0 l\u2019adoption de mesures renfor\u00e7ant la justice fiscale. Le Premier ministre S\u00e9bastien Lecornu, lui, a reconnu un budget \u00ab imparfait \u00bb, mais a exhort\u00e9 les d\u00e9put\u00e9s \u00e0 \u00ab ne pas compromettre l\u2019avenir du pays \u00bb.<\/p>\n<p style=\"text-align:justify;\">Pour rappel, la Banque de France alerte sur un risque \u00ab d\u2019\u00e9touffement progressif \u00bb li\u00e9 \u00e0 la d\u00e9rive de la dette publique.<\/p>\n<p style=\"text-align:justify;\">\u00c0 fin juin 2025, la dette publique de la France s\u2019\u00e9l\u00e8ve \u00e0 environ 3 416 milliards d\u2019euros, soit pr\u00e8s de 115,6 % du PIB. Le d\u00e9ficit public pour 2025 est estim\u00e9 \u00e0 5,4 % du PIB, selon les pr\u00e9visions gouvernementales. Pour 2026, l\u2019ex\u00e9cutif vise un d\u00e9ficit ramen\u00e9 \u00e0 4,7 % du PIB, dans le cadre d\u2019un effort d\u2019\u00e9conomies \u00e9valu\u00e9 \u00e0 pr\u00e8s de 40 milliards d\u2019euros.<\/p>\n<p>                            &#13;<br \/>\n                                <a href=\"https:\/\/www.aa.com.tr\/fr\/p\/abonnement\/1001\" target=\"_blank\" style=\"font-size:12px; color:#444; text-decoration:none;\" rel=\"noopener\">&#13;<br \/>\n                                    Seulement une partie des d\u00e9p\u00eaches, que l&rsquo;Agence Anadolu diffuse \u00e0 ses abonn\u00e9s via le Syst\u00e8me de Diffusion interne (HAS), est diffus\u00e9e sur le site de l&rsquo;AA, de mani\u00e8re r\u00e9sum\u00e9e. <b style=\"color:#1897F7\">Contactez-nous s&rsquo;il vous pla\u00eet pour vous abonner.<\/b>&#13;<br \/>\n                                <\/a>&#13;<\/p>\n","protected":false},"excerpt":{"rendered":"AA \/ Paris \/ \u00dcmit D\u00f6nmez Les d\u00e9bats budg\u00e9taires \u00e0 l\u2019Assembl\u00e9e nationale se sont envenim\u00e9s, ce samedi, autour&hellip;\n","protected":false},"author":2,"featured_media":489038,"comment_status":"","ping_status":"","sticky":false,"template":"","format":"standard","meta":{"footnotes":""},"categories":[4],"tags":[11,1785,61200,18352,1011,27,12,2556,25,52897],"class_list":{"0":"post-489037","1":"post","2":"type-post","3":"status-publish","4":"format-standard","5":"has-post-thumbnail","7":"category-france","8":"tag-actualites","9":"tag-anadolu-ajansi","10":"tag-bloc-prsidentiel","11":"tag-budget-2026","12":"tag-fr","13":"tag-france","14":"tag-news","15":"tag-rassemblement-national-rn","16":"tag-republique-francaise","17":"tag-taxe-zucman"},"share_on_mastodon":{"url":"https:\/\/pubeurope.com\/@fr\/115434832860941131","error":""},"_links":{"self":[{"href":"https:\/\/www.europesays.com\/fr\/wp-json\/wp\/v2\/posts\/489037","targetHints":{"allow":["GET"]}}],"collection":[{"href":"https:\/\/www.europesays.com\/fr\/wp-json\/wp\/v2\/posts"}],"about":[{"href":"https:\/\/www.europesays.com\/fr\/wp-json\/wp\/v2\/types\/post"}],"author":[{"embeddable":true,"href":"https:\/\/www.europesays.com\/fr\/wp-json\/wp\/v2\/users\/2"}],"replies":[{"embeddable":true,"href":"https:\/\/www.europesays.com\/fr\/wp-json\/wp\/v2\/comments?post=489037"}],"version-history":[{"count":0,"href":"https:\/\/www.europesays.com\/fr\/wp-json\/wp\/v2\/posts\/489037\/revisions"}],"wp:featuredmedia":[{"embeddable":true,"href":"https:\/\/www.europesays.com\/fr\/wp-json\/wp\/v2\/media\/489038"}],"wp:attachment":[{"href":"https:\/\/www.europesays.com\/fr\/wp-json\/wp\/v2\/media?parent=489037"}],"wp:term":[{"taxonomy":"category","embeddable":true,"href":"https:\/\/www.europesays.com\/fr\/wp-json\/wp\/v2\/categories?post=489037"},{"taxonomy":"post_tag","embeddable":true,"href":"https:\/\/www.europesays.com\/fr\/wp-json\/wp\/v2\/tags?post=489037"}],"curies":[{"name":"wp","href":"https:\/\/api.w.org\/{rel}","templated":true}]}}