{"id":489039,"date":"2025-10-25T12:35:12","date_gmt":"2025-10-25T12:35:12","guid":{"rendered":"https:\/\/www.europesays.com\/fr\/489039\/"},"modified":"2025-10-25T12:35:12","modified_gmt":"2025-10-25T12:35:12","slug":"tom-vaillant-coince-mikael-lindberg-et-nacho-elvira-en-tete-du-genesis-championship-lequipe","status":"publish","type":"post","link":"https:\/\/www.europesays.com\/fr\/489039\/","title":{"rendered":"Tom Vaillant coince, Mikael Lindberg et Nacho Elvira en t\u00eate du Genesis Championship &#8211; L&#039;\u00c9quipe"},"content":{"rendered":"<ol>\n<li><a href=\"https:\/\/news.google.com\/rss\/articles\/CBMiygFBVV95cUxPRnJHSTRkQV9GS0d6eU1udWlBanA5VlVNbkVKMUNqNWFNdlR6NE9MUjZ5Zlp2ckV2cG1SUDVab1R4OHRYM285NENYWkxzd0F1dUtzODVUWmd1cDdGR2dmRW5mbW83VUg3UkVsTjZNM2pFM3ZSSTlHSTVoQnBqU1RYMjZyYTBJNEJ1T2Qta3FLSG5Lal9rdXNNNm0zOXdMX3czYU0zSVRIS3pzUUg4Q2NtN3kxdEh0OE9iTkJkQjRXdkh0ZF8yOEdNaGRR?oc=5\" target=\"_blank\" rel=\"nofollow noopener\">Tom Vaillant coince, Mikael Lindberg et Nacho Elvira en t\u00eate du Genesis Championship<\/a>&nbsp;&nbsp;L&rsquo;\u00c9quipe<\/li>\n<li><a href=\"https:\/\/news.google.com\/rss\/articles\/CBMiigJBVV95cUxOX2JPME5UeDhpbTliOVFhVHh4NkRlcGVnWUk2YVBxR1dLMVd6bDdTeldWeC1CcWVCX2s2YnIyMlh3QmhEZUNYdTVFNjFmeUJ0cGNvX0xfVWZDbXBqSk45TTRTRWt0TnFMMUdVTzF0TWxPV0pmUkUzeWRWek5vVHlGVGI4R3ZmVVk1YTM5QXUzdk1palRDTF8tekpKSDF1YzVVMzJGQ2JQcGU4QWYwdWJkc1o1WXdla2kxazdlTmZ2Z2pqOWtvdWo4SG0tZkJPVTF2ZWp4T3B3a0otREVOVmptTU1jUWdnMW1fdkRMVm9GYTR3SXBwNWV0YnUySzR3SWVudGhIZ1h2bGJEQQ?oc=5\" target=\"_blank\" rel=\"nofollow noopener\">Golf. DPW Tour &#8211; Genesis Championship : Elvira et Linberg s\u2019\u00e9chappent et Tom Vaillant s\u2019\u00e9croule<\/a>&nbsp;&nbsp;Ouest-France<\/li>\n<li><a href=\"https:\/\/news.google.com\/rss\/articles\/CBMihAFBVV95cUxPdmszVmJnbVpLcU8yZ1BUYXlpdWZ4dEhab2JMa3ZHbWkzc2RBMDIxWlpHdF9VTlRDcUZpbEhIbXBKSGo1VTVZZ1hZQXhEUnpMUVI5MXdlWWkyc1R5SlY0X21BN0xRYTVoX1hza25FRVkweS1PN2QxOTVwRk9JWncyMklHQ2k?oc=5\" target=\"_blank\" rel=\"nofollow noopener\">Tom Vaillant : \u00ab Aucun stress dans mon jeu ! \u00bb<\/a>&nbsp;&nbsp;Golf Plan\u00e8te<\/li>\n<li><a href=\"https:\/\/news.google.com\/rss\/articles\/CBMitAFBVV95cUxOdG9FTGFPcW5kaVNLUmJxTnNCQVdPTjFGZVhGSXlITHh6SkVXNXJ0RTVReUNvTzRud3lVaWcwMGJRaUJkNkRJRng3Tnd6UHBEOGVMT0QzZnBiWlNLMHVXMlJlYm1Kd1ZiV0xpTUlsdTBkNUtySTdJdkFaNDY0bXkyT2o2bk5HNFhYTk9idHZVbmdUMWV6QlpyMldQMTJZc1NldndrcTRsTjA4dUNVYk5KM2FMTUQ?oc=5\" target=\"_blank\" rel=\"nofollow noopener\">Genesis Championship : Tom Vaillant bouscule les co-leaders<\/a>&nbsp;&nbsp;F\u00e9d\u00e9ration Fran\u00e7aise de Golf<\/li>\n<li><a href=\"https:\/\/news.google.com\/rss\/articles\/CBMi9gFBVV95cUxQN2tVREVxSFk4T3R2VHBLQTJzMXVBV05zd2Nkal91a0phN3dJaG5SaWZ1X01xQmdpRWN1TkNxZmNLZTZ6U1dnbWM5ZEw1aGF0MUV1b3ZRdUJFQjhIYzZvMFZMaFFXUHltVGpESHhTVDVEVHg4d0hTRUM0TzBRYjJNM2p5OXVzWkM3MEFWZHBxbDRpMkcyeHpBQ1A1NERUa3N0NDZobXF0dHREUWI4VE1md1ZocnVjZEFWVmxoSS1NTUw5TjZZYndLRjdody01UDIzdVdDUXdkWmItNmFzSEhRUHJnVWt0NG5yVXRjTjJZZGY2Q09QeVE?oc=5\" target=\"_blank\" rel=\"nofollow noopener\">DP World Tour &#8211; Thomas Detry recule en 22e position apr\u00e8s le 2e tour en Cor\u00e9e du Sud<\/a>&nbsp;&nbsp;La Libre.be<\/li>\n<\/ol>\n","protected":false},"excerpt":{"rendered":"Tom Vaillant coince, Mikael Lindberg et Nacho Elvira en t\u00eate du Genesis Championship&nbsp;&nbsp;L&rsquo;\u00c9quipe Golf. DPW Tour &#8211; Genesis&hellip;\n","protected":false},"author":2,"featured_media":489040,"comment_status":"","ping_status":"","sticky":false,"template":"","format":"standard","meta":{"footnotes":""},"categories":[1418],"tags":[1011,27,1472,60],"class_list":{"0":"post-489039","1":"post","2":"type-post","3":"status-publish","4":"format-standard","5":"has-post-thumbnail","7":"category-golf","8":"tag-fr","9":"tag-france","10":"tag-golf","11":"tag-sports"},"share_on_mastodon":{"url":"https:\/\/pubeurope.com\/@fr\/115434836629161419","error":""},"_links":{"self":[{"href":"https:\/\/www.europesays.com\/fr\/wp-json\/wp\/v2\/posts\/489039","targetHints":{"allow":["GET"]}}],"collection":[{"href":"https:\/\/www.europesays.com\/fr\/wp-json\/wp\/v2\/posts"}],"about":[{"href":"https:\/\/www.europesays.com\/fr\/wp-json\/wp\/v2\/types\/post"}],"author":[{"embeddable":true,"href":"https:\/\/www.europesays.com\/fr\/wp-json\/wp\/v2\/users\/2"}],"replies":[{"embeddable":true,"href":"https:\/\/www.europesays.com\/fr\/wp-json\/wp\/v2\/comments?post=489039"}],"version-history":[{"count":0,"href":"https:\/\/www.europesays.com\/fr\/wp-json\/wp\/v2\/posts\/489039\/revisions"}],"wp:featuredmedia":[{"embeddable":true,"href":"https:\/\/www.europesays.com\/fr\/wp-json\/wp\/v2\/media\/489040"}],"wp:attachment":[{"href":"https:\/\/www.europesays.com\/fr\/wp-json\/wp\/v2\/media?parent=489039"}],"wp:term":[{"taxonomy":"category","embeddable":true,"href":"https:\/\/www.europesays.com\/fr\/wp-json\/wp\/v2\/categories?post=489039"},{"taxonomy":"post_tag","embeddable":true,"href":"https:\/\/www.europesays.com\/fr\/wp-json\/wp\/v2\/tags?post=489039"}],"curies":[{"name":"wp","href":"https:\/\/api.w.org\/{rel}","templated":true}]}}