{"id":489049,"date":"2025-10-25T12:46:16","date_gmt":"2025-10-25T12:46:16","guid":{"rendered":"https:\/\/www.europesays.com\/fr\/489049\/"},"modified":"2025-10-25T12:46:16","modified_gmt":"2025-10-25T12:46:16","slug":"cetait-une-periode-ou-jetais-malade-jean-louis-aubert-se-confie-comme-rarement-au-papotin","status":"publish","type":"post","link":"https:\/\/www.europesays.com\/fr\/489049\/","title":{"rendered":"\u00ab\u00a0C\u2019\u00e9tait une p\u00e9riode o\u00f9 j\u2019\u00e9tais malade \u00bb\u00a0: Jean-Louis Aubert se confie comme rarement au \u00ab\u00a0Papotin\u00a0\u00bb"},"content":{"rendered":"<p class=\"paragraph text_align_left lp-f-body-02\">\u00ab Ici, on peut tout dire \u00bb : c\u2019est la devise des \u00ab Rencontres du Papotin \u00bb, \u00e9mission vraiment pas comme les autres, o\u00f9 des personnalit\u00e9s sont interview\u00e9es par des journalistes porteurs d\u2019un trouble du spectre autistique. Ce samedi soir apr\u00e8s le 20 heures de France 2 &#8211; et d\u00e9j\u00e0 sur la plateforme <a href=\"https:\/\/www.leparisien.fr\/culture-loisirs\/france-tv\/\" target=\"_blank\" rel=\"noreferrer nofollow noopener\">france.tv <\/a>&#8211; c\u2019est <a href=\"https:\/\/www.leparisien.fr\/culture-loisirs\/musique\/jean-louis-aubert-nous-ouvre-les-portes-de-son-moulin-dans-leure-et-loir-ce-lieu-magique-et-inspirant-20-09-2024-TA7HXWIKV5GNZEGCVGJSGBH2YU.php\" target=\"_blank\" rel=\"noreferrer nofollow noopener\">Jean-Louis Aubert <\/a>qui se retrouve face aux eux, pr\u00eat \u00e0 r\u00e9pondre \u00e0 toutes les questions, des plus insolites aux plus intimes. \u00ab J\u2019\u00e9tais tr\u00e8s ami avec <a href=\"https:\/\/www.leparisien.fr\/culture-loisirs\/musique\/la-chanteuse-barbara-l-aigle-noir-et-l-inceste-10-01-2021-8418192.php\" target=\"_blank\" rel=\"noreferrer nofollow noopener\">la chanteuse Barbara<\/a>. Elle m\u2019a beaucoup parl\u00e9 du Papotin. (Elle a soutenu le journal du m\u00eame nom qui a inspir\u00e9 le programme). Je vous ai dans le coeur depuis 30 ans \u00bb<\/p>\n<p class=\"paragraph text_align_left lp-f-body-02\">\u00ab Vous avez particip\u00e9 aux JO ? \u00bb. \u00ab Qu\u2019est-ce qui te fait rire ? \u00bb \u00ab Avez-vous quelque chose dans vos poches ? \u00bb \u00ab Est-ce que vous avez d\u00e9j\u00e0 rencontr\u00e9 <a href=\"https:\/\/www.leparisien.fr\/culture-loisirs\/musique\/telephone-les-insus-la-cocaine-son-album-louis-bertignac-se-confie-11-06-2023-RUN653JSZNBE3ECHM35V3I4ZMQ.php\" target=\"_blank\" rel=\"noreferrer nofollow noopener\">Louis Bertignac<\/a> dans un parc animalier ? Parce que moi, oui \u00bb. Jean-Louis Aubert ne semble jamais d\u00e9sar\u00e7onn\u00e9 par les questions, r\u00e9pond dans un sourire, toujours sinc\u00e8rement.<\/p>\n<p class=\"paragraph text_align_left lp-f-body-02\">\u00ab Tes parents te trouvaient-ils chiants \u00bb, lui demande-t-on. \u00ab Un petit peu oui. Ils \u00e9taient tr\u00e8s soucieux de moi et moi j\u2019\u00e9tais tr\u00e8s dissip\u00e9. \u00c0 l\u2019\u00e9cole, j\u2019\u00e9tais tr\u00e8s agit\u00e9. J\u2019ai fait de la musique tr\u00e8s t\u00f4t. Je voulais \u00eatre libre. \u00bb Au grand d\u00e9sespoir de son papa. \u00ab Votre p\u00e8re vous a-t-il amen\u00e9 chez un psy pour que vous ne soyez pas musicien \u00bb, l\u2019interroge F\u00e9lix. Aubert confirme : \u00ab le psy lui a dit : s\u2019il y a quelque chose ne va pas bien, c\u2019est chez vous. Votre fils a un r\u00eave. Laissez-le tranquille. Apr\u00e8s on est all\u00e9 boire une bi\u00e8re avec mon p\u00e8re et il m\u2019a dit : tu as gagn\u00e9 \u00bb<\/p>\n<p class=\"paragraph text_align_left lp-f-body-02\"><b>\u00ab Est-ce que vous allez arr\u00eater de chanter ? \u00bb<\/b><\/p>\n<p class=\"paragraph text_align_left lp-f-body-02\">J\u00e9r\u00f4me encha\u00eene : \u00ab est-ce que tu es proche de ta maman ? \u00bb. \u00ab Oui. Mais elle est partie cette ann\u00e9e. Elle perdait un peu la\u2026 Elle voulait se marier avec moi \u00e0 la fin, c\u2019\u00e9tait un peu curieux. C\u2019\u00e9tait un compliment aussi je pense \u00bb, confie l\u2019artiste qui avoue un peu plus loin pleurer parfois \u00ab quand des gens partent \u00bb.<\/p>\n<p class=\"paragraph text_align_left lp-f-body-02\">Le temps qui passe est justement au c\u0153ur de certaines questions. \u00ab \u00c7a fait quoi d\u2019\u00eatre un rockeur de 70 ans \u00bb, demande S\u00e9bastien. \u00ab Je n\u2019aime pas le mot rockeur, \u00e7a classe trop dans un genre r\u00e9pond le chanteur. Sinon, physiquement, j\u2019ai toujours eu mal quelque part depuis l\u2019\u00e2ge de 18 ans \u00bb. \u00ab Est-ce que vous allez arr\u00eater de chanter \u00bb, ajoute Maxime. \u00ab Peut-\u00eatre que je ferai des concerts un peu plus petit \u00bb, pr\u00e9cise le musicien qui commence alors \u00e0 jouer \u00ab Demain sera parfait \u00bb \u00e0 la demande du journaliste s\u2019emparant de la chanson.<\/p>\n<p>Rapha\u00ebl en invit\u00e9 suprise<\/p>\n<p class=\"paragraph text_align_left lp-f-body-02\">La guitare jamais bien loin, Jean-Louis Aubert improvise des moments de musique avec l\u2019\u00e9quipe du Papotin. Tous reprennent \u00ab \u00c7a (c\u2019est vraiment toi) \u00bb. Yohann part dans un rap sur les accords de \u00ab Hygiaphone \u00bb de T\u00e9l\u00e9phone jou\u00e9s par la star qui fait aussi d\u00e9couvrir sa premi\u00e8re m\u00e9lodie trouv\u00e9e \u00e0 l\u2019\u00e2ge de 7 ans. Et il revient aussi sur ses id\u00e9es noires au moment de la gen\u00e8se du tube de T\u00e9l\u00e9phone \u00ab Un autre monde \u00bb en 1984. \u00ab C\u2019\u00e9tait une p\u00e9riode o\u00f9 j\u2019\u00e9tais malade, o\u00f9 le groupe allait mal. Je me sentais plus seul en groupe. Et \u00e0 travers cette chanson, je disais : c\u2019est facile d\u2019\u00eatre un chanteur et de r\u00eaver d\u2019un autre monde. Mais balaie devant ta porte. Apr\u00e8s l\u2019avoir \u00e9crite, je me suis dit : maintenant je meurs ou je sors dans la rue. Je suis sorti et 15 jours apr\u00e8s, j\u2019ai rencontr\u00e9 une femme qui est devenue la m\u00e8re de mon fils et qui m\u2019a donn\u00e9 \u00e9norm\u00e9ment de force. \u00c7a a chang\u00e9 ma vie \u00bb<\/p>\n<p class=\"paragraph text_align_left lp-f-body-02\">Et puis il y a ce moment suspendu o\u00f9 Rudy, l\u2019\u00e9crivain de la bande lui pr\u00e9sente l\u2019un de ses textes que le chanteur met instantan\u00e9ment en musique. \u00ab Je suis un soldat de po\u00e9sie\u2026 Je suis un soldat de la parole. Ma seule arme, c\u2019est les mots. Avec les mots que je n\u2019arrive pas \u00e0 dire. \u00bb Magique. Tout comme cette ultime s\u00e9quence musicale o\u00f9 le groupe du Papotin, <a href=\"https:\/\/www.leparisien.fr\/culture-loisirs\/musique\/percujam-le-groupe-musical-des-rencontres-du-papotin-sort-son-premier-album-phenomenes-12-11-2024-LUTNZFQSLREDTIRQBV2EGBKE4E.php\" target=\"_blank\" rel=\"noreferrer nofollow noopener\">Percujam <\/a>accompagn\u00e9 du <a href=\"https:\/\/www.leparisien.fr\/culture-loisirs\/musique\/haute-fidelite-de-raphael-un-nouvel-album-percutant-et-autobiographique-04-03-2021-8427066.php\" target=\"_blank\" rel=\"noreferrer nofollow noopener\">chanteur Rapha\u00ebl<\/a>, ami de Jean-Louis Aubert, reprend \u00ab Alter Ego \u00bb. L\u2019artiste invit\u00e9 essuie une larme. \u00ab C\u2019\u00e9tait un moment incroyable, conclut-il. Vous \u00eates tous extraordinaires. Extra\u2026 ordinaires. \u00bb<\/p>\n","protected":false},"excerpt":{"rendered":"\u00ab Ici, on peut tout dire \u00bb : c\u2019est la devise des \u00ab Rencontres du Papotin \u00bb, \u00e9mission&hellip;\n","protected":false},"author":2,"featured_media":489050,"comment_status":"","ping_status":"","sticky":false,"template":"","format":"standard","meta":{"footnotes":""},"categories":[1359],"tags":[872,58,59,1011,27,973,2205],"class_list":{"0":"post-489049","1":"post","2":"type-post","3":"status-publish","4":"format-standard","5":"has-post-thumbnail","7":"category-people","8":"tag-culture-et-loisirs","9":"tag-divertissement","10":"tag-entertainment","11":"tag-fr","12":"tag-france","13":"tag-people","14":"tag-television-medias"},"share_on_mastodon":{"url":"https:\/\/pubeurope.com\/@fr\/115434879943264931","error":""},"_links":{"self":[{"href":"https:\/\/www.europesays.com\/fr\/wp-json\/wp\/v2\/posts\/489049","targetHints":{"allow":["GET"]}}],"collection":[{"href":"https:\/\/www.europesays.com\/fr\/wp-json\/wp\/v2\/posts"}],"about":[{"href":"https:\/\/www.europesays.com\/fr\/wp-json\/wp\/v2\/types\/post"}],"author":[{"embeddable":true,"href":"https:\/\/www.europesays.com\/fr\/wp-json\/wp\/v2\/users\/2"}],"replies":[{"embeddable":true,"href":"https:\/\/www.europesays.com\/fr\/wp-json\/wp\/v2\/comments?post=489049"}],"version-history":[{"count":0,"href":"https:\/\/www.europesays.com\/fr\/wp-json\/wp\/v2\/posts\/489049\/revisions"}],"wp:featuredmedia":[{"embeddable":true,"href":"https:\/\/www.europesays.com\/fr\/wp-json\/wp\/v2\/media\/489050"}],"wp:attachment":[{"href":"https:\/\/www.europesays.com\/fr\/wp-json\/wp\/v2\/media?parent=489049"}],"wp:term":[{"taxonomy":"category","embeddable":true,"href":"https:\/\/www.europesays.com\/fr\/wp-json\/wp\/v2\/categories?post=489049"},{"taxonomy":"post_tag","embeddable":true,"href":"https:\/\/www.europesays.com\/fr\/wp-json\/wp\/v2\/tags?post=489049"}],"curies":[{"name":"wp","href":"https:\/\/api.w.org\/{rel}","templated":true}]}}