{"id":489051,"date":"2025-10-25T12:47:10","date_gmt":"2025-10-25T12:47:10","guid":{"rendered":"https:\/\/www.europesays.com\/fr\/489051\/"},"modified":"2025-10-25T12:47:10","modified_gmt":"2025-10-25T12:47:10","slug":"un-tableau-de-picasso-vendu-32-millions-deuros-a-paris-apres-une-bataille-dencheres","status":"publish","type":"post","link":"https:\/\/www.europesays.com\/fr\/489051\/","title":{"rendered":"Un tableau de Picasso vendu 32 millions d&rsquo;euros \u00e0 Paris apr\u00e8s une bataille d&rsquo;ench\u00e8res"},"content":{"rendered":"<p>Un portrait \u00ab\u00a0exceptionnel\u00a0\u00bb de Dora Maar portant un chapeau \u00e0 fleurs color\u00e9, peint par Pablo Picasso en 1943 en pleine Occupation, a \u00e9t\u00e9 vendu 32 millions d&rsquo;euros (avec frais, soit 29,6 millions de francs) aux ench\u00e8res vendredi \u00e0 l&rsquo;H\u00f4tel Drouot \u00e0 Paris. C&rsquo;est le \u00ab\u00a0record de l&rsquo;ann\u00e9e\u00a0\u00bb en France, selon la maison de vente.<\/p>\n<p>\u00ab\u00a0Nous avons battu le record de Christie&rsquo;s pour un tableau de Picasso cette ann\u00e9e \u00e0 Hong Kong (23,6 millions d&rsquo;euros pour \u00ab\u00a0buste de femme\u00a0\u00bb (1944), un portrait de Dora Maar vendu le 26 septembre, ndlr) C&rsquo;est la plus haute ench\u00e8re en France toutes maisons confondues cette ann\u00e9e\u00a0\u00bb, s&rsquo;est f\u00e9licit\u00e9 le commissaire-priseur charg\u00e9 de cette vente, Christophe Lucien.<\/p>\n<p>Intitul\u00e9 \u00ab\u00a0Buste de femme au chapeau \u00e0 fleurs\u00a0\u00bb, le tableau d&rsquo;une taille de 80&#215;60 centim\u00e8tres, peint \u00e0 l&rsquo;huile, a \u00e9t\u00e9 vendu \u00ab\u00a0\u00e0 un acqu\u00e9reur \u00e9tranger\u00a0\u00bb, a indiqu\u00e9 Christophe Lucien, sans pr\u00e9ciser sa nationalit\u00e9. Cette peinture repr\u00e9sente la photographe, \u00e9g\u00e9rie des surr\u00e9alistes, qui fut la compagne de Picasso pendant une dizaine d&rsquo;ann\u00e9es.<\/p>\n<p>Estim\u00e9 huit millions d&rsquo;euros, une estimation basse, selon le commissaire-priseur, son prix s&rsquo;est envol\u00e9 lors d&rsquo;une bataille en r\u00e8gle retransmise en direct sur le site de Drouot, \u00e0 laquelle se sont livr\u00e9s les ench\u00e9risseurs entretenant jusqu&rsquo;au bout le suspense.<\/p>\n<p>Un Modigliani adjug\u00e9 pour 27 millions d&rsquo;euros<\/p>\n<p>Un \u00ab\u00a0Buste d&rsquo;Elvira\u00a0\u00bb d&rsquo;Amedeo Modigliani a par ailleurs, \u00e9t\u00e9 vendu pour 27 millions d&rsquo;euros frais compris, \u00ab\u00a0un record\u00a0\u00bb en France pour une toile du peintre italien, a annonc\u00e9 pour sa part la soci\u00e9t\u00e9 Sotheby&rsquo;s.<\/p>\n<p>R\u00e9alis\u00e9 en 1918\/1919, ce portrait repr\u00e9sente une jeune fille de Cagnes-sur-Mer, dont le visage se retrouve dans plusieurs tableaux du peintre qui s\u00e9journait dans la r\u00e9gion. Il \u00e9tait estim\u00e9 entre 5,5 et 7,5 millions d&rsquo;euros.<\/p>\n<p class=\"sources\">afp\/dk<\/p>\n","protected":false},"excerpt":{"rendered":"Un portrait \u00ab\u00a0exceptionnel\u00a0\u00bb de Dora Maar portant un chapeau \u00e0 fleurs color\u00e9, peint par Pablo Picasso en 1943&hellip;\n","protected":false},"author":2,"featured_media":489052,"comment_status":"","ping_status":"","sticky":false,"template":"","format":"standard","meta":{"footnotes":""},"categories":[1358],"tags":[61201,1348,1384,1385,1693,2502,61202,251,1386,58,53133,6359,59,450,1011,27,52200,626,1585,9026,7458],"class_list":{"0":"post-489051","1":"post","2":"type-post","3":"status-publish","4":"format-standard","5":"has-post-thumbnail","7":"category-arts-et-design","8":"tag-amedeo-modigliani","9":"tag-arts","10":"tag-arts-and-design","11":"tag-arts-et-design","12":"tag-arts-et-divertissement","13":"tag-arts-visuels","14":"tag-canaux-de-distribution","15":"tag-culture","16":"tag-design","17":"tag-divertissement","18":"tag-dora-maar","19":"tag-economie-et-finances","20":"tag-entertainment","21":"tag-euro","22":"tag-fr","23":"tag-france","24":"tag-pablo-picasso","25":"tag-paris","26":"tag-peinture","27":"tag-portrait","28":"tag-vente-aux-encheres"},"share_on_mastodon":{"url":"https:\/\/pubeurope.com\/@fr\/115434883802400650","error":""},"_links":{"self":[{"href":"https:\/\/www.europesays.com\/fr\/wp-json\/wp\/v2\/posts\/489051","targetHints":{"allow":["GET"]}}],"collection":[{"href":"https:\/\/www.europesays.com\/fr\/wp-json\/wp\/v2\/posts"}],"about":[{"href":"https:\/\/www.europesays.com\/fr\/wp-json\/wp\/v2\/types\/post"}],"author":[{"embeddable":true,"href":"https:\/\/www.europesays.com\/fr\/wp-json\/wp\/v2\/users\/2"}],"replies":[{"embeddable":true,"href":"https:\/\/www.europesays.com\/fr\/wp-json\/wp\/v2\/comments?post=489051"}],"version-history":[{"count":0,"href":"https:\/\/www.europesays.com\/fr\/wp-json\/wp\/v2\/posts\/489051\/revisions"}],"wp:featuredmedia":[{"embeddable":true,"href":"https:\/\/www.europesays.com\/fr\/wp-json\/wp\/v2\/media\/489052"}],"wp:attachment":[{"href":"https:\/\/www.europesays.com\/fr\/wp-json\/wp\/v2\/media?parent=489051"}],"wp:term":[{"taxonomy":"category","embeddable":true,"href":"https:\/\/www.europesays.com\/fr\/wp-json\/wp\/v2\/categories?post=489051"},{"taxonomy":"post_tag","embeddable":true,"href":"https:\/\/www.europesays.com\/fr\/wp-json\/wp\/v2\/tags?post=489051"}],"curies":[{"name":"wp","href":"https:\/\/api.w.org\/{rel}","templated":true}]}}