{"id":489053,"date":"2025-10-25T12:49:12","date_gmt":"2025-10-25T12:49:12","guid":{"rendered":"https:\/\/www.europesays.com\/fr\/489053\/"},"modified":"2025-10-25T12:49:12","modified_gmt":"2025-10-25T12:49:12","slug":"voici-les-invites-de-frederic-lopez-cette-semaine","status":"publish","type":"post","link":"https:\/\/www.europesays.com\/fr\/489053\/","title":{"rendered":"voici les invit\u00e9s de Fr\u00e9d\u00e9ric Lopez cette semaine"},"content":{"rendered":"<p>\u00ab\u00a0Chaque dimanche, une parenth\u00e8se bucolique s\u00a0\u00bbouvre sur<br \/>\nFrance 2 pour accueillir des personnalit\u00e9s loin des projecteurs<br \/>\nhabituels.\u00a0\u00bb Par cons\u00e9quent, ces moments privil\u00e9gi\u00e9s offrent un<br \/>\ncadre intimiste o\u00f9 les masques tombent et les v\u00e9rit\u00e9s \u00e9mergent.<br \/>\nL&rsquo;\u00e9mission de Fr\u00e9d\u00e9ric Lopez transcende ainsi le simple<br \/>\ndivertissement pour devenir un v\u00e9ritable exercice de sinc\u00e9rit\u00e9<br \/>\nt\u00e9l\u00e9visuelle.<\/p>\n<p>Cette semaine, <strong>Un dimanche \u00e0 la campagne<\/strong> re\u00e7oit<br \/>\ntrois invit\u00e9s aux trajectoires exceptionnelles qui ont su<br \/>\ntransformer leurs obstacles en tremplins. De fait, <strong>Kelly<br \/>\nMassol<\/strong>, <strong>Amel Bent<\/strong> et <strong>Florent<br \/>\nPeyre<\/strong> partageront leurs confidences dans un cadre<br \/>\nchamp\u00eatre propice aux r\u00e9v\u00e9lations authentiques. D\u00e9couvrons ensemble<br \/>\nces parcours qui inspirent et ces personnalit\u00e9s qui fascinent par<br \/>\nleur r\u00e9silience remarquable.<\/p>\n<p>Une escapade t\u00e9l\u00e9visuelle sous le signe de l&rsquo;authenticit\u00e9<\/p>\n<p><strong>Un dimanche \u00e0 la campagne<\/strong> propose depuis<br \/>\noctobre 2022 <a href=\"https:\/\/www.melty.fr\/tele\/un-dimanche-a-la-campagne-du-19-octobre-qui-seront-les-invites-de-frederic-lopez-2269560.html\" target=\"_blank\" rel=\"noopener\"><br \/>\nune formule t\u00e9l\u00e9visuelle qui d\u00e9tonne<\/a> dans le paysage<br \/>\naudiovisuel fran\u00e7ais contemporain. En effet, <strong>Fr\u00e9d\u00e9ric<br \/>\nLopez<\/strong> y convie trois personnalit\u00e9s pour un week-end plac\u00e9<br \/>\nsous le signe de la sinc\u00e9rit\u00e9 absolue. Ce <strong>dimanche 26<br \/>\noctobre 2025<\/strong>, le rendez-vous d\u00e9bute \u00e0 16h05 sur<br \/>\n<strong>France 2<\/strong> avec <strong>Kelly Massol<\/strong>,<br \/>\n<strong>Amel Bent<\/strong> et <strong>Florent Peyre<\/strong>.<br \/>\nL&rsquo;\u00e9mission offre ainsi une immersion totale dans un cadre naturel<br \/>\napaisant qui favorise les \u00e9changes authentiques et profonds.<\/p>\n<p>Loin de leur quotidien effr\u00e9n\u00e9, les invit\u00e9s d\u00e9couvrent la maison<br \/>\naccueillante de l&rsquo;animateur apr\u00e8s une travers\u00e9e symbolique en<br \/>\nbarque. Par ailleurs, cette arriv\u00e9e insolite marque d\u00e9j\u00e0 le d\u00e9but<br \/>\nd&rsquo;une exp\u00e9rience hors du temps o\u00f9 les t\u00e9l\u00e9phones disparaissent.<br \/>\n\u00ab\u00a0Fr\u00e9d\u00e9ric Lopez explique d&rsquo;ailleurs que cet endroit reste<br \/>\npropice \u00e0 la d\u00e9tente et aux confidences recueillies avec<br \/>\nbienveillance.\u00a0\u00bb Ces personnalit\u00e9s d\u00e9voileront alors le fil<br \/>\ninvisible de leur histoire dans une atmosph\u00e8re empreinte de<br \/>\ncomplicit\u00e9 et d&rsquo;\u00e9motion.<\/p>\n<p>Trois parcours de vie marqu\u00e9s par la pers\u00e9v\u00e9rance<\/p>\n<p><strong>Un dimanche \u00e0 la campagne<\/strong> accueille cette<br \/>\nsemaine trois nouveaux invit\u00e9s qui ont transform\u00e9 leur \u00e9nergie en<br \/>\nforce motrice remarquable. En outre, <strong>Amel Bent<\/strong><br \/>\noccupe depuis vingt ans une place de choix dans le paysage musical<br \/>\nfran\u00e7ais gr\u00e2ce \u00e0 son talent. Sa trajectoire reste guid\u00e9e par le<br \/>\nr\u00eave discret d&rsquo;une enfant en qu\u00eate d&rsquo;amour et de rep\u00e8res stables<br \/>\ndans l&rsquo;existence. N\u00e9anmoins, elle s&rsquo;est impos\u00e9e comme l&rsquo;une des<br \/>\nartistes fran\u00e7aises les plus aim\u00e9es avec une carri\u00e8re jalonn\u00e9e de<br \/>\nsucc\u00e8s commerciaux.<\/p>\n<blockquote class=\"instagram-media\" style=\"background: #ffffff;border: 0;margin: 1px;width: 100%;padding: 0;max-width: 500px;\" data-instgrm-permalink=\"https:\/\/www.instagram.com\/p\/DQJ4OkJEihM\/?hl=fr\" data-instgrm-version=\"14\"\/>\n<p><strong>Florent Peyre<\/strong> conquiert quant \u00e0 lui le c\u0153ur des<br \/>\nFran\u00e7ais gr\u00e2ce \u00e0 son humour d\u00e9bordant et ses imitations<br \/>\nirr\u00e9sistibles depuis 2010. Effectivement, cet entertainer<br \/>\nauthentique alterne entre stand-up et performance physique<br \/>\npuisqu&rsquo;il danse et chante avec un dynamisme contagieux.<br \/>\n<strong>Kelly Massol<\/strong>, cr\u00e9atrice de la marque <strong>Les<br \/>\nSecrets de Loly<\/strong>, s&rsquo;est impos\u00e9e comme une femme d&rsquo;affaires<br \/>\nau parcours hors norme. D&rsquo;ailleurs, \u00ab\u00a0Kelly Massol confie qu&rsquo;il<br \/>\na fallu faire preuve de p\u00e9dagogie pour que les clientes apprennent<br \/>\n\u00e0 aimer leurs cheveux.\u00a0\u00bb Ces trois sensibilit\u00e9s diff\u00e9rentes<br \/>\npromettent un joli moment de l\u00e2cher prise durant cette \u00e9mission<br \/>\nchamp\u00eatre particuli\u00e8rement attendue.<\/p>\n<p>Des destins exceptionnels qui se<br \/>\nd\u00e9voilent \u00e0 la campagne<\/p>\n<p><strong>Kelly Massol<\/strong>, n\u00e9e \u00e0 <strong>Gonesse<\/strong><br \/>\ndans le <strong>Val-d&rsquo;Oise<\/strong>, <a href=\"https:\/\/www.melty.fr\/people\/kelly-massol-qui-veut-etre-mon-associe-se-livre-sur-son-enfance-difficile-elle-a-tente-de-metrangler-2224945.html\" target=\"_blank\" rel=\"noopener\"><br \/>\na surmont\u00e9 une enfance difficile<\/a> pass\u00e9e en foyer d&rsquo;accueil.<br \/>\nAnim\u00e9e par une volont\u00e9 de fer, elle fonde en 2004 le forum<br \/>\n<strong>Boucles &amp; Cotons<\/strong> d\u00e9di\u00e9 aux cheveux textur\u00e9s<br \/>\nsouvent n\u00e9glig\u00e9s. En 2009, avec seulement 1 500 euros d&rsquo;\u00e9conomies,<br \/>\nelle lance <strong>Les Secrets de Loly<\/strong>, une marque<br \/>\nr\u00e9volutionnaire de soins capillaires. Aujourd&rsquo;hui, son entreprise<br \/>\nrayonne dans plus de 5 000 points de vente et 56 pays \u00e0 travers le<br \/>\nmonde. \u00ab\u00a0Kelly Massol d\u00e9clare d&rsquo;ailleurs que ce n&rsquo;est pas d&rsquo;o\u00f9<br \/>\nl&rsquo;on vient qui d\u00e9termine la r\u00e9ussite, mais ce que l&rsquo;on<br \/>\nfait.\u00a0\u00bb<\/p>\n<blockquote class=\"instagram-media\" style=\"background: #ffffff;border: 0;margin: 1px;width: 100%;padding: 0;max-width: 500px;\" data-instgrm-permalink=\"https:\/\/www.instagram.com\/p\/DQKM0TDDqZT\/?hl=fr\" data-instgrm-version=\"14\"\/>\n<p><strong>Amel Bent<\/strong> d\u00e9couvre la notori\u00e9t\u00e9 en 2004 dans<br \/>\n<strong>La Nouvelle Star<\/strong> sans remporter le concours mais<br \/>\nen conqu\u00e9rant le public. Peu apr\u00e8s, elle sort son premier album<br \/>\nport\u00e9 par le tube \u00ab\u00a0Ma Philosophie\u00a0\u00bb \u00e9coul\u00e9 \u00e0 plus de 500<br \/>\n000 exemplaires. Depuis lors, la chanteuse encha\u00eene les succ\u00e8s et<br \/>\ns&rsquo;impose comme une voix incontournable de la chanson fran\u00e7aise<br \/>\ncontemporaine. <strong>Florent Peyre<\/strong>, n\u00e9 \u00e0<br \/>\n<strong>Valence<\/strong> en 1980, d\u00e9bute sa carri\u00e8re sur les<br \/>\nplanches avant d&rsquo;int\u00e9grer le <strong>Cours Florent<\/strong> en<br \/>\n2002. C&rsquo;est en 2010 qu&rsquo;il se fait conna\u00eetre du grand public gr\u00e2ce \u00e0<br \/>\nl&rsquo;\u00e9mission \u00ab\u00a0On n&rsquo;demande qu&rsquo;\u00e0 en rire\u00a0\u00bb de <strong>Laurent<br \/>\nRuquier<\/strong>. P\u00e8re de deux enfants, il viendra partager avec<br \/>\nhumour les coulisses de sa vie d&rsquo;artiste accompli et d&rsquo;homme<br \/>\nengag\u00e9.<\/p>\n<p><script async src=\"\/\/www.instagram.com\/embed.js\"><\/script><\/p>\n","protected":false},"excerpt":{"rendered":"\u00ab\u00a0Chaque dimanche, une parenth\u00e8se bucolique s\u00a0\u00bbouvre sur France 2 pour accueillir des personnalit\u00e9s loin des projecteurs habituels.\u00a0\u00bb Par&hellip;\n","protected":false},"author":2,"featured_media":489054,"comment_status":"","ping_status":"","sticky":false,"template":"","format":"standard","meta":{"footnotes":""},"categories":[1356],"tags":[905,58,59,1011,27,252,1364],"class_list":{"0":"post-489053","1":"post","2":"type-post","3":"status-publish","4":"format-standard","5":"has-post-thumbnail","7":"category-television","8":"tag-a-la-une-melty","9":"tag-divertissement","10":"tag-entertainment","11":"tag-fr","12":"tag-france","13":"tag-television","14":"tag-tv"},"share_on_mastodon":{"url":"https:\/\/pubeurope.com\/@fr\/115434891877484755","error":""},"_links":{"self":[{"href":"https:\/\/www.europesays.com\/fr\/wp-json\/wp\/v2\/posts\/489053","targetHints":{"allow":["GET"]}}],"collection":[{"href":"https:\/\/www.europesays.com\/fr\/wp-json\/wp\/v2\/posts"}],"about":[{"href":"https:\/\/www.europesays.com\/fr\/wp-json\/wp\/v2\/types\/post"}],"author":[{"embeddable":true,"href":"https:\/\/www.europesays.com\/fr\/wp-json\/wp\/v2\/users\/2"}],"replies":[{"embeddable":true,"href":"https:\/\/www.europesays.com\/fr\/wp-json\/wp\/v2\/comments?post=489053"}],"version-history":[{"count":0,"href":"https:\/\/www.europesays.com\/fr\/wp-json\/wp\/v2\/posts\/489053\/revisions"}],"wp:featuredmedia":[{"embeddable":true,"href":"https:\/\/www.europesays.com\/fr\/wp-json\/wp\/v2\/media\/489054"}],"wp:attachment":[{"href":"https:\/\/www.europesays.com\/fr\/wp-json\/wp\/v2\/media?parent=489053"}],"wp:term":[{"taxonomy":"category","embeddable":true,"href":"https:\/\/www.europesays.com\/fr\/wp-json\/wp\/v2\/categories?post=489053"},{"taxonomy":"post_tag","embeddable":true,"href":"https:\/\/www.europesays.com\/fr\/wp-json\/wp\/v2\/tags?post=489053"}],"curies":[{"name":"wp","href":"https:\/\/api.w.org\/{rel}","templated":true}]}}