{"id":489057,"date":"2025-10-25T12:51:32","date_gmt":"2025-10-25T12:51:32","guid":{"rendered":"https:\/\/www.europesays.com\/fr\/489057\/"},"modified":"2025-10-25T12:51:32","modified_gmt":"2025-10-25T12:51:32","slug":"le-roi-charles-camilla-elton-john-qui-les-jouent-dans-god-save-the-tuche","status":"publish","type":"post","link":"https:\/\/www.europesays.com\/fr\/489057\/","title":{"rendered":"le roi Charles, Camilla, Elton John&#8230; Qui les jouent dans God save the Tuche\u00a0?"},"content":{"rendered":"<p class=\"app_entry_lead\">\n                                            <a title=\"\u00a0\u00a9\u00a0Marine Danaux\" href=\"https:\/\/img-4.linternaute.com\/nGdo-GCzNGi0C8I6093Z2Iu2_Rs=\/1240x\/smart\/e871b81ef9dc4bfab6469b4f73d098a7\/ccmcms-linternaute\/71060403.jpg\" class=\"fancy\" rel=\"nofollow noopener\" target=\"_blank\"><br \/>\n                            <img decoding=\"async\" alt=\"Les Tuche 5\u00a0: le roi Charles, Camilla, Elton John... Qui les jouent dans God save the Tuche\u00a0?\" src=\"https:\/\/www.europesays.com\/fr\/wp-content\/uploads\/2025\/10\/71060403.jpg\" width=\"&quot;540&quot;\" height=\"&quot;360&quot;\"\/><br \/>\n                        <\/a><br \/>\n                                        Le cinqui\u00e8me \u00e9pisode des Tuche\u00a0se d\u00e9roule en Angleterre, et voit les protagonistes rencontrer des personnages bien connus&#8230; Mais incarn\u00e9s par des acteurs\u00a0!\n                <\/p>\n<p>                <a class=\"tv-broadcast__channel-logo\" title=\"Canal+\" href=\"https:\/\/www.linternaute.com\/television\/programme-canal-plus\/\" rel=\"nofollow noopener\" target=\"_blank\"><br \/>\n                    <img decoding=\"async\" alt=\"Canal+\" src=\"https:\/\/www.europesays.com\/fr\/wp-content\/uploads\/2025\/10\/34.png\"\/><br \/>\n                <\/a><\/p>\n<p>\n                        Canal+<br \/>\n                        Vendredi 24 octobre \u00e0 21h10\n                    <\/p>\n<p>\n                        4\/3 | Tous publics\n                    <\/p>\n<p>                <a class=\"tv-broadcast__channel-logo\" title=\"Canal+\" href=\"https:\/\/www.linternaute.com\/television\/programme-canal-plus\/\" rel=\"nofollow noopener\" target=\"_blank\"><br \/>\n                    <img decoding=\"async\" alt=\"Canal+\" src=\"https:\/\/www.europesays.com\/fr\/wp-content\/uploads\/2025\/10\/34.png\"\/><br \/>\n                <\/a><\/p>\n<p>\n                        Canal+<br \/>\n                        Samedi 25 octobre \u00e0 10h28\n                    <\/p>\n<p>\n                        4\/3 | Tous publics\n                    <\/p>\n<p>                <a class=\"tv-broadcast__channel-logo\" title=\"Canal+\" href=\"https:\/\/www.linternaute.com\/television\/programme-canal-plus\/\" rel=\"nofollow noopener\" target=\"_blank\"><br \/>\n                    <img decoding=\"async\" alt=\"Canal+\" src=\"https:\/\/www.europesays.com\/fr\/wp-content\/uploads\/2025\/10\/34.png\"\/><br \/>\n                <\/a><\/p>\n<p>\n                        Canal+<br \/>\n                        Mercredi 29 octobre \u00e0 13h26\n                    <\/p>\n<p>\n                        4\/3 | Tous publics\n                    <\/p>\n<p>                <a class=\"tv-broadcast__channel-logo\" title=\"Canal+\" href=\"https:\/\/www.linternaute.com\/television\/programme-canal-plus\/\" rel=\"nofollow noopener\" target=\"_blank\"><br \/>\n                    <img decoding=\"async\" alt=\"Canal+\" src=\"https:\/\/www.europesays.com\/fr\/wp-content\/uploads\/2025\/10\/34.png\"\/><br \/>\n                <\/a><\/p>\n<p>\n                        Canal+<br \/>\n                        Mercredi 5 novembre \u00e0 10h30\n                    <\/p>\n<p>\n                        4\/3 | Tous publics\n                    <\/p>\n<p>La famille Tuche s&rsquo;envole pour l&rsquo;Angleterre dans le cinqui\u00e8me \u00e9pisode de la franchise de <a href=\"https:\/\/www.linternaute.fr\/cinema\/pratique\/2313609-films-comiques-les-meilleurs-a-voir\/\" title=\"Com\u00e9dies\" rel=\"nofollow noopener\" target=\"_blank\">films comiques<\/a>. God save the Tuche\u00a0est sorti au cin\u00e9ma le 5 f\u00e9vrier 2025.\u00a0Comme son nom l&rsquo;indique, la famille de trublions part \u00e0 la rencontre de la famille royale britannique, sans pour autant perdre leurs habitudes qui d\u00e9tonnent avec la culture anglaise. Pour des raisons financi\u00e8res, ce n&rsquo;est pas en Angleterre qu&rsquo;a eu lieu le tournage, o\u00f9 les co\u00fbts de productions sont 20% plus \u00e9lev\u00e9s qu&rsquo;en France, mais en Belgique, \u00e0 l&rsquo;exception de sc\u00e8nes en ext\u00e9rieur ou d&rsquo;une visite en bus.<\/p>\n<p>Et malheureusement, le v\u00e9ritable roi Charles\u00a0III\u00a0et son \u00e9pouse <a href=\"https:\/\/www.linternaute.com\/actualite\/biographie\/2659356-camilla-parker-bowles-pourquoi-est-elle-couronnee-un-parallele-avec-elizabeth-ii-et-lady-di\/\" title=\"Camilla Parker-Bowles\" rel=\"nofollow noopener\" target=\"_blank\">Camilla<\/a> ne font pas d&rsquo;apparition dans la com\u00e9die fran\u00e7aise, ni Elton John.\u00a0C&rsquo;est l&rsquo;acteur fran\u00e7ais de 80 ans Bernard Menez qui incarne le monarque britannique.\u00a0Son visage vous dit peut-\u00eatre quelque chose si vous avez vus\u00a0Du c\u00f4t\u00e9 d&rsquo;Orou\u00ebt, Maine Oc\u00e9an\u00a0ou La nuit am\u00e9ricaine.\u00a0A\u00a0la t\u00e9l\u00e9vision, il a aussi fait une apparition dans\u00a0Demain nous appartient\u00a0et la saison 2 de\u00a0Panda.<\/p>\n<p>Pour incarner son \u00e9pouse Camilla, c&rsquo;est l&rsquo;actrice fran\u00e7aise\u00a0\u00c9lise Larnicol, vue dans\u00a0RRRrrrr!!!\u00a0et membre de la troupe Les Robins des Bois qui a \u00e9t\u00e9 choisie.\u00a0De son c\u00f4t\u00e9, Ray Johnson II a \u00e9t\u00e9 choisi pour pr\u00eater ses traits \u00e0 Sir Elton John le temps de quelques minutes. Le reste du casting rassemble les autres interpr\u00e8tes connus de la famille Tuche : Jean-Paul Rouve (\u00e9galement \u00e0 la r\u00e9alisation), Isabelle Nanty, Claire Nadeau, Sarah Stern, Pierre Lottin ou encore Theo Fernandez rempilent.<\/p>\n<p><a id=\"synopsis\" name=\"synopsis\"><strong>Synopsis<\/strong><\/a>\u00a0&#8211;\u00a0Lorsque le petit fils de Jeff et Cathy Tuche\u00a0est s\u00e9lectionn\u00e9 pour un stage de football \u00e0 Arsenal, c&rsquo;est l&rsquo;occasion r\u00eav\u00e9e pour toute la famille d&rsquo;aller d\u00e9couvrir l&rsquo;Angleterre et d&rsquo;y rencontrer la famille royale&#8230;<\/p>\n","protected":false},"excerpt":{"rendered":"Le cinqui\u00e8me \u00e9pisode des Tuche\u00a0se d\u00e9roule en Angleterre, et voit les protagonistes rencontrer des personnages bien connus&#8230; Mais&hellip;\n","protected":false},"author":2,"featured_media":489058,"comment_status":"","ping_status":"","sticky":false,"template":"","format":"standard","meta":{"footnotes":""},"categories":[1354],"tags":[61203,51761,58,59,58937,1346,51763,1011,27,1360,51767],"class_list":{"0":"post-489057","1":"post","2":"type-post","3":"status-publish","4":"format-standard","5":"has-post-thumbnail","7":"category-films","8":"tag-cms-linternaute-6401331","9":"tag-controller-content","10":"tag-divertissement","11":"tag-entertainment","12":"tag-film-comique","13":"tag-films","14":"tag-format-papier","15":"tag-fr","16":"tag-france","17":"tag-movies","18":"tag-parallaxeinfeed"},"share_on_mastodon":{"url":"https:\/\/pubeurope.com\/@fr\/115434900310950564","error":""},"_links":{"self":[{"href":"https:\/\/www.europesays.com\/fr\/wp-json\/wp\/v2\/posts\/489057","targetHints":{"allow":["GET"]}}],"collection":[{"href":"https:\/\/www.europesays.com\/fr\/wp-json\/wp\/v2\/posts"}],"about":[{"href":"https:\/\/www.europesays.com\/fr\/wp-json\/wp\/v2\/types\/post"}],"author":[{"embeddable":true,"href":"https:\/\/www.europesays.com\/fr\/wp-json\/wp\/v2\/users\/2"}],"replies":[{"embeddable":true,"href":"https:\/\/www.europesays.com\/fr\/wp-json\/wp\/v2\/comments?post=489057"}],"version-history":[{"count":0,"href":"https:\/\/www.europesays.com\/fr\/wp-json\/wp\/v2\/posts\/489057\/revisions"}],"wp:featuredmedia":[{"embeddable":true,"href":"https:\/\/www.europesays.com\/fr\/wp-json\/wp\/v2\/media\/489058"}],"wp:attachment":[{"href":"https:\/\/www.europesays.com\/fr\/wp-json\/wp\/v2\/media?parent=489057"}],"wp:term":[{"taxonomy":"category","embeddable":true,"href":"https:\/\/www.europesays.com\/fr\/wp-json\/wp\/v2\/categories?post=489057"},{"taxonomy":"post_tag","embeddable":true,"href":"https:\/\/www.europesays.com\/fr\/wp-json\/wp\/v2\/tags?post=489057"}],"curies":[{"name":"wp","href":"https:\/\/api.w.org\/{rel}","templated":true}]}}