{"id":489065,"date":"2025-10-25T12:55:16","date_gmt":"2025-10-25T12:55:16","guid":{"rendered":"https:\/\/www.europesays.com\/fr\/489065\/"},"modified":"2025-10-25T12:55:16","modified_gmt":"2025-10-25T12:55:16","slug":"vendu-en-pharmacie-ce-masque-au-yaourt-grec-transforme-instantanement-le-visage","status":"publish","type":"post","link":"https:\/\/www.europesays.com\/fr\/489065\/","title":{"rendered":"vendu en pharmacie, ce masque au yaourt grec transforme instantan\u00e9ment le visage"},"content":{"rendered":"<p>Et si le secret d\u2019une peau \u00e9clatante se cachait dans un<br \/>\ningr\u00e9dient que l\u2019on trouve\u2026 dans nos cuisines ? Inspir\u00e9 d\u2019un rituel<br \/>\nancestral venu de Gr\u00e8ce, un soin nouvelle g\u00e9n\u00e9ration fait<br \/>\nactuellement <a href=\"https:\/\/www.mariefrance.fr\/beaute\/100-des-pellicules-eliminees-vendu-en-pharmacie-ce-shampooing-assainit-totalement-le-cuir-chevelu-des-le-premier-lavage-1214290.html\" target=\"_blank\" rel=\"nofollow noopener\">parler de lui en<br \/>\npharmacie<\/a>. V\u00e9ritable bouff\u00e9e d\u2019hydratation pour les peaux<br \/>\nfatigu\u00e9es, il promet un teint frais et une peau repulp\u00e9e d\u00e8s la<br \/>\npremi\u00e8re application. Son secret ? Un actif naturel culte revisit\u00e9<br \/>\ngr\u00e2ce \u00e0 la science moderne pour r\u00e9pondre aux besoins de toutes les<br \/>\npeaux.<\/p>\n<p>Un tr\u00e9sor grec revisit\u00e9 par la science<\/p>\n<p>Depuis plus de vingt ans, la marque grecque KORRES explore<br \/>\n<strong>les bienfaits du yaourt grec<\/strong> et a su transformer<br \/>\nce symbole m\u00e9diterran\u00e9en en un v\u00e9ritable actif cosm\u00e9tique. Riche en<br \/>\nprot\u00e9ines, vitamines et min\u00e9raux, le yaourt n\u2019est pas seulement un<br \/>\nd\u00e9lice gourmand : c\u2019est aussi un puissant alli\u00e9 de l\u2019hydratation et<br \/>\nde la douceur cutan\u00e9e.<\/p>\n<p>Aujourd\u2019hui, la marque franchit une nouvelle \u00e9tape avec une<br \/>\ntechnologie r\u00e9volutionnaire baptis\u00e9e Smart Yoghurt\u2122, une<br \/>\ninnovation capable de comprendre et d\u2019adapter ses bienfaits aux<br \/>\nbesoins uniques de chaque peau. En restaurant l\u2019\u00e9quilibre du<br \/>\nmicrobiome cutan\u00e9 et en renfor\u00e7ant la barri\u00e8re protectrice<br \/>\nnaturelle, cette avanc\u00e9e permet \u00e0 la peau de retrouver confort,<br \/>\nsouplesse et \u00e9clat.<\/p>\n<p>Le soin SOS des peaux fatigu\u00e9es et d\u00e9shydrat\u00e9es<\/p>\n<p>C\u2019est dans cette logique de soin intelligent que KORRES d\u00e9voile<br \/>\nle Smart Yoghurt\u2122 Masque Superdose Probiotiques, une<br \/>\nv\u00e9ritable cure express de r\u00e9g\u00e9n\u00e9ration cutan\u00e9e. Ce masque \u00e0 la<br \/>\ntexture onctueuse, <strong>infus\u00e9 de 6 % de v\u00e9ritable yaourt<br \/>\ngrec,<\/strong> agit comme une superdose d\u2019hydratation et de<br \/>\nnutrition pour les visages en manque d\u2019\u00e9nergie. D\u00e8s les premi\u00e8res<br \/>\nminutes, la peau est envelopp\u00e9e d\u2019une sensation de fra\u00eecheur et de<br \/>\nconfort imm\u00e9diat. Gr\u00e2ce \u00e0 ses extraits apaisants de Ch\u00eane et de<br \/>\nTh\u00e9, il <a href=\"https:\/\/www.mariefrance.fr\/beaute\/adieu-peau-irritee-actif-meconnu-puissant-anti-inflammatoire-gagne-popularite-1158151.html\" target=\"_blank\" rel=\"nofollow noopener\">calme les irritations<\/a>,<br \/>\nrestaure l\u2019hydratation et redonne de l\u2019\u00e9clat. Le visage para\u00eet<br \/>\nrepos\u00e9, comme apr\u00e8s une nuit compl\u00e8te de sommeil. En un seul geste,<br \/>\nla peau est plus lisse, plus douce et visiblement repulp\u00e9e.<\/p>\n<p>Ce masque se distingue autant par son efficacit\u00e9 que par sa<br \/>\nsensorialit\u00e9. Sa texture lact\u00e9e et <strong>fondante fond sur la<br \/>\npeau sans laisser de film gras<\/strong>, tandis que son parfum<br \/>\nd\u00e9licatement cr\u00e9meux invite \u00e0 la d\u00e9tente.<br \/>En dix minutes seulement, la peau absorbe une v\u00e9ritable dose de<br \/>\nbienfaits. Les probiotiques intelligents travaillent en profondeur<br \/>\npour renforcer les d\u00e9fenses naturelles, tandis que le yaourt grec<br \/>\nhydrate intens\u00e9ment. Apr\u00e8s rin\u00e7age, le r\u00e9sultat est bluffant : la<br \/>\npeau est velout\u00e9e, lumineuse et rebondie, avec <a href=\"https:\/\/www.mariefrance.fr\/beaute\/il-elimine-les-taches-en-seulement-5-jours-vendu-en-pharmacie-ce-masque-puissant-lisse-la-peau-et-restaure-la-barriere-cutanee-1212630.html\" target=\"_blank\" rel=\"nofollow noopener\">un teint visiblement plus<br \/>\nuniforme<\/a>. Id\u00e9al pour toutes les peaux, m\u00eame les plus sensibles,<br \/>\nce soin s\u2019utilise une \u00e0 deux fois par semaine pour entretenir<br \/>\ndurablement l\u2019\u00e9quilibre et la vitalit\u00e9 cutan\u00e9e.<\/p>\n<p><img loading=\"lazy\" decoding=\"async\" aria-describedby=\"caption-attachment-1214355\" itemprop=\"thumbnailUrl\" class=\"wp-image-1214355 img-responsive size-full\" src=\"https:\/\/www.europesays.com\/fr\/wp-content\/uploads\/2025\/10\/capture-decran-2025-10-23-a-14.11.59.png\" alt=\"\" width=\"1216\" height=\"950\"\/> \u00a9 Korres<\/p>\n<p id=\"caption-attachment-1214355\" class=\"wp-caption-text\"><a href=\"https:\/\/www.pharmashopdiscount.com\/en\/beaute\/korres\/korres-hydra-biome-masque-visage-100ml.html\" target=\"_blank\" rel=\"nofollow noopener\">\u00a0Masque hydratant<br \/>\nsuperdose de probiotiques et yaourt grec &#8211; KORRES &#8211; 21,67 \u20ac<\/a><\/p>\n<p>Des r\u00e9sultats cliniquement prouv\u00e9s<\/p>\n<p>Les tests men\u00e9s par la marque confirment des effets rapides et<br \/>\ndurables. D\u00e8s la premi\u00e8re application, l\u2019hydratation augmente de<br \/>\nmani\u00e8re significative et la peau retrouve son \u00e9clat naturel. Apr\u00e8s<br \/>\nune semaine d\u2019utilisation r\u00e9guli\u00e8re, les traits semblent plus<br \/>\nd\u00e9tendus, les rougeurs diminuent, et la texture cutan\u00e9e s\u2019am\u00e9liore<br \/>\nvisiblement.<\/p>\n<p>Mais plus que les chiffres, c\u2019est le ressenti imm\u00e9diat qui<br \/>\ns\u00e9duit : une peau apais\u00e9e, douce, et une impression de fra\u00eecheur<br \/>\nrevitalisante qui perdure tout au long de la journ\u00e9e.<\/p>\n<p><img loading=\"lazy\" decoding=\"async\" class=\"alignnone size-large wp-image-1214358 img-responsive\" src=\"https:\/\/www.europesays.com\/fr\/wp-content\/uploads\/2025\/10\/capture-decran-2025-10-23-a-14.14.40-932x1200.png\" alt=\"\" une=\"\" peau=\"\" de=\"\" velours=\"\" :=\"\" vendu=\"\" en=\"\" pharmacie=\"\" ce=\"\" masque=\"\" au=\"\" yaourt=\"\" grec=\"\" transforme=\"\" instantan=\"\" le=\"\" visage=\"\" width=\"932\" height=\"1200\"\/> \u00a9 Korres<\/p>\n","protected":false},"excerpt":{"rendered":"Et si le secret d\u2019une peau \u00e9clatante se cachait dans un ingr\u00e9dient que l\u2019on trouve\u2026 dans nos cuisines&hellip;\n","protected":false},"author":2,"featured_media":489066,"comment_status":"","ping_status":"","sticky":false,"template":"","format":"standard","meta":{"footnotes":""},"categories":[7],"tags":[1011,27,61204,43,40,41,39,42,44],"class_list":{"0":"post-489065","1":"post","2":"type-post","3":"status-publish","4":"format-standard","5":"has-post-thumbnail","7":"category-sciences-et-technologies","8":"tag-fr","9":"tag-france","10":"tag-masque","11":"tag-science","12":"tag-science-and-technology","13":"tag-sciences","14":"tag-sciences-et-technologies","15":"tag-technologies","16":"tag-technology"},"share_on_mastodon":{"url":"https:\/\/pubeurope.com\/@fr\/115434916265033495","error":""},"_links":{"self":[{"href":"https:\/\/www.europesays.com\/fr\/wp-json\/wp\/v2\/posts\/489065","targetHints":{"allow":["GET"]}}],"collection":[{"href":"https:\/\/www.europesays.com\/fr\/wp-json\/wp\/v2\/posts"}],"about":[{"href":"https:\/\/www.europesays.com\/fr\/wp-json\/wp\/v2\/types\/post"}],"author":[{"embeddable":true,"href":"https:\/\/www.europesays.com\/fr\/wp-json\/wp\/v2\/users\/2"}],"replies":[{"embeddable":true,"href":"https:\/\/www.europesays.com\/fr\/wp-json\/wp\/v2\/comments?post=489065"}],"version-history":[{"count":0,"href":"https:\/\/www.europesays.com\/fr\/wp-json\/wp\/v2\/posts\/489065\/revisions"}],"wp:featuredmedia":[{"embeddable":true,"href":"https:\/\/www.europesays.com\/fr\/wp-json\/wp\/v2\/media\/489066"}],"wp:attachment":[{"href":"https:\/\/www.europesays.com\/fr\/wp-json\/wp\/v2\/media?parent=489065"}],"wp:term":[{"taxonomy":"category","embeddable":true,"href":"https:\/\/www.europesays.com\/fr\/wp-json\/wp\/v2\/categories?post=489065"},{"taxonomy":"post_tag","embeddable":true,"href":"https:\/\/www.europesays.com\/fr\/wp-json\/wp\/v2\/tags?post=489065"}],"curies":[{"name":"wp","href":"https:\/\/api.w.org\/{rel}","templated":true}]}}