{"id":489067,"date":"2025-10-25T12:56:12","date_gmt":"2025-10-25T12:56:12","guid":{"rendered":"https:\/\/www.europesays.com\/fr\/489067\/"},"modified":"2025-10-25T12:56:12","modified_gmt":"2025-10-25T12:56:12","slug":"ces-fromages-a-raclette-vendus-partout-en-france-ne-doivent-pas-etre-consommes","status":"publish","type":"post","link":"https:\/\/www.europesays.com\/fr\/489067\/","title":{"rendered":"ces fromages \u00e0 raclette vendus partout en France ne doivent pas \u00eatre consomm\u00e9s"},"content":{"rendered":"<p>C&rsquo;est le d\u00e9but de la saison, mais il faut \u00eatre vigilant ! Les mordus de raclette vont devoir v\u00e9rifier leur stock. Le site gouvernemental \u00ab\u00a0Rappel conso\u00a0\u00bb a \u00e9mis plusieurs avis pour pr\u00e9venir d&rsquo;un risque de contamination \u00e0 la listeria de plusieurs barquettes de fromage.\u00a0<\/p>\n<p>Du fromage \u00e0 raclette de chez Aldi, Auchan et Grand Frais<\/p>\n<p>Tout d&rsquo;abord, <strong>la \u00ab\u00a0<a href=\"https:\/\/rappel.conso.gouv.fr\/affichettePDF\/20243\/Interne\" target=\"_blank\" rel=\"nofollow noopener\">raclette classique<\/a>\u00a0\u00bb de la marque \u00ab\u00a0Le cavalier\u00a0\u00bb vendue chez Aldi<\/strong>, en portion de 400 grammes, vendues entre le 25 septembre et le 23 octobre ne doivent pas \u00eatre consomm\u00e9es. Le produit a \u00e9t\u00e9 vendu dans de nombreux magasins de l&rsquo;enseigne et notamment dans les Bouches-du-Rh\u00f4ne, le Var et le Vaucluse.\u00a0<\/p>\n<p>Les lots concern\u00e9s sont : GTIN 26065847 Lot 267 date de durabilit\u00e9 minimale 19\/11\/2025, GTIN 26065847 Lot 268 date de durabilit\u00e9 minimale 19\/11\/2025 et GTIN 26065847 Lot 272 date de durabilit\u00e9 minimale 24\/11\/2025.<\/p>\n<p>Les autorit\u00e9s ont aussi rappel\u00e9s <strong>le fromage <a href=\"https:\/\/rappel.conso.gouv.fr\/affichettePDF\/20293\/Interne\" target=\"_blank\" rel=\"nofollow noopener\">\u00ab\u00a0Raclette nature\u00a0\u00bb des fromageries Terres d&rsquo;Or<\/a> vendu chez Grand Frais<\/strong>. Ces produits ont \u00e9t\u00e9 mis en vente \u00e0 partir du 26 septembre dans tous les magasins de France.<\/p>\n<p>Les lots concern\u00e9s sont le GTIN 3701002413559 Lot commen\u00e7ant par 268 ou 272 (figurant sur le c\u00f4t\u00e9 de la barquette) date de durabilit\u00e9 minimale entre le 18\/11\/2025 et le 24\/11\/2025.<\/p>\n<p>Le troisi\u00e8me rappel concerne <strong>le <a href=\"https:\/\/rappel.conso.gouv.fr\/affichettePDF\/20294\/Interne\" target=\"_blank\" rel=\"nofollow noopener\">fromage \u00ab\u00a0raclette\u00a0\u00bb de la marque Auchan<\/a><\/strong> vendu l\u00e0 aussi dans toute la France.<\/p>\n<p>Les lots concern\u00e9s sont : GTIN 3596710391783 Lot 400g &#8211; Lot commen\u00e7ant par 267 (figurant sur le c\u00f4t\u00e9 de la barquette) date de durabilit\u00e9 minimale 14\/11\/2025, GTIN 3596710493975 Lot 2x400g &#8211; Lot commen\u00e7ant par 268 ou 269 (figurant sur le c\u00f4t\u00e9 de la barquette) date de durabilit\u00e9 minimale entre le 14\/11\/2025 et le 15\/11\/2025.<\/p>\n<p>Les sympt\u00f4mes d&rsquo;une contamination \u00e0 la listeria<\/p>\n<p>\u00ab\u00a0Les personnes qui auraient consomm\u00e9 les &lsquo;produits&rsquo; mentionn\u00e9s ci-dessus et qui pr\u00e9senteraient de la fi\u00e8vre, isol\u00e9e ou accompagn\u00e9e de maux de t\u00eate, et des courbatures, sont invit\u00e9es \u00e0 consulter leur m\u00e9decin traitant en lui signalant cette consommation, expliquent les autorit\u00e9s dans les diff\u00e9rents avis. La list\u00e9riose est une maladie qui peut \u00eatre grave et dont le d\u00e9lai d&rsquo;incubation peut aller jusqu&rsquo;\u00e0 huit semaines.\u00a0\u00bb<\/p>\n","protected":false},"excerpt":{"rendered":"C&rsquo;est le d\u00e9but de la saison, mais il faut \u00eatre vigilant ! Les mordus de raclette vont devoir&hellip;\n","protected":false},"author":2,"featured_media":489068,"comment_status":"","ping_status":"","sticky":false,"template":"","format":"standard","meta":{"footnotes":""},"categories":[6],"tags":[17,35,9122,33,34,1011,27,61205,13656,9199,54962,39423,104,18696],"class_list":{"0":"post-489067","1":"post","2":"type-post","3":"status-publish","4":"format-standard","5":"has-post-thumbnail","7":"category-economie","8":"tag-17","9":"tag-business","10":"tag-ces","11":"tag-economie","12":"tag-economy","13":"tag-fr","14":"tag-france","15":"tag-fromages","16":"tag-partout","17":"tag-produit","18":"tag-raclette","19":"tag-rappel","20":"tag-societe","21":"tag-vendus"},"share_on_mastodon":{"url":"https:\/\/pubeurope.com\/@fr\/115434919425985578","error":""},"_links":{"self":[{"href":"https:\/\/www.europesays.com\/fr\/wp-json\/wp\/v2\/posts\/489067","targetHints":{"allow":["GET"]}}],"collection":[{"href":"https:\/\/www.europesays.com\/fr\/wp-json\/wp\/v2\/posts"}],"about":[{"href":"https:\/\/www.europesays.com\/fr\/wp-json\/wp\/v2\/types\/post"}],"author":[{"embeddable":true,"href":"https:\/\/www.europesays.com\/fr\/wp-json\/wp\/v2\/users\/2"}],"replies":[{"embeddable":true,"href":"https:\/\/www.europesays.com\/fr\/wp-json\/wp\/v2\/comments?post=489067"}],"version-history":[{"count":0,"href":"https:\/\/www.europesays.com\/fr\/wp-json\/wp\/v2\/posts\/489067\/revisions"}],"wp:featuredmedia":[{"embeddable":true,"href":"https:\/\/www.europesays.com\/fr\/wp-json\/wp\/v2\/media\/489068"}],"wp:attachment":[{"href":"https:\/\/www.europesays.com\/fr\/wp-json\/wp\/v2\/media?parent=489067"}],"wp:term":[{"taxonomy":"category","embeddable":true,"href":"https:\/\/www.europesays.com\/fr\/wp-json\/wp\/v2\/categories?post=489067"},{"taxonomy":"post_tag","embeddable":true,"href":"https:\/\/www.europesays.com\/fr\/wp-json\/wp\/v2\/tags?post=489067"}],"curies":[{"name":"wp","href":"https:\/\/api.w.org\/{rel}","templated":true}]}}