{"id":489069,"date":"2025-10-25T12:57:12","date_gmt":"2025-10-25T12:57:12","guid":{"rendered":"https:\/\/www.europesays.com\/fr\/489069\/"},"modified":"2025-10-25T12:57:12","modified_gmt":"2025-10-25T12:57:12","slug":"un-touriste-japonais-meurt-apres-avoir-chute-du-pantheon","status":"publish","type":"post","link":"https:\/\/www.europesays.com\/fr\/489069\/","title":{"rendered":"un touriste japonais meurt apr\u00e8s avoir chut\u00e9 du Panth\u00e9on"},"content":{"rendered":"<p>\n    Arriv\u00e9s sur place, les secours n\u2019ont pu que constater le d\u00e9c\u00e8s du septuag\u00e9naire. Une enqu\u00eate a \u00e9t\u00e9 ouverte pour d\u00e9terminer les causes du d\u00e9c\u00e8s.<\/p>\n<p class=\"fig-paragraph\">Il est mort sur le coup. Un\u00a0<a href=\"http:\/\/www.lefigaro.fr\/conjoncture\/a-l-epoque-ils-venaient-encore-en-groupes-organises-depuis-le-covid-le-touriste-japonais-boude-les-vacances-a-l-etranger-20250908\" data-fig-type=\"Article\" data-gtm-custom-categorie=\"navigation\" data-gtm-custom-action=\"crossclick\" data-gtm-custom-label=\"Contextuel\" data-gtm-event=\"customEventSPE\" data-fig-domain=\"LEFIGARO\" rel=\"nofollow noopener\" target=\"_blank\">touriste japonais<\/a>\u00a0\u00e2g\u00e9 de 70 ans est mort \u00e0\u00a0<a href=\"http:\/\/www.lefigaro.fr\/voyages\/dossier\/rome\" data-fig-type=\"Topic\" data-gtm-custom-categorie=\"navigation\" data-gtm-custom-action=\"crossclick\" data-gtm-custom-label=\"Contextuel\" data-gtm-event=\"customEventSPE\" data-fig-domain=\"LEFIGARO\" rel=\"nofollow noopener\" target=\"_blank\">Rome<\/a>\u00a0apr\u00e8s \u00eatre tomb\u00e9 du mur d\u2019enceinte du Panth\u00e9on malgr\u00e9 le parapet, selon la\u00a0<a href=\"https:\/\/www.romatoday.it\/cronaca\/morto-turista-pantheon-via-della-palombella-24-ottobre-2025.html\" target=\"_blank\" rel=\"sponsored noopener nofollow\" data-gtm-custom-categorie=\"navigation\" data-gtm-custom-action=\"crossclick\" data-gtm-custom-label=\"Contextuel\" data-gtm-event=\"customEventSPE\">presse locale<\/a>. Une chute d\u2019environ 7 m\u00e8tres qui s\u2019est produite ce vendredi 24 octobre aux alentours de 21h50.<\/p>\n<p class=\"fig-paragraph\">\u00c0 leur arriv\u00e9e, les secours n\u2019ont pu que de constater la mort de l\u2019individu. Le corps a \u00e9t\u00e9 emmen\u00e9 \u00e0 l\u2019h\u00f4pital pour une autopsie et une enqu\u00eate a \u00e9t\u00e9 ouverte pour d\u00e9terminer les causes de l\u2019accident.<\/p>\n<p>                                    <a class=\"fig-a11y-skip a11y-hidden\" href=\"#fig-a11y-skip-main-inarticle\"><br \/>\n        Passer la publicit\u00e9<br \/>\n    <\/a><\/p>\n<p class=\"fig-paragraph\">Parmi les pistes envisag\u00e9es, celle du selfie. L\u2019homme aurait pu se pencher un peu trop au moment de se prendre en photographie avec son t\u00e9l\u00e9phone, ce qui aurait provoqu\u00e9 sa fatale d\u00e9gringolade. D\u2019autres pistes, tel qu\u2019un malaise ou un geste volontaire, sont aussi \u00e9tudi\u00e9es.<\/p>\n","protected":false},"excerpt":{"rendered":"Arriv\u00e9s sur place, les secours n\u2019ont pu que constater le d\u00e9c\u00e8s du septuag\u00e9naire. Une enqu\u00eate a \u00e9t\u00e9 ouverte&hellip;\n","protected":false},"author":2,"featured_media":489070,"comment_status":"","ping_status":"","sticky":false,"template":"","format":"standard","meta":{"footnotes":""},"categories":[5],"tags":[119,11,1011,27,14,12,9711,3499,28],"class_list":{"0":"post-489069","1":"post","2":"type-post","3":"status-publish","4":"format-standard","5":"has-post-thumbnail","7":"category-international","8":"tag-accident","9":"tag-actualites","10":"tag-fr","11":"tag-france","12":"tag-international","13":"tag-news","14":"tag-pantheon","15":"tag-rome","16":"tag-world"},"share_on_mastodon":{"url":"https:\/\/pubeurope.com\/@fr\/115434923266686893","error":""},"_links":{"self":[{"href":"https:\/\/www.europesays.com\/fr\/wp-json\/wp\/v2\/posts\/489069","targetHints":{"allow":["GET"]}}],"collection":[{"href":"https:\/\/www.europesays.com\/fr\/wp-json\/wp\/v2\/posts"}],"about":[{"href":"https:\/\/www.europesays.com\/fr\/wp-json\/wp\/v2\/types\/post"}],"author":[{"embeddable":true,"href":"https:\/\/www.europesays.com\/fr\/wp-json\/wp\/v2\/users\/2"}],"replies":[{"embeddable":true,"href":"https:\/\/www.europesays.com\/fr\/wp-json\/wp\/v2\/comments?post=489069"}],"version-history":[{"count":0,"href":"https:\/\/www.europesays.com\/fr\/wp-json\/wp\/v2\/posts\/489069\/revisions"}],"wp:featuredmedia":[{"embeddable":true,"href":"https:\/\/www.europesays.com\/fr\/wp-json\/wp\/v2\/media\/489070"}],"wp:attachment":[{"href":"https:\/\/www.europesays.com\/fr\/wp-json\/wp\/v2\/media?parent=489069"}],"wp:term":[{"taxonomy":"category","embeddable":true,"href":"https:\/\/www.europesays.com\/fr\/wp-json\/wp\/v2\/categories?post=489069"},{"taxonomy":"post_tag","embeddable":true,"href":"https:\/\/www.europesays.com\/fr\/wp-json\/wp\/v2\/tags?post=489069"}],"curies":[{"name":"wp","href":"https:\/\/api.w.org\/{rel}","templated":true}]}}