{"id":489071,"date":"2025-10-25T12:58:11","date_gmt":"2025-10-25T12:58:11","guid":{"rendered":"https:\/\/www.europesays.com\/fr\/489071\/"},"modified":"2025-10-25T12:58:11","modified_gmt":"2025-10-25T12:58:11","slug":"un-adolescent-perd-la-vie-apres-avoir-chute-dans-un-cours-deau-a-briancon","status":"publish","type":"post","link":"https:\/\/www.europesays.com\/fr\/489071\/","title":{"rendered":"Un adolescent perd la vie apr\u00e8s avoir chut\u00e9 dans un cours d&rsquo;eau \u00e0 Brian\u00e7on"},"content":{"rendered":"<p>Son corps sans vie a \u00e9t\u00e9 retrouv\u00e9 par les secouristes. Ce samedi 25\u00a0octobre 2025, \u00e0 <a href=\"https:\/\/www.laprovence.com\/article\/region\/6492432290672414\/briancon-est-la-ville-qui-offre-la-meilleure-qualite-de-vie-dans-les-alpes-du-sud-selon-un-classement\" target=\"_blank\" rel=\"nofollow noopener\">Brian\u00e7on<\/a>, dans les Hautes-Alpes, un mineur qui avait chut\u00e9 la veille dans un cours d\u2019eau a \u00e9t\u00e9 retrouv\u00e9 mort, indiquent les services de la pr\u00e9fecture. La malheureux a \u00e9t\u00e9 d\u00e9couvert dans la Durance .<\/p>\n<p>Une chute dans la Cerveyrette<\/p>\n<p>Le vendredi 24 octobre 2025, \u00e0 19h16, le Centre op\u00e9rationnel d\u00e9partemental d\u2019incendie et de secours (CODIS) des Hautes-Alpes avait en effet re\u00e7u un appel d\u2019urgence signalant la chute d\u2019un mineur dans un cours d\u2019eau, \u00e0 Brian\u00e7on. Un adolescent de 14 ans, disparu dans la rivi\u00e8re la Cerveyrette.<\/p>\n<p>\u00ab\u00a0D\u2019importants moyens de secours ont \u00e9t\u00e9 engag\u00e9s par les sapeurs-pompiers avec des sauveteurs en eau vive et deux \u00e9quipes cynophiles, rapidement rejoints par les forces de l\u2019ordre \u2013 police municipale, police nationale et gendarmerie \u2013 afin de participer aux op\u00e9rations de recherche\u00a0\u00bb, d\u00e9taillent les services de la pr\u00e9fecture dans un communiqu\u00e9.<\/p>\n<p>Une recherche par drone a notamment \u00e9t\u00e9 mise en \u0153uvre pour tenter de localiser la victime.<\/p>\n<p>\u00ab\u00a0La sous-pr\u00e9f\u00e8te et le maire de Brian\u00e7on se sont rendus sur place dans la soir\u00e9e pour soutenir les \u00e9quipes de recherche et la famille pendant le d\u00e9roulement des op\u00e9rations\u00a0\u00bb, est-il encore pr\u00e9cis\u00e9 par les autorit\u00e9s prefectorales. Un total de 22 sapeurs-pompiers, 13 gendarmes et 11 policiers se sont ainsi relay\u00e9s d\u00e8s le d\u00e9but de soir\u00e9e pour mener ces recherches.<\/p>\n<p>\u00ab\u00a0Ce samedi 25\u00a0octobre au matin, la CRS Alpes de Brian\u00e7on a engag\u00e9 un h\u00e9licopt\u00e8re, permettant de localiser la victime retrouv\u00e9e sans vie et d\u00e9clar\u00e9e d\u00e9c\u00e9d\u00e9e\u00a0\u00bb, ajoutent les services de la pr\u00e9fecture, qui pr\u00e9cisent que le pr\u00e9fet des Hautes-Alpes, Philippe Bailb\u00e9, rappelle que \u00ab\u00a0les berges et abords des cours d\u2019eau pr\u00e9sentent des dangers, notamment en p\u00e9riode de forte pluviom\u00e9trie ou de courant soutenu\u00a0\u00bb, appelant \u00ab\u00a0chacun \u00e0 faire preuve de la plus grande prudence lors des activit\u00e9s \u00e0 proximit\u00e9 des rivi\u00e8res et torrents du d\u00e9partement.\u00a0\u00bb<\/p>\n<p>\u00ab\u00a0Une enqu\u00eate a \u00e9t\u00e9 confi\u00e9e \u00e0 la CSP Brian\u00e7on\u00a0\u00bb, indique Marion Lozac&rsquo;hmeur, procureure de la R\u00e9publique au\u00a0Tribunal Judiciaire de Gap. \u00ab\u00a0Les recherches ont mobilis\u00e9 les services de police, de gendarmerie et les sapeurs-pompiers, poursuit la magistrate. Une autopsie sera diligent\u00e9e dans le semaine et l&rsquo;enqu\u00eate vise \u00e0 comprendre les circonstances du drame.\u00a0\u00bb<\/p>\n","protected":false},"excerpt":{"rendered":"Son corps sans vie a \u00e9t\u00e9 retrouv\u00e9 par les secouristes. Ce samedi 25\u00a0octobre 2025, \u00e0 Brian\u00e7on, dans les&hellip;\n","protected":false},"author":2,"featured_media":489072,"comment_status":"","ping_status":"","sticky":false,"template":"","format":"standard","meta":{"footnotes":""},"categories":[4],"tags":[17,11,1084,150,6661,837,1446,274,1011,27,12,1439,25,4717],"class_list":{"0":"post-489071","1":"post","2":"type-post","3":"status-publish","4":"format-standard","5":"has-post-thumbnail","7":"category-france","8":"tag-17","9":"tag-actualites","10":"tag-adolescent","11":"tag-apres","12":"tag-avoir","13":"tag-chute","14":"tag-dans","15":"tag-faits-divers-justice","16":"tag-fr","17":"tag-france","18":"tag-news","19":"tag-perd","20":"tag-republique-francaise","21":"tag-vie"},"share_on_mastodon":{"url":"https:\/\/pubeurope.com\/@fr\/115434927326445236","error":""},"_links":{"self":[{"href":"https:\/\/www.europesays.com\/fr\/wp-json\/wp\/v2\/posts\/489071","targetHints":{"allow":["GET"]}}],"collection":[{"href":"https:\/\/www.europesays.com\/fr\/wp-json\/wp\/v2\/posts"}],"about":[{"href":"https:\/\/www.europesays.com\/fr\/wp-json\/wp\/v2\/types\/post"}],"author":[{"embeddable":true,"href":"https:\/\/www.europesays.com\/fr\/wp-json\/wp\/v2\/users\/2"}],"replies":[{"embeddable":true,"href":"https:\/\/www.europesays.com\/fr\/wp-json\/wp\/v2\/comments?post=489071"}],"version-history":[{"count":0,"href":"https:\/\/www.europesays.com\/fr\/wp-json\/wp\/v2\/posts\/489071\/revisions"}],"wp:featuredmedia":[{"embeddable":true,"href":"https:\/\/www.europesays.com\/fr\/wp-json\/wp\/v2\/media\/489072"}],"wp:attachment":[{"href":"https:\/\/www.europesays.com\/fr\/wp-json\/wp\/v2\/media?parent=489071"}],"wp:term":[{"taxonomy":"category","embeddable":true,"href":"https:\/\/www.europesays.com\/fr\/wp-json\/wp\/v2\/categories?post=489071"},{"taxonomy":"post_tag","embeddable":true,"href":"https:\/\/www.europesays.com\/fr\/wp-json\/wp\/v2\/tags?post=489071"}],"curies":[{"name":"wp","href":"https:\/\/api.w.org\/{rel}","templated":true}]}}